{"id":14526,"date":"2025-06-02T15:40:31","date_gmt":"2025-06-02T19:40:31","guid":{"rendered":"https:\/\/agromt.news\/?p=14526"},"modified":"2025-06-02T15:40:31","modified_gmt":"2025-06-02T19:40:31","slug":"cotacoes-do-milho-devem-seguir-em-baixa-no-curto-prazo-existem-fatores-de-sustentacao","status":"publish","type":"post","link":"https:\/\/agromt.news\/?p=14526","title":{"rendered":"Cota\u00e7\u00f5es do milho devem seguir em baixa no curto prazo? Existem fatores de sustenta\u00e7\u00e3o"},"content":{"rendered":"<p> <br \/>\n<br \/><img decoding=\"async\" src=\"https:\/\/agromt.news\/wp-content\/uploads\/2024\/12\/condicoes-favoraveis-no-plantio-deixam-precos-em-baixa-mas-isso.jpg\" \/><\/p>\n<div>\n<p>O mercado brasileiro de milho segue pressionado por uma combina\u00e7\u00e3o de oferta crescente e demanda mais contida. <\/p>\n<p>O desenvolvimento positivo da safrinha junto ao in\u00edcio da colheita da primeira safra eleva a disponibilidade do gr\u00e3o amarelo, o que deve continuar pressionando os pre\u00e7os em praticamente todo o Brasil.<\/p>\n<p>Nesse intervalo, a demanda interna se manteve est\u00e1vel, com compradores mais cautelosos aguardando oportunidades melhores de compra. <\/p>\n<p>Os setores de etanol e ra\u00e7\u00e3o seguem ativos nas aquisi\u00e7\u00f5es e ajudaram a limitar uma queda ainda maior nas cota\u00e7\u00f5es. Contudo, esse apetite n\u00e3o foi suficiente para reverter a tend\u00eancia de baixa.<\/p>\n<\/div>\n<div>\n<p>No mercado internacional, os pre\u00e7os em Chicago tamb\u00e9m recuaram. A principal press\u00e3o veio do bom avan\u00e7o do plantio nos <strong><a href=\"https:\/\/www.canalrural.com.br\/tag\/estados-unidos\/\">Estados Unidos<\/a><\/strong> e do volume mais fraco nas vendas externas. Com isso, o contrato de julho encerrou a semana anterior a US$ 4,44\/bushel, patamar que reflete o cen\u00e1rio de baixa.<\/p>\n<h2 class=\"wp-block-heading\" id=\"h-o-que-esperar-do-mercado-do-milho\">O que esperar do mercado do milho?<\/h2>\n<p>A plataforma <strong><a href=\"https:\/\/www.graodireto.com.br\/\">Gr\u00e3o Direto<\/a><\/strong> tra\u00e7a an\u00e1lises sobre o que esperar do mercado de milho em cada semana. Veja o que est\u00e1 no radar:<\/p>\n<ul class=\"wp-block-list\">\n<li><strong>Oferta e pre\u00e7os:<\/strong> a oferta elevada de milho tende a continuar impactando negativamente os pre\u00e7os, especialmente enquanto os compradores mantiverem uma postura mais retra\u00edda. Apesar disso, setores como o de etanol e ra\u00e7\u00e3o devem seguir contribuindo para dar sustenta\u00e7\u00e3o ao mercado, principalmente em momentos pontuais de queda mais acentuada. \u201cA demanda, ainda que est\u00e1vel, pode exercer um papel relevante na conten\u00e7\u00e3o de movimentos mais agressivos de baixa.\u201d<\/li>\n<li><strong>Relat\u00f3rio USDA:<\/strong> no cen\u00e1rio externo, o mercado est\u00e1 atento ao relat\u00f3rio de oferta e demanda produzido pelo Departamento de Agricultura dos Estados Unidos (USDA), a ser divulgado em 12 de junho. Tais n\u00fameros podem trazer nova volatilidade aos contratos futuros. O clima nas regi\u00f5es produtoras norte-americanas seguir\u00e1 no radar, sendo um dos principais indicadores dos pre\u00e7os internacionais nas pr\u00f3ximas semanas.<\/li>\n<li><strong>D\u00f3lar e macroeconomia:<\/strong> a moeda norte-americana segue em trajet\u00f3ria de enfraquecimento global, refletindo tanto dados econ\u00f4micos internos dos Estados Unidos quanto o tom mais diplom\u00e1tico entre as principais economias globais. A melhora na rela\u00e7\u00e3o comercial entre norte-americanos e chineses reduziu o n\u00edvel de avers\u00e3o ao risco no mercado internacional, favorecendo moedas emergentes como o real.<\/li>\n<\/ul>\n<p>\u201cPara o agroneg\u00f3cio, a valoriza\u00e7\u00e3o do real reduz a competitividade das exporta\u00e7\u00f5es brasileiras, tornando os produtos menos atrativos no exterior. Por outro lado, o c\u00e2mbio mais favor\u00e1vel pode ajudar a melhorar as condi\u00e7\u00f5es de compra de insumos e implementos agr\u00edcolas, o que \u00e9 positivo para o planejamento da pr\u00f3xima safra\u201d, conclui a plataforma, em nota.<\/p>\n<\/p><\/div>\n<p><br \/>\n<br \/><a href=\"https:\/\/www.canalrural.com.br\/agricultura\/cotacoes-do-milho-devem-seguir-em-baixa-no-curto-prazo-existem-fatores-de-sustentacao\/\">Source link <\/a><\/p>\n","protected":false},"excerpt":{"rendered":"<p>O mercado brasileiro de milho segue pressionado por uma combina\u00e7\u00e3o de oferta crescente e demanda mais contida. O desenvolvimento positivo<\/p>\n","protected":false},"author":1,"featured_media":12725,"comment_status":"open","ping_status":"open","sticky":false,"template":"","format":"standard","meta":{"_monsterinsights_skip_tracking":false,"_monsterinsights_sitenote_active":false,"_monsterinsights_sitenote_note":"","_monsterinsights_sitenote_category":0,"_uf_show_specific_survey":0,"_uf_disable_surveys":false,"footnotes":""},"categories":[1],"tags":[],"class_list":["post-14526","post","type-post","status-publish","format-standard","has-post-thumbnail","hentry","category-news"],"_links":{"self":[{"href":"https:\/\/agromt.news\/index.php?rest_route=\/wp\/v2\/posts\/14526"}],"collection":[{"href":"https:\/\/agromt.news\/index.php?rest_route=\/wp\/v2\/posts"}],"about":[{"href":"https:\/\/agromt.news\/index.php?rest_route=\/wp\/v2\/types\/post"}],"author":[{"embeddable":true,"href":"https:\/\/agromt.news\/index.php?rest_route=\/wp\/v2\/users\/1"}],"replies":[{"embeddable":true,"href":"https:\/\/agromt.news\/index.php?rest_route=%2Fwp%2Fv2%2Fcomments&post=14526"}],"version-history":[{"count":0,"href":"https:\/\/agromt.news\/index.php?rest_route=\/wp\/v2\/posts\/14526\/revisions"}],"wp:featuredmedia":[{"embeddable":true,"href":"https:\/\/agromt.news\/index.php?rest_route=\/wp\/v2\/media\/12725"}],"wp:attachment":[{"href":"https:\/\/agromt.news\/index.php?rest_route=%2Fwp%2Fv2%2Fmedia&parent=14526"}],"wp:term":[{"taxonomy":"category","embeddable":true,"href":"https:\/\/agromt.news\/index.php?rest_route=%2Fwp%2Fv2%2Fcategories&post=14526"},{"taxonomy":"post_tag","embeddable":true,"href":"https:\/\/agromt.news\/index.php?rest_route=%2Fwp%2Fv2%2Ftags&post=14526"}],"curies":[{"name":"wp","href":"https:\/\/api.w.org\/{rel}","templated":true}]}}