{"id":14518,"date":"2025-06-02T14:43:40","date_gmt":"2025-06-02T18:43:40","guid":{"rendered":"https:\/\/agromt.news\/?p=14518"},"modified":"2025-06-02T14:43:40","modified_gmt":"2025-06-02T18:43:40","slug":"feijao-carioca-e-feijao-preto-sofrem-queda-de-preco-em-maio","status":"publish","type":"post","link":"https:\/\/agromt.news\/?p=14518","title":{"rendered":"Feij\u00e3o-carioca e feij\u00e3o-preto sofrem queda de pre\u00e7o em maio"},"content":{"rendered":"<p> <br \/>\n<br \/><img decoding=\"async\" src=\"https:\/\/agromt.news\/wp-content\/uploads\/2025\/06\/Feijao-carioca-e-feijao-preto-sofrem-queda-de-preco-em-maio.jpg\" \/><\/p>\n<div>\n<p>Os pre\u00e7os do feij\u00e3o-carioca seguiram pressionados na \u00faltima semana de maio, enquanto os do feij\u00e3o-preto se sustentaram no per\u00edodo. De acordo com o <a href=\"https:\/\/www.canalrural.com.br\/tag\/cepea\/\">Centro de Estudos Avan\u00e7ados em Economia Aplicada (Cepea)<\/a>, a movimenta\u00e7\u00e3o se d\u00e1 diante da presen\u00e7a mais ativa de compradores.\u00a0<\/p>\n<p>Entretanto, a desvaloriza\u00e7\u00e3o foi geral em maio, tanto para o carioca quanto para o preto. Pesquisadores do Cepea ressaltam que, no caso da variedade do gr\u00e3o preto, o movimento de baixa foi verificado pelo oitavo m\u00eas consecutivo. Assim a press\u00e3o baixista vem sendo sentida desde outubro\/24, quando o centro de pesquisas iniciou a divulga\u00e7\u00e3o de pre\u00e7os do feij\u00e3o.\u00a0<\/p>\n<p>Pesquisadores do instituto indicam que at\u00e9 houve uma maior demanda para produtos de melhor qualidade. Mesmo assim, as cota\u00e7\u00f5es cederam em todas as regi\u00f5es pesquisadas, pressionadas pela perda de qualidade.\u00a0<\/p>\n<\/div>\n<div>\n<p>No campo, o Paran\u00e1, maior produtor brasileiro de feij\u00e3o-preto, espera uma colheita menor na segunda safra de 2024\/25. Segundo o Deral\/Seab, a previs\u00e3o \u00e9 de que produ\u00e7\u00e3o some 534 mil toneladas no estado, queda de 22% em rela\u00e7\u00e3o a 2023\/24.\u00a0<\/p>\n<p>Vale lembrar, contudo, que a primeira safra do estado atingiu 340,26 mil toneladas, volume 103% superior ao do mesmo per\u00edodo do ano anterior.<\/p>\n<p><em>*Sob supervis\u00e3o de Luis Roberto Toledo<\/em><\/p>\n<\/p><\/div>\n<p><br \/>\n<br \/><a href=\"https:\/\/www.canalrural.com.br\/agricultura\/feijao-carioca-e-feijao-preto-sofrem-queda-de-prco-em-maio\/\">Source link <\/a><\/p>\n","protected":false},"excerpt":{"rendered":"<p>Os pre\u00e7os do feij\u00e3o-carioca seguiram pressionados na \u00faltima semana de maio, enquanto os do feij\u00e3o-preto se sustentaram no per\u00edodo. De<\/p>\n","protected":false},"author":1,"featured_media":14519,"comment_status":"open","ping_status":"open","sticky":false,"template":"","format":"standard","meta":{"_monsterinsights_skip_tracking":false,"_monsterinsights_sitenote_active":false,"_monsterinsights_sitenote_note":"","_monsterinsights_sitenote_category":0,"_uf_show_specific_survey":0,"_uf_disable_surveys":false,"footnotes":""},"categories":[1],"tags":[],"class_list":["post-14518","post","type-post","status-publish","format-standard","has-post-thumbnail","hentry","category-news"],"_links":{"self":[{"href":"https:\/\/agromt.news\/index.php?rest_route=\/wp\/v2\/posts\/14518"}],"collection":[{"href":"https:\/\/agromt.news\/index.php?rest_route=\/wp\/v2\/posts"}],"about":[{"href":"https:\/\/agromt.news\/index.php?rest_route=\/wp\/v2\/types\/post"}],"author":[{"embeddable":true,"href":"https:\/\/agromt.news\/index.php?rest_route=\/wp\/v2\/users\/1"}],"replies":[{"embeddable":true,"href":"https:\/\/agromt.news\/index.php?rest_route=%2Fwp%2Fv2%2Fcomments&post=14518"}],"version-history":[{"count":0,"href":"https:\/\/agromt.news\/index.php?rest_route=\/wp\/v2\/posts\/14518\/revisions"}],"wp:featuredmedia":[{"embeddable":true,"href":"https:\/\/agromt.news\/index.php?rest_route=\/wp\/v2\/media\/14519"}],"wp:attachment":[{"href":"https:\/\/agromt.news\/index.php?rest_route=%2Fwp%2Fv2%2Fmedia&parent=14518"}],"wp:term":[{"taxonomy":"category","embeddable":true,"href":"https:\/\/agromt.news\/index.php?rest_route=%2Fwp%2Fv2%2Fcategories&post=14518"},{"taxonomy":"post_tag","embeddable":true,"href":"https:\/\/agromt.news\/index.php?rest_route=%2Fwp%2Fv2%2Ftags&post=14518"}],"curies":[{"name":"wp","href":"https:\/\/api.w.org\/{rel}","templated":true}]}}