{"id":14510,"date":"2025-06-02T11:45:09","date_gmt":"2025-06-02T15:45:09","guid":{"rendered":"https:\/\/agromt.news\/?p=14510"},"modified":"2025-06-02T11:45:09","modified_gmt":"2025-06-02T15:45:09","slug":"milho-sofre-recuo-com-a-colheita-da-segunda-safra-e-baixa-procura","status":"publish","type":"post","link":"https:\/\/agromt.news\/?p=14510","title":{"rendered":"Milho sofre recuo com a colheita da segunda safra e baixa procura"},"content":{"rendered":"<p> <br \/>\n<br \/><img decoding=\"async\" src=\"https:\/\/agromt.news\/wp-content\/uploads\/2024\/09\/precos-sobem-pela-quarta-semana-consecutiva.jpg\" \/><\/p>\n<div>\n<p>Os pre\u00e7os do milho seguem em queda no mercado dom\u00e9stico, de acordo com o <a href=\"https:\/\/www.canalrural.com.br\/tag\/cepea\/\">Centro de Estudos Avan\u00e7ados em Economia Aplicada (Cepea)<\/a>.\u00a0<\/p>\n<p>De acordo com o indicador do milho Esalq\/B3, que tem Campinas (SP) como base de refer\u00eancia, a saca de 60 kg de milho no \u00faltimo dia \u00fatil de maio atingiu R$ 68,95, uma varia\u00e7\u00e3o negativa dentro do m\u00eas de 13,95%.<\/p>\n<p>Com o aumento da oferta do cereal, a expectativa \u00e9 de que a disponibilidade continuar\u00e1 elevada nas pr\u00f3ximas semanas, segundo os pesquisadores da entidade. Esse aumento na oferta \u00e9 resultado do in\u00edcio da colheita da segunda safra.\u00a0<\/p>\n<\/div>\n<div>\n<p>O cen\u00e1rio contribui para manter os vendedores mais flex\u00edveis nos neg\u00f3cios e os consumidores mais afastados das aquisi\u00e7\u00f5es. Isso se d\u00e1 pois estes \u00faltimos compram apenas volumes para o curto prazo.\u00a0<\/p>\n<p>No in\u00edcio da semana passada, not\u00edcias indicando a possibilidade de geadas em parte das pra\u00e7as produtoras de milho at\u00e9 deram certo suporte aos valores, \u00e0 medida que deixou produtores cautelosos.\u00a0<\/p>\n<p>De qualquer forma, a perspectiva de ampla oferta no Brasil se sobrep\u00f5e e mant\u00e9m os valores em queda.<\/p>\n<p><em>*Sob supervis\u00e3o de Luis Roberto Toledo<\/em><\/p>\n<\/p><\/div>\n<p><br \/>\n<br \/><a href=\"https:\/\/www.canalrural.com.br\/diversos\/milho-sofre-recuo-com-a-colheita-da-segunda-safra-e-baixa-procura\/\">Source link <\/a><\/p>\n","protected":false},"excerpt":{"rendered":"<p>Os pre\u00e7os do milho seguem em queda no mercado dom\u00e9stico, de acordo com o Centro de Estudos Avan\u00e7ados em Economia<\/p>\n","protected":false},"author":1,"featured_media":1677,"comment_status":"open","ping_status":"open","sticky":false,"template":"","format":"standard","meta":{"_monsterinsights_skip_tracking":false,"_monsterinsights_sitenote_active":false,"_monsterinsights_sitenote_note":"","_monsterinsights_sitenote_category":0,"_uf_show_specific_survey":0,"_uf_disable_surveys":false,"footnotes":""},"categories":[1],"tags":[],"class_list":["post-14510","post","type-post","status-publish","format-standard","has-post-thumbnail","hentry","category-news"],"_links":{"self":[{"href":"https:\/\/agromt.news\/index.php?rest_route=\/wp\/v2\/posts\/14510"}],"collection":[{"href":"https:\/\/agromt.news\/index.php?rest_route=\/wp\/v2\/posts"}],"about":[{"href":"https:\/\/agromt.news\/index.php?rest_route=\/wp\/v2\/types\/post"}],"author":[{"embeddable":true,"href":"https:\/\/agromt.news\/index.php?rest_route=\/wp\/v2\/users\/1"}],"replies":[{"embeddable":true,"href":"https:\/\/agromt.news\/index.php?rest_route=%2Fwp%2Fv2%2Fcomments&post=14510"}],"version-history":[{"count":0,"href":"https:\/\/agromt.news\/index.php?rest_route=\/wp\/v2\/posts\/14510\/revisions"}],"wp:featuredmedia":[{"embeddable":true,"href":"https:\/\/agromt.news\/index.php?rest_route=\/wp\/v2\/media\/1677"}],"wp:attachment":[{"href":"https:\/\/agromt.news\/index.php?rest_route=%2Fwp%2Fv2%2Fmedia&parent=14510"}],"wp:term":[{"taxonomy":"category","embeddable":true,"href":"https:\/\/agromt.news\/index.php?rest_route=%2Fwp%2Fv2%2Fcategories&post=14510"},{"taxonomy":"post_tag","embeddable":true,"href":"https:\/\/agromt.news\/index.php?rest_route=%2Fwp%2Fv2%2Ftags&post=14510"}],"curies":[{"name":"wp","href":"https:\/\/api.w.org\/{rel}","templated":true}]}}