{"id":1451,"date":"2024-09-12T04:50:23","date_gmt":"2024-09-12T08:50:23","guid":{"rendered":"https:\/\/agromt.news\/?p=1451"},"modified":"2024-09-12T04:50:23","modified_gmt":"2024-09-12T08:50:23","slug":"cotacao-do-algodao-oscila-em-setembro-com-menor-oferta-e-negociacoes-limitadas","status":"publish","type":"post","link":"https:\/\/agromt.news\/?p=1451","title":{"rendered":"Cota\u00e7\u00e3o do algod\u00e3o oscila em setembro com menor oferta e negocia\u00e7\u00f5es limitadas"},"content":{"rendered":"<p> <br \/>\n<\/p>\n<div>\n<div class=\"row\">\n<div class=\"col-lg col-infos mt-3 mt-lg-0\">\n<div class=\"section-sub-title\">\n<p itemprop=\"description\">\nMercado interno de algod\u00e3o em pluma iniciou setembro com oscila\u00e7\u00f5es\n<\/p>\n<\/div>\n<div class=\"container\">\n<div class=\"row\">\n<div class=\"col-lg p-0\">\n<div>\n<div class=\"block-news-main-infos mt-3 text-start\">\n<strong class=\"fn\" itemprop=\"author\" style=\"color: rgb(112, 112, 112); \"><br \/>\n<a href=\"https:\/\/www.agrolink.com.br\/noticias\/javascript:;\" class=\"text-uppercase\" target=\"_blank\" style=\"color: rgb(112, 112, 112); \" rel=\"noopener\">Agrolink<\/a><br \/>\n&#8211; Aline Merladete<br \/>\n<\/strong><br \/>\n<br \/>\n<abbr><time datetime=\"2024-09-11T11:40\" itemprop=\"datePublished dateModified\">Publicado em 11\/09\/2024 \u00e0s 11:40h.<\/time><\/abbr>\n<\/div>\n<\/div>\n<\/div>\n<div class=\"col-lg p-0 text-lg-end\">\n<div>\n<div id=\"mdEnviarPagina\" class=\"modal fade\" role=\"dialog\">\n<div class=\"modal-dialog\">\n<div class=\"modal-content\">\n<div class=\"modal-body\">\n<p><strong>Estimado usu\u00e1rio.<\/strong><br \/>Preencha o formul\u00e1rio abaixo para remeter a p\u00e1gina.<\/p>\n<\/div>\n<\/div>\n<\/div>\n<\/div>\n<\/div>\n<\/div>\n<\/div>\n<\/div>\n<\/div>\n<\/div>\n<div class=\"row justify-content-md-center mt-3\">\n<div class=\"col-lg-auto col-image  block-news-main-image d-none d-md-block\">\n<img decoding=\"async\" src=\"https:\/\/www.agrolink.com.br\/upload\/imagens-resizes\/75d98c84a11044c6a014417a913c8e3d_858x483.jpg\" class=\"lazyload\"\/><br \/>\n<span class=\"publicity-photo d-block mt-1\">Foto: Pixabay<\/span>\n<\/div>\n<\/div>\n<div class=\"section-description section-description-noticias mt-3\">\n<p style=\"text-align:justify\">O mercado interno de <a href=\"https:\/\/www.agrolink.com.br\/culturas\/algodao\/\" target=\"_blank\" rel=\"noopener\">algod\u00e3o<\/a> em pluma iniciou setembro com oscila\u00e7\u00f5es nos pre\u00e7os, mostrando maior volatilidade. A dificuldade em acordar valores e qualidade dos lotes dispon\u00edveis no mercado spot tem limitado a liquidez das negocia\u00e7\u00f5es, o que reflete diretamente na din\u00e2mica do setor.\n<\/p>\n<p style=\"text-align:justify\">Segundo dados informados pelo Cepea, vendedores continuam priorizando a entrega de contratos a termo, tanto para o mercado interno quanto para o externo, o que reduz a oferta de novos lotes. Por outro lado, comerciantes est\u00e3o em busca de mais lotes para atender \u00e0s suas programa\u00e7\u00f5es, recorrendo, em alguns casos, a neg\u00f3cios \u201ccasados\u201d.\n<\/p>\n<p style=\"text-align:justify\">J\u00e1 no segmento de fios, agentes consultados indicam uma melhora nas negocia\u00e7\u00f5es, com uma demanda pontual para atender \u00e0 reposi\u00e7\u00e3o de estoques e \u00e0s necessidades imediatas do setor.<\/p>\n<\/div>\n<\/div>\n<p><script data-cfasync=\"false\">\n    !function (f, b, e, v, n, t, s) {\n        if (f.fbq) return; n = f.fbq = function () {\n            n.callMethod ?\n                n.callMethod.apply(n, arguments) : n.queue.push(arguments)\n        };\n        if (!f._fbq) f._fbq = n; n.push = n; n.loaded = !0; n.version = '2.0';\n        n.queue = []; t = b.createElement(e); t.async = !0;\n        t.src = v; s = b.getElementsByTagName(e)[0];\n        s.parentNode.insertBefore(t, s)\n    }(window, document, 'script',\n        'https:\/\/connect.facebook.net\/en_US\/fbevents.js');\n    fbq('init', '522546078623747');\n    fbq('track', 'PageView');\n<\/script><br \/>\n<br \/><br \/>\n<br \/><a href=\"https:\/\/www.agrolink.com.br\/noticias\/cotacao-do-algodao-oscila-em-setembro-com-menor-oferta-e-negociacoes-limitadas_494861.html\">Source link <\/a><\/p>\n","protected":false},"excerpt":{"rendered":"<p>Mercado interno de algod\u00e3o em pluma iniciou setembro com oscila\u00e7\u00f5es Agrolink &#8211; Aline Merladete Publicado em 11\/09\/2024 \u00e0s 11:40h. Estimado<\/p>\n","protected":false},"author":1,"featured_media":1452,"comment_status":"open","ping_status":"open","sticky":false,"template":"","format":"standard","meta":{"_monsterinsights_skip_tracking":false,"_monsterinsights_sitenote_active":false,"_monsterinsights_sitenote_note":"","_monsterinsights_sitenote_category":0,"_uf_show_specific_survey":0,"_uf_disable_surveys":false,"footnotes":""},"categories":[8,1,14],"tags":[],"class_list":["post-1451","post","type-post","status-publish","format-standard","has-post-thumbnail","hentry","category-agro","category-news","category-politica-agro"],"_links":{"self":[{"href":"https:\/\/agromt.news\/index.php?rest_route=\/wp\/v2\/posts\/1451"}],"collection":[{"href":"https:\/\/agromt.news\/index.php?rest_route=\/wp\/v2\/posts"}],"about":[{"href":"https:\/\/agromt.news\/index.php?rest_route=\/wp\/v2\/types\/post"}],"author":[{"embeddable":true,"href":"https:\/\/agromt.news\/index.php?rest_route=\/wp\/v2\/users\/1"}],"replies":[{"embeddable":true,"href":"https:\/\/agromt.news\/index.php?rest_route=%2Fwp%2Fv2%2Fcomments&post=1451"}],"version-history":[{"count":0,"href":"https:\/\/agromt.news\/index.php?rest_route=\/wp\/v2\/posts\/1451\/revisions"}],"wp:featuredmedia":[{"embeddable":true,"href":"https:\/\/agromt.news\/index.php?rest_route=\/wp\/v2\/media\/1452"}],"wp:attachment":[{"href":"https:\/\/agromt.news\/index.php?rest_route=%2Fwp%2Fv2%2Fmedia&parent=1451"}],"wp:term":[{"taxonomy":"category","embeddable":true,"href":"https:\/\/agromt.news\/index.php?rest_route=%2Fwp%2Fv2%2Fcategories&post=1451"},{"taxonomy":"post_tag","embeddable":true,"href":"https:\/\/agromt.news\/index.php?rest_route=%2Fwp%2Fv2%2Ftags&post=1451"}],"curies":[{"name":"wp","href":"https:\/\/api.w.org\/{rel}","templated":true}]}}