{"id":14509,"date":"2025-06-02T11:31:22","date_gmt":"2025-06-02T15:31:22","guid":{"rendered":"https:\/\/agromt.news\/?p=14509"},"modified":"2025-06-02T11:31:22","modified_gmt":"2025-06-02T15:31:22","slug":"uniao-europeia-envia-equipe-comercial-aos-eua-para-negociacoes","status":"publish","type":"post","link":"https:\/\/agromt.news\/?p=14509","title":{"rendered":"Uni\u00e3o Europeia envia equipe comercial aos EUA para negocia\u00e7\u00f5es"},"content":{"rendered":"<p> <br \/>\n<br \/><img decoding=\"async\" src=\"https:\/\/agromt.news\/wp-content\/uploads\/2024\/11\/Na-Franca-agricultores-fazem-mobilizacoes-contra-acordo-Mercosul-UE.jpg\" \/><\/p>\n<div>\n<p>A Uni\u00e3o Europeia (UE) enviou uma equipe t\u00e9cnica a Washington para negocia\u00e7\u00f5es comerciais com o governo do presidente dos <strong><a href=\"http:\/\/www.canalrural.com.br\/tag\/estados-unidos\/\">Estados Unidos<\/a><\/strong>, Donald Trump, disse um porta-voz europeu nesta segunda-feira (2). <\/p>\n<p>Segundo informa\u00e7\u00f5es, o comiss\u00e1rio para Com\u00e9rcio da UE, Maros Sefcovic, deve se reunir com o representante comercial dos EUA, Jamieson Greer, na Organiza\u00e7\u00e3o para a Coopera\u00e7\u00e3o e Desenvolvimento Econ\u00f4mico (OCDE), em Paris, na quarta-feira.<\/p>\n<\/div>\n<div>\n<p>No fim de semana, a UE alertou que o novo plano de Trump de dobrar as tarifas sobre o a\u00e7o para 50% poderia comprometer as negocia\u00e7\u00f5es entre as duas economias e desencadear tarifas retaliat\u00f3rias sobre produtos americanos. <\/p>\n<p>Hoje, o porta-voz reiterou o alerta, afirmando que os europeus est\u00e3o prontos para tomar contramedidas se \u201cnossas negocia\u00e7\u00f5es n\u00e3o levassem a um resultado equilibrado\u201d.<\/p>\n<\/p><\/div>\n<p><br \/>\n<br \/><a href=\"https:\/\/www.canalrural.com.br\/economia\/uniao-europeia-envia-equipe-comercial-aos-eua-para-negociacoes\/\">Source link <\/a><\/p>\n","protected":false},"excerpt":{"rendered":"<p>A Uni\u00e3o Europeia (UE) enviou uma equipe t\u00e9cnica a Washington para negocia\u00e7\u00f5es comerciais com o governo do presidente dos Estados<\/p>\n","protected":false},"author":1,"featured_media":5161,"comment_status":"open","ping_status":"open","sticky":false,"template":"","format":"standard","meta":{"_monsterinsights_skip_tracking":false,"_monsterinsights_sitenote_active":false,"_monsterinsights_sitenote_note":"","_monsterinsights_sitenote_category":0,"_uf_show_specific_survey":0,"_uf_disable_surveys":false,"footnotes":""},"categories":[1],"tags":[],"class_list":["post-14509","post","type-post","status-publish","format-standard","has-post-thumbnail","hentry","category-news"],"_links":{"self":[{"href":"https:\/\/agromt.news\/index.php?rest_route=\/wp\/v2\/posts\/14509"}],"collection":[{"href":"https:\/\/agromt.news\/index.php?rest_route=\/wp\/v2\/posts"}],"about":[{"href":"https:\/\/agromt.news\/index.php?rest_route=\/wp\/v2\/types\/post"}],"author":[{"embeddable":true,"href":"https:\/\/agromt.news\/index.php?rest_route=\/wp\/v2\/users\/1"}],"replies":[{"embeddable":true,"href":"https:\/\/agromt.news\/index.php?rest_route=%2Fwp%2Fv2%2Fcomments&post=14509"}],"version-history":[{"count":0,"href":"https:\/\/agromt.news\/index.php?rest_route=\/wp\/v2\/posts\/14509\/revisions"}],"wp:featuredmedia":[{"embeddable":true,"href":"https:\/\/agromt.news\/index.php?rest_route=\/wp\/v2\/media\/5161"}],"wp:attachment":[{"href":"https:\/\/agromt.news\/index.php?rest_route=%2Fwp%2Fv2%2Fmedia&parent=14509"}],"wp:term":[{"taxonomy":"category","embeddable":true,"href":"https:\/\/agromt.news\/index.php?rest_route=%2Fwp%2Fv2%2Fcategories&post=14509"},{"taxonomy":"post_tag","embeddable":true,"href":"https:\/\/agromt.news\/index.php?rest_route=%2Fwp%2Fv2%2Ftags&post=14509"}],"curies":[{"name":"wp","href":"https:\/\/api.w.org\/{rel}","templated":true}]}}