{"id":14506,"date":"2025-06-02T11:09:43","date_gmt":"2025-06-02T15:09:43","guid":{"rendered":"https:\/\/agromt.news\/?p=14506"},"modified":"2025-06-02T11:09:43","modified_gmt":"2025-06-02T15:09:43","slug":"mercado-do-feijao-segue-estavel","status":"publish","type":"post","link":"https:\/\/agromt.news\/?p=14506","title":{"rendered":"Mercado do feij\u00e3o segue est\u00e1vel"},"content":{"rendered":"<p> <br \/>\n<\/p>\n<div>\n<p>O mercado brasileiro de feij\u00f5es vive um momento de estabilidade com nuances regionais, segundo informa\u00e7\u00f5es divulgadas pelo Instituto Brasileiro de Feij\u00e3o e Pulses (IBRAFE) com base em dados do CEPEA. O cen\u00e1rio atual reflete um equil\u00edbrio entre oferta e demanda, embora apresente movimentos distintos em algumas pra\u00e7as do pa\u00eds.&#13;\n<\/p>\n<p>Na \u00faltima quarta-feira, Itapeva (SP) se destacou com uma expressiva valoriza\u00e7\u00e3o de 5,03% no pre\u00e7o do Feij\u00e3o 8\/8,5, que fechou cotado a R$ 232,27 \u2014 a maior alta registrada no dia. Lucas do Rio Verde (MT) tamb\u00e9m apresentou desempenho positivo, com aumento de 1,63%, alcan\u00e7ando R$ 200,72 para o mesmo tipo de gr\u00e3o.<\/p>\n<p>Por outro lado, algumas regi\u00f5es sentiram press\u00f5es negativas. O Noroeste de Minas teve queda de 2,61%, com pre\u00e7o m\u00e9dio de R$ 213,13. A Metade Sul do Paran\u00e1 tamb\u00e9m registrou leve retra\u00e7\u00e3o nas cota\u00e7\u00f5es, variando entre -0,41% e -0,49%, refletindo um mercado mais cauteloso por parte dos compradores.&#13;\n<\/p>\n<p>Outro ponto de aten\u00e7\u00e3o \u00e9 a escassez de feij\u00f5es nota 9, praticamente sem oferta no dia. No Noroeste de Minas, a refer\u00eancia se mant\u00e9m na faixa de R$ 280, enquanto em Itapeva (SP) chega a R$ 290 \u2014 por\u00e9m, essa \u00faltima \u00e9 considerada uma refer\u00eancia nominal, j\u00e1 que n\u00e3o h\u00e1 relatos concretos de negocia\u00e7\u00f5es efetivas nessa faixa de pre\u00e7o.<\/p>\n<p>\u201cEsses movimentos refletem um mercado que, embora aparentemente est\u00e1vel nas refer\u00eancias de pre\u00e7os, apresenta um volume reduzido de neg\u00f3cios nas fontes. Ontem \u00e0 noite, na Live, Marcelo L\u00fcders destacou que o fluxo previsto de Feij\u00e3o-carioca at\u00e9 o final do ano indica um volume final menor do que no ano passado. Ele salientou que, no mercado mundial, nada est\u00e1 definido, afinal as colheitas mais importantes ocorrer\u00e3o de maio em diante na Argentina e no M\u00e9xico, e nos Estados Unidos durante o segundo semestre\u201d, conclui.&#13;\n<\/p>\n<\/p><\/div>\n<p><script data-cfasync=\"false\">\n    !function (f, b, e, v, n, t, s) {\n        if (f.fbq) return; n = f.fbq = function () {\n            n.callMethod ?\n                n.callMethod.apply(n, arguments) : n.queue.push(arguments)\n        };\n        if (!f._fbq) f._fbq = n; n.push = n; n.loaded = !0; n.version = '2.0';\n        n.queue = []; t = b.createElement(e); t.async = !0;\n        t.src = v; s = b.getElementsByTagName(e)[0];\n        s.parentNode.insertBefore(t, s)\n    }(window, document, 'script',\n        'https:\/\/connect.facebook.net\/en_US\/fbevents.js');\n    fbq('init', '522546078623747');\n    fbq('track', 'PageView');\n<\/script><br \/>\n<br \/><br \/>\n<br \/><a href=\"https:\/\/www.agrolink.com.br\/noticias\/mercado-do-feijao-segue-estavel_502514.html\">Source link <\/a><\/p>\n","protected":false},"excerpt":{"rendered":"<p>O mercado brasileiro de feij\u00f5es vive um momento de estabilidade com nuances regionais, segundo informa\u00e7\u00f5es divulgadas pelo Instituto Brasileiro de<\/p>\n","protected":false},"author":1,"featured_media":3865,"comment_status":"open","ping_status":"open","sticky":false,"template":"","format":"standard","meta":{"_monsterinsights_skip_tracking":false,"_monsterinsights_sitenote_active":false,"_monsterinsights_sitenote_note":"","_monsterinsights_sitenote_category":0,"_uf_show_specific_survey":0,"_uf_disable_surveys":false,"footnotes":""},"categories":[8,1,14],"tags":[],"class_list":["post-14506","post","type-post","status-publish","format-standard","has-post-thumbnail","hentry","category-agro","category-news","category-politica-agro"],"_links":{"self":[{"href":"https:\/\/agromt.news\/index.php?rest_route=\/wp\/v2\/posts\/14506"}],"collection":[{"href":"https:\/\/agromt.news\/index.php?rest_route=\/wp\/v2\/posts"}],"about":[{"href":"https:\/\/agromt.news\/index.php?rest_route=\/wp\/v2\/types\/post"}],"author":[{"embeddable":true,"href":"https:\/\/agromt.news\/index.php?rest_route=\/wp\/v2\/users\/1"}],"replies":[{"embeddable":true,"href":"https:\/\/agromt.news\/index.php?rest_route=%2Fwp%2Fv2%2Fcomments&post=14506"}],"version-history":[{"count":0,"href":"https:\/\/agromt.news\/index.php?rest_route=\/wp\/v2\/posts\/14506\/revisions"}],"wp:featuredmedia":[{"embeddable":true,"href":"https:\/\/agromt.news\/index.php?rest_route=\/wp\/v2\/media\/3865"}],"wp:attachment":[{"href":"https:\/\/agromt.news\/index.php?rest_route=%2Fwp%2Fv2%2Fmedia&parent=14506"}],"wp:term":[{"taxonomy":"category","embeddable":true,"href":"https:\/\/agromt.news\/index.php?rest_route=%2Fwp%2Fv2%2Fcategories&post=14506"},{"taxonomy":"post_tag","embeddable":true,"href":"https:\/\/agromt.news\/index.php?rest_route=%2Fwp%2Fv2%2Ftags&post=14506"}],"curies":[{"name":"wp","href":"https:\/\/api.w.org\/{rel}","templated":true}]}}