{"id":14499,"date":"2025-06-02T09:47:45","date_gmt":"2025-06-02T13:47:45","guid":{"rendered":"https:\/\/agromt.news\/?p=14499"},"modified":"2025-06-02T09:47:45","modified_gmt":"2025-06-02T13:47:45","slug":"previsao-do-tempo-para-hoje-mostra-volta-chuva-e-ate-temporais-em-algumas-areas-confira","status":"publish","type":"post","link":"https:\/\/agromt.news\/?p=14499","title":{"rendered":"Previs\u00e3o do tempo para hoje mostra volta chuva e at\u00e9 temporais em algumas \u00e1reas; confira"},"content":{"rendered":"<p> <br \/>\n<\/p>\n<div>\n<p>Nesta segunda-feira (2), uma \u00e1rea de baixa press\u00e3o come\u00e7a a atuar sobre o Paraguai e estimula a forma\u00e7\u00e3o de nuvens carregadas no norte do <strong><a href=\"https:\/\/www.canalrural.com.br\/nacional\/rio-grande-do-sul\/\">Rio Grande do Sul<\/a><\/strong>, oeste de Santa Catarina e centro-oeste do Paran\u00e1. <\/p>\n<p>H\u00e1 alerta para temporais no extremo norte do Rio Grande do Sul, oeste de Santa Catarina e oeste e sudoeste do Paran\u00e1. <\/p>\n<p>Apesar do frio persistir durante a manh\u00e3, as temperaturas sobem gradativamente \u00e0 tarde. Em Florian\u00f3polis e Porto Alegre, o tempo segue firme, com predom\u00ednio de sol. H\u00e1 previs\u00e3o de geada na campanha ga\u00facha. <\/p>\n<p>No <strong>Sudeste<\/strong>, a infiltra\u00e7\u00e3o mar\u00edtima favorece o aumento da nebulosidade e organiza pancadas de chuva entre o leste de S\u00e3o Paulo, o sul do Rio de Janeiro e o leste e norte do Esp\u00edrito Santo. Nessas \u00e1reas, o dia ser\u00e1 de sol entre nuvens e possibilidade de chuva fraca a moderada.<\/p>\n<figure class=\"wp-block-image size-large\"><img fetchpriority=\"high\" decoding=\"async\" width=\"1024\" height=\"1024\" alt=\"\" class=\"wp-image-4103471\"  data-lazy- src=\"https:\/\/agromt.news\/wp-content\/uploads\/2025\/06\/Previsao-do-tempo-para-hoje-mostra-volta-chuva-e-ate.png\"\/><img decoding=\"async\" width=\"1024\" height=\"1024\" src=\"https:\/\/agromt.news\/wp-content\/uploads\/2025\/06\/Previsao-do-tempo-para-hoje-mostra-volta-chuva-e-ate.png\" alt=\"\" class=\"wp-image-4103471\"  \/><\/figure>\n<p>J\u00e1 no interior da regi\u00e3o, o tempo permanece mais aberto, sem previs\u00e3o de chuva e com tardes ligeiramente mais quentes. <\/p>\n<\/div>\n<div>\n<p>No <strong>Centro-Oeste<\/strong>, a migra\u00e7\u00e3o de um cavado (forte variabilidade dos ventos em altos n\u00edveis) sobre a regi\u00e3o favorece o retorno da chuva sobre o oeste, sudoeste e sul de Mato Grosso do Sul. O tempo volta a ficar inst\u00e1vel nessas \u00e1reas, e as temperaturas se mant\u00eam mais amenas. <\/p>\n<p>J\u00e1 em Goi\u00e1s e no norte de Mato Grosso, o sol predomina e o calor aumenta, acompanhado de ar mais seco. <\/p>\n<p>No <strong>Nordeste<\/strong>, pancadas de chuva moderadas atingem do sul da Bahia ao litoral leste do Rio Grande do Norte, enquanto h\u00e1 risco de temporais em Sergipe e Alagoas, inclusive nas capitais. <\/p>\n<p>A umidade vinda do oceano estimula nuvens mais carregadas no litoral do Maranh\u00e3o, onde pode chover forte em diversos momentos do dia. No interior da regi\u00e3o, o tempo seco e o calor continuam predominando, com destaque para os baixos n\u00edveis de umidade no sul do Piau\u00ed e no norte da Bahia. <\/p>\n<p>Na regi\u00e3o <strong>Norte<\/strong>, o sol aparece entre muitas nuvens e h\u00e1 previs\u00e3o de chuva a qualquer momento no norte do Amazonas, noroeste e faixa litor\u00e2nea do Par\u00e1, al\u00e9m de Roraima e Amap\u00e1. Nesses locais, pode chover com moderada a forte intensidade. <\/p>\n<p>Em contraste, o tempo firme segue predominando na faixa sul da regi\u00e3o, incluindo \u00e1reas do Acre, Rond\u00f4nia e sul do Amazonas.<\/p>\n<div data-icp-cta=\"1\" id=\"icp-cta-unique\">Voc\u00ea quer entender como usar o clima a seu favor?<b> <\/b><a href=\"https:\/\/climacampo.canalrural.com.br\/climacampo_-01\">Preparamos um e-book exclusivo<\/a> para ajudar produtores rurais a se antecipar \u00e0s mudan\u00e7as do tempo e planejar melhor suas a\u00e7\u00f5es. Com base em previs\u00f5es meteorol\u00f3gicas confi\u00e1veis, ele oferece orienta\u00e7\u00f5es pr\u00e1ticas para proteger sua lavoura e otimizar seus resultados.<\/div>\n<\/div>\n<p><br \/>\n<br \/><a href=\"https:\/\/www.canalrural.com.br\/tempo\/previsao-do-tempo-para-hoje-mostra-volta-chuva-e-ate-temporais-em-algumas-areas-confira\/\">Source link <\/a><\/p>\n","protected":false},"excerpt":{"rendered":"<p>Nesta segunda-feira (2), uma \u00e1rea de baixa press\u00e3o come\u00e7a a atuar sobre o Paraguai e estimula a forma\u00e7\u00e3o de nuvens<\/p>\n","protected":false},"author":1,"featured_media":12168,"comment_status":"open","ping_status":"open","sticky":false,"template":"","format":"standard","meta":{"_monsterinsights_skip_tracking":false,"_monsterinsights_sitenote_active":false,"_monsterinsights_sitenote_note":"","_monsterinsights_sitenote_category":0,"_uf_show_specific_survey":0,"_uf_disable_surveys":false,"footnotes":""},"categories":[1],"tags":[],"class_list":["post-14499","post","type-post","status-publish","format-standard","has-post-thumbnail","hentry","category-news"],"_links":{"self":[{"href":"https:\/\/agromt.news\/index.php?rest_route=\/wp\/v2\/posts\/14499"}],"collection":[{"href":"https:\/\/agromt.news\/index.php?rest_route=\/wp\/v2\/posts"}],"about":[{"href":"https:\/\/agromt.news\/index.php?rest_route=\/wp\/v2\/types\/post"}],"author":[{"embeddable":true,"href":"https:\/\/agromt.news\/index.php?rest_route=\/wp\/v2\/users\/1"}],"replies":[{"embeddable":true,"href":"https:\/\/agromt.news\/index.php?rest_route=%2Fwp%2Fv2%2Fcomments&post=14499"}],"version-history":[{"count":0,"href":"https:\/\/agromt.news\/index.php?rest_route=\/wp\/v2\/posts\/14499\/revisions"}],"wp:featuredmedia":[{"embeddable":true,"href":"https:\/\/agromt.news\/index.php?rest_route=\/wp\/v2\/media\/12168"}],"wp:attachment":[{"href":"https:\/\/agromt.news\/index.php?rest_route=%2Fwp%2Fv2%2Fmedia&parent=14499"}],"wp:term":[{"taxonomy":"category","embeddable":true,"href":"https:\/\/agromt.news\/index.php?rest_route=%2Fwp%2Fv2%2Fcategories&post=14499"},{"taxonomy":"post_tag","embeddable":true,"href":"https:\/\/agromt.news\/index.php?rest_route=%2Fwp%2Fv2%2Ftags&post=14499"}],"curies":[{"name":"wp","href":"https:\/\/api.w.org\/{rel}","templated":true}]}}