{"id":14498,"date":"2025-06-02T09:13:34","date_gmt":"2025-06-02T13:13:34","guid":{"rendered":"https:\/\/agromt.news\/?p=14498"},"modified":"2025-06-02T09:13:34","modified_gmt":"2025-06-02T13:13:34","slug":"biologicos-deixam-de-ser-alternativa-e-se-tornam-estrategia","status":"publish","type":"post","link":"https:\/\/agromt.news\/?p=14498","title":{"rendered":"Biol\u00f3gicos deixam de ser alternativa e se tornam estrat\u00e9gia"},"content":{"rendered":"<p> <br \/>\n<\/p>\n<div>\n<div class=\"row\">\n<div class=\"col-lg col-infos mt-0 mt-lg-0\">\n<div class=\"section-sub-title\">\n<p itemprop=\"description\">&#13;<br \/>\n                                O uso de biol\u00f3gicos representa uma maneira de equilibrar o ambiente&#13;\n                            <\/p>\n<\/p><\/div>\n<div class=\"container\">\n<div class=\"row\">\n<div class=\"col-lg p-0\">\n<div>\n<div class=\"block-news-main-infos mt-3 text-start\">\n<p>                                            <strong class=\"fn\" itemprop=\"author\" style=\"color: rgb(112, 112, 112); \">&#13;<br \/>\n                                                <a href=\"https:\/\/www.agrolink.com.br\/noticias\/javascript:;\" class=\"text-uppercase\" target=\"_blank\" style=\"color: rgb(112, 112, 112); \" rel=\"noopener\">Agrolink<\/a>&#13;<br \/>\n&#13;<br \/>\n                                                    &#8211; Leonardo Gottems&#13;<br \/>\n&#13;<br \/>\n                                            <\/strong><br \/>\n                                        <\/p>\n<p>                                            <abbr><time datetime=\"2025-06-02T06:49\" itemprop=\"datePublished dateModified\">Publicado em 02\/06\/2025 \u00e0s 06:49h.<\/time><\/abbr><br \/>\n                                            <\/p><\/div>\n<\/p><\/div>\n<\/p><\/div>\n<div class=\"col-lg p-0 text-lg-end\">\n<div>\n<div id=\"mdEnviarPagina\" class=\"modal fade\" role=\"dialog\">\n<div class=\"modal-dialog\">\n<div class=\"modal-content\">\n<div class=\"modal-body\">\n<p><strong>Estimado usu\u00e1rio.<\/strong><br \/>Preencha o formul\u00e1rio abaixo para remeter a p\u00e1gina.<\/p>\n<\/p><\/div>\n<\/p><\/div>\n<\/p><\/div>\n<\/div><\/div>\n<\/p><\/div>\n<\/p><\/div>\n<\/p><\/div>\n<\/p><\/div>\n<\/p><\/div>\n<div class=\"row justify-content-md-center mt-3\">\n<div class=\"col-lg-auto col-image block-news-main-image\">\n<p>                                <img decoding=\"async\" src=\"https:\/\/www.agrolink.com.br\/upload\/imagens-resizes\/dd53e1f487bd4433aff70f5b2e106d99_858x483.jpg\" class=\"lazyload img-fluid\" alt=\"O uso de biol\u00f3gicos representa uma maneira de equilibrar o ambiente\"\/><br \/>\n                                                <span class=\"d-block mt-1\">O uso de biol\u00f3gicos representa uma maneira de equilibrar o ambiente &#8211; Foto: Nadia Borges<\/span><\/p><\/div>\n<\/p><\/div>\n<div class=\"section-description section-description-noticias mt-3\">\n<p>O uso de agentes biol\u00f3gicos na agricultura deixou de ser uma op\u00e7\u00e3o e se consolidou como uma estrat\u00e9gia indispens\u00e1vel para quem busca produtividade, sustentabilidade e economia. De acordo com a MyFarm, produtores est\u00e3o adotando bioinsumos como fungos, insetos, bionematicidas e bioestimulantes porque eles entregam resultados claros: menor perda, menor custo e menos risco para a lavoura.&#13;\n<\/p>\n<p>Mais do que controlar pragas, o uso de biol\u00f3gicos representa uma maneira de equilibrar o ambiente, atender \u00e0s exig\u00eancias de um mercado cada vez mais atento \u00e0 sustentabilidade e, ao mesmo tempo, manter altos n\u00edveis de produtividade. Na soja, por exemplo, o manejo correto \u00e9 decisivo. A produ\u00e7\u00e3o cresce, mas os desafios permanecem, especialmente nas \u00e1reas em sucess\u00e3o com milho, algod\u00e3o, trigo e feij\u00e3o, onde pragas e doen\u00e7as continuam sendo uma amea\u00e7a constante.<\/p>\n<p>Al\u00e9m de reduzirem a necessidade de defensivos qu\u00edmicos, os biol\u00f3gicos garantem mais seguran\u00e7a para o solo, para o trabalhador e para o consumidor. Quando aplicados de forma correta, eles se estabelecem na lavoura, promovem equil\u00edbrio biol\u00f3gico e reduzem significativamente os custos com insumos.&#13;\n<\/p>\n<p>A tecnologia dos biol\u00f3gicos vai muito al\u00e9m do controle de pragas. Ela inclui bionematicidas, bioestimulantes, condicionadores de solo, indutores de raiz e redutores de estresse oxidativo. O resultado \u00e9 percebido tanto no campo quanto na imagem do produtor, que entrega uma soja mais limpa, sustent\u00e1vel e alinhada \u00e0s exig\u00eancias do mercado atual. As informa\u00e7\u00f5es foram publicadas no perfil oficial da empresa no LinkedIn.<br \/>&#13;<br \/>\n\u00a0<\/p>\n<\/p><\/div>\n<\/p><\/div>\n<p><script data-cfasync=\"false\">\n    !function (f, b, e, v, n, t, s) {\n        if (f.fbq) return; n = f.fbq = function () {\n            n.callMethod ?\n                n.callMethod.apply(n, arguments) : n.queue.push(arguments)\n        };\n        if (!f._fbq) f._fbq = n; n.push = n; n.loaded = !0; n.version = '2.0';\n        n.queue = []; t = b.createElement(e); t.async = !0;\n        t.src = v; s = b.getElementsByTagName(e)[0];\n        s.parentNode.insertBefore(t, s)\n    }(window, document, 'script',\n        'https:\/\/connect.facebook.net\/en_US\/fbevents.js');\n    fbq('init', '522546078623747');\n    fbq('track', 'PageView');\n<\/script><br \/>\n<br \/><br \/>\n<br \/><a href=\"https:\/\/www.agrolink.com.br\/noticias\/biologicos-deixam-de-ser-alternativa-e-se-tornam-estrategia_502515.html\">Source link <\/a><\/p>\n","protected":false},"excerpt":{"rendered":"<p>&#13; O uso de biol\u00f3gicos representa uma maneira de equilibrar o ambiente&#13; &#13; Agrolink&#13; &#13; &#8211; Leonardo Gottems&#13; &#13; Publicado<\/p>\n","protected":false},"author":1,"featured_media":2233,"comment_status":"open","ping_status":"open","sticky":false,"template":"","format":"standard","meta":{"_monsterinsights_skip_tracking":false,"_monsterinsights_sitenote_active":false,"_monsterinsights_sitenote_note":"","_monsterinsights_sitenote_category":0,"_uf_show_specific_survey":0,"_uf_disable_surveys":false,"footnotes":""},"categories":[8,1,14],"tags":[],"class_list":["post-14498","post","type-post","status-publish","format-standard","has-post-thumbnail","hentry","category-agro","category-news","category-politica-agro"],"_links":{"self":[{"href":"https:\/\/agromt.news\/index.php?rest_route=\/wp\/v2\/posts\/14498"}],"collection":[{"href":"https:\/\/agromt.news\/index.php?rest_route=\/wp\/v2\/posts"}],"about":[{"href":"https:\/\/agromt.news\/index.php?rest_route=\/wp\/v2\/types\/post"}],"author":[{"embeddable":true,"href":"https:\/\/agromt.news\/index.php?rest_route=\/wp\/v2\/users\/1"}],"replies":[{"embeddable":true,"href":"https:\/\/agromt.news\/index.php?rest_route=%2Fwp%2Fv2%2Fcomments&post=14498"}],"version-history":[{"count":0,"href":"https:\/\/agromt.news\/index.php?rest_route=\/wp\/v2\/posts\/14498\/revisions"}],"wp:featuredmedia":[{"embeddable":true,"href":"https:\/\/agromt.news\/index.php?rest_route=\/wp\/v2\/media\/2233"}],"wp:attachment":[{"href":"https:\/\/agromt.news\/index.php?rest_route=%2Fwp%2Fv2%2Fmedia&parent=14498"}],"wp:term":[{"taxonomy":"category","embeddable":true,"href":"https:\/\/agromt.news\/index.php?rest_route=%2Fwp%2Fv2%2Fcategories&post=14498"},{"taxonomy":"post_tag","embeddable":true,"href":"https:\/\/agromt.news\/index.php?rest_route=%2Fwp%2Fv2%2Ftags&post=14498"}],"curies":[{"name":"wp","href":"https:\/\/api.w.org\/{rel}","templated":true}]}}