{"id":14491,"date":"2025-06-01T18:39:40","date_gmt":"2025-06-01T22:39:40","guid":{"rendered":"https:\/\/agromt.news\/?p=14491"},"modified":"2025-06-01T18:39:40","modified_gmt":"2025-06-01T22:39:40","slug":"agricultura-familiar-beneficia-178-mil-pessoas-em-instituicoes-sociais-no-para","status":"publish","type":"post","link":"https:\/\/agromt.news\/?p=14491","title":{"rendered":"Agricultura familiar beneficia 178 mil pessoas em institui\u00e7\u00f5es sociais no Par\u00e1"},"content":{"rendered":"<p> <br \/>\n<br \/><img decoding=\"async\" src=\"https:\/\/agromt.news\/wp-content\/uploads\/2025\/02\/alimento.jpg\" \/><\/p>\n<div>\n<p>Mais de 500 produtores rurais do nordeste do Par\u00e1, sendo a maioria mulheres, foram inseridos no Programa de Aquisi\u00e7\u00e3o de Alimentos (PAA) com o apoio do <strong><a href=\"http:\/\/www.canalrural.com.br\/tag\/sebrae\/\">Sebrae<\/a><\/strong>-PA. A iniciativa j\u00e1 movimentou quase R$ 9 milh\u00f5es em neg\u00f3cios, com vendas diretas para institui\u00e7\u00f5es que atendem a pessoas em situa\u00e7\u00e3o de vulnerabilidade social.<\/p>\n<p>Ao todo, 18 propostas foram aprovadas pela Companhia Nacional de Abastecimento (Conab), garantindo que os agricultores possam comercializar alimentos com entidades sociais ao longo de 2025. Cada produtor deve receber, em m\u00e9dia, R$ 15 mil por entrega, em um modelo que une gera\u00e7\u00e3o de renda no campo com fortalecimento da seguran\u00e7a alimentar.<\/p>\n<p>O projeto abrange nove munic\u00edpios paraenses: Capanema, Bragan\u00e7a, Viseu, Tracuateua, Cachoeira do Piri\u00e1, Santa Luzia do Par\u00e1, Primavera, Our\u00e9m e S\u00e3o Jo\u00e3o de Pirabas. A produ\u00e7\u00e3o local \u2014 composta por hortali\u00e7as, frutas, mel, ra\u00edzes e derivados \u2014 ser\u00e1 destinada a 26 institui\u00e7\u00f5es sociais, beneficiando diretamente cerca de 178 mil pessoas.<\/p>\n<\/div>\n<div>\n<p>Segundo o diretor superintendente do Sebrae no Par\u00e1, Rubens Magno, a iniciativa mostra o impacto da articula\u00e7\u00e3o entre pol\u00edticas p\u00fablicas e pequenos neg\u00f3cios. \u201cEstamos conectando oportunidades e fortalecendo a economia regional com base no protagonismo da agricultura familiar\u201d, afirmou.<\/p>\n<p>\u201cMais de 460 desses agricultores est\u00e3o vendendo para o governo pela primeira vez. \u00c9 um marco na inclus\u00e3o produtiva e na organiza\u00e7\u00e3o coletiva de quem estava \u00e0 margem do mercado\u201d, disse a gerente regional do Sebrae na regi\u00e3o de Caet\u00e9, Denize Carneiro.<\/p>\n<p>Para a presidente da Cooperativa de Primavera,  Joelma Nunes, a pol\u00edtica p\u00fablica aliada ao apoio t\u00e9cnico tem efeito direto na vida das mulheres. \u201cComecei numa associa\u00e7\u00e3o e hoje lidero uma cooperativa com cem mulheres. Estamos gerando renda com apoio do Sebrae e da Conab. Isso \u00e9 desenvolvimento real\u201d, comentou.<\/p>\n<\/p><\/div>\n<p><br \/>\n<br \/><a href=\"https:\/\/www.canalrural.com.br\/agricultura\/agricultura-familiar-beneficia-178-mil-pessoas-em-instituicoes-sociais-no-para\/\">Source link <\/a><\/p>\n","protected":false},"excerpt":{"rendered":"<p>Mais de 500 produtores rurais do nordeste do Par\u00e1, sendo a maioria mulheres, foram inseridos no Programa de Aquisi\u00e7\u00e3o de<\/p>\n","protected":false},"author":1,"featured_media":10138,"comment_status":"open","ping_status":"open","sticky":false,"template":"","format":"standard","meta":{"_monsterinsights_skip_tracking":false,"_monsterinsights_sitenote_active":false,"_monsterinsights_sitenote_note":"","_monsterinsights_sitenote_category":0,"_uf_show_specific_survey":0,"_uf_disable_surveys":false,"footnotes":""},"categories":[1],"tags":[],"class_list":["post-14491","post","type-post","status-publish","format-standard","has-post-thumbnail","hentry","category-news"],"_links":{"self":[{"href":"https:\/\/agromt.news\/index.php?rest_route=\/wp\/v2\/posts\/14491"}],"collection":[{"href":"https:\/\/agromt.news\/index.php?rest_route=\/wp\/v2\/posts"}],"about":[{"href":"https:\/\/agromt.news\/index.php?rest_route=\/wp\/v2\/types\/post"}],"author":[{"embeddable":true,"href":"https:\/\/agromt.news\/index.php?rest_route=\/wp\/v2\/users\/1"}],"replies":[{"embeddable":true,"href":"https:\/\/agromt.news\/index.php?rest_route=%2Fwp%2Fv2%2Fcomments&post=14491"}],"version-history":[{"count":0,"href":"https:\/\/agromt.news\/index.php?rest_route=\/wp\/v2\/posts\/14491\/revisions"}],"wp:featuredmedia":[{"embeddable":true,"href":"https:\/\/agromt.news\/index.php?rest_route=\/wp\/v2\/media\/10138"}],"wp:attachment":[{"href":"https:\/\/agromt.news\/index.php?rest_route=%2Fwp%2Fv2%2Fmedia&parent=14491"}],"wp:term":[{"taxonomy":"category","embeddable":true,"href":"https:\/\/agromt.news\/index.php?rest_route=%2Fwp%2Fv2%2Fcategories&post=14491"},{"taxonomy":"post_tag","embeddable":true,"href":"https:\/\/agromt.news\/index.php?rest_route=%2Fwp%2Fv2%2Ftags&post=14491"}],"curies":[{"name":"wp","href":"https:\/\/api.w.org\/{rel}","templated":true}]}}