{"id":14489,"date":"2025-06-01T18:24:37","date_gmt":"2025-06-01T22:24:37","guid":{"rendered":"https:\/\/agromt.news\/?p=14489"},"modified":"2025-06-01T18:24:37","modified_gmt":"2025-06-01T22:24:37","slug":"brasil-e-franca-devem-fazer-nova-declaracao-climatica-visando-a-cop30","status":"publish","type":"post","link":"https:\/\/agromt.news\/?p=14489","title":{"rendered":"Brasil e Fran\u00e7a devem fazer nova declara\u00e7\u00e3o clim\u00e1tica visando a COP30"},"content":{"rendered":"<p> <br \/>\n<br \/><img decoding=\"async\" src=\"https:\/\/agromt.news\/wp-content\/uploads\/2025\/06\/Brasil-e-Franca-devem-fazer-nova-declaracao-climatica-visando-a.jpg\" \/><\/p>\n<div>\n<p>O presidente <strong><a href=\"http:\/\/www.canalrural.com.br\/tag\/lula\/\">Luiz In\u00e1cio Lula da Silva<\/a><\/strong> viaja \u00e0 Fran\u00e7a, entre os dias 4 e 9 de junho, para uma visita de Estado que n\u00e3o \u00e9 realizada h\u00e1 13 anos por um chefe de governo brasileiro. A \u00faltima ocorreu em 2012, durante o mandato de Dilma Rousseff. Um dos pontos altos da agenda dever\u00e1 ser o an\u00fancio de uma nova declara\u00e7\u00e3o clim\u00e1tica conjunta dos dois pa\u00edses, em um dos encontros bilaterais entre Lula e o presidente franc\u00eas, Emmanuel Macron.<\/p>\n<p>\u201cH\u00e1 expectativa de ado\u00e7\u00e3o de uma nova declara\u00e7\u00e3o dos dois l\u00edderes sobre a mudan\u00e7a do clima considerando o engajamento dentro dos pa\u00edses nesse tema e a necessidade de maior mobiliza\u00e7\u00e3o internacional para a COP30 [Confer\u00eancia das Na\u00e7\u00f5es Unidas sobre Mudan\u00e7as Clim\u00e1ticas], sediada pelo Brasil. Tamb\u00e9m esperamos acordar a cria\u00e7\u00e3o de um corredor mar\u00edtimo descarbonizado com a Fran\u00e7a\u201d, pontuou o embaixador Fl\u00e1vio Goldman, diretor do Departamento de Europa do Minist\u00e9rio das Rela\u00e7\u00f5es Exteriores, em entrevista a imprensa na \u00faltima sexta-feira (30), para detalhar sobre a viagem.<\/p>\n<p>Ao todo, os dois presidentes devem assinar 20 atos bilaterais, envolvendo acordos de coopera\u00e7\u00e3o na \u00e1rea de vacinas, de seguran\u00e7a p\u00fablica, de educa\u00e7\u00e3o e de ci\u00eancia e tecnologia. Um an\u00fancio de investimentos entre os dois pa\u00edses tamb\u00e9m \u00e9 esperado. Atualmente, a corrente de com\u00e9rcio entre Brasil e Fran\u00e7a \u00e9 de US$ 9,1 bilh\u00f5es, segundo dados de 2024, alta de 8% em rela\u00e7\u00e3o a 2023. A Fran\u00e7a \u00e9 o terceiro pa\u00eds que mais investe no Brasil, com mais de US$ 66,3 bilh\u00f5es em estoque.<\/p>\n<p>\u201cA visita acontece num momento muito positivo do relacionamento bilateral, com aproxima\u00e7\u00e3o em diversas \u00e1reas. Durante sua passagem pela Fran\u00e7a, Lula ter\u00e1 v\u00e1rios encontros com Emmanuel Macron, nos quais ele discutir\u00e1 aspectos relevantes do relacionamento bilateral e temas da agenda internacional de import\u00e2ncia dos dois pa\u00edses, como a necessidade de reforma da governan\u00e7a global, a defesa do multilateralismo, o combate ao extremismo e a prepara\u00e7\u00e3o para a COP30\u201d, destacou Goldman.<\/p>\n<p>Lula e comitiva embarcam na pr\u00f3xima quarta-feira (4), e o primeiro compromisso, em Paris, ser\u00e1 no dia seguinte, com a cerim\u00f4nia oficial de chegada ao P\u00e1tio de Honra da Esplanada dos Inv\u00e1lidos, na \u00e1rea norte do edif\u00edcio Hotel des Invalides. O local sedia cerim\u00f4nias militares francesas e \u00e9 frequentemente utilizado para desfiles e outros eventos.<\/p>\n<\/div>\n<div>\n<p>Em seguida, o presidente brasileiro se re\u00fane com Macron no Pal\u00e1cio do Eliseu, sede do governo franc\u00eas, em uma reuni\u00e3o entre as delega\u00e7\u00f5es dos dois pa\u00edses e que ser\u00e1 seguida por uma cerim\u00f4nia de assinatura de atos, al\u00e9m de declara\u00e7\u00f5es \u00e0 imprensa.<\/p>\n<h2 class=\"wp-block-heading\" id=\"h-reconhecimento\">Reconhecimento<\/h2>\n<p>No dia 6 de junho, Lula receber\u00e1 o t\u00edtulo de Doutor Honoris Causa na Universidade Paris 8. No mesmo dia, ele far\u00e1 uma visita \u00e0 exposi\u00e7\u00e3o sobre o ano do Brasil na Fran\u00e7a, no Grand Palais, o principal centro de conven\u00e7\u00f5es do pa\u00eds. De acordo com o Pal\u00e1cio Itamaraty, a programa\u00e7\u00e3o da temporada brasileira na Fran\u00e7a compreender\u00e1 diversas atividades at\u00e9 setembro, em mais de 50 cidades francesas. Elas incluir\u00e3o iniciativas tanto na \u00e1rea art\u00edstica quanto nas de coopera\u00e7\u00e3o acad\u00eamica, cient\u00edfica, tecnol\u00f3gica, educativa e ambiental, com o objetivo de longo prazo de fortalecer os la\u00e7os entre os pa\u00edses.<\/p>\n<p>Ainda no \u00e2mbito cultural, o presidente Lula receber\u00e1 uma homenagem na Academia Francesa. A Academia foi criada em 1635, e, em seus quase 400 anos de hist\u00f3ria, apenas outros 19 chefes de Estados foram homenageados em sess\u00e3o oficial. Antes dele, o \u00fanico brasileiro reconhecido pela honraria havia sido Dom Pedro II, em 1872.<\/p>\n<p>Est\u00e1 prevista tamb\u00e9m a participa\u00e7\u00e3o de Lula na sess\u00e3o do F\u00f3rum Econ\u00f4mico Brasil-Fran\u00e7a. O encontro reunir\u00e1 autoridades e l\u00edderes empresariais de ambos os pa\u00edses.<\/p>\n<h2 class=\"wp-block-heading\" id=\"h-certificacao-sanitaria\">Certifica\u00e7\u00e3o sanit\u00e1ria<\/h2>\n<p>Ainda neste dia, Lula participar\u00e1 de um evento que formaliza o reconhecimento do status do Brasil como pa\u00eds livre da febre aftosa sem vacina\u00e7\u00e3o. O reconhecimento foi aprovado na reuni\u00e3o da assembleia-geral da entidade, em 29 de maio.<\/p>\n<p>O presidente brasileiro dever\u00e1 se encontrar com a prefeita de Paris, Ane Hidalgo, e viajar\u00e1 a Toulon, onde manter\u00e1 outro encontro com Macron, desta vez na Base da Marinha Francesa, para tratar do Programa de Desenvolvimento de Submarinos (ProSub), uma retribui\u00e7\u00e3o \u00e0 mesma agenda realizada pelo franc\u00eas, em mar\u00e7o do ano passado, durante sua visita de Estado ao Brasil.<\/p>\n<\/p><\/div>\n<p><br \/>\n<br \/><a href=\"https:\/\/www.canalrural.com.br\/cop30\/brasil-e-franca-devem-fazer-nova-declaracao-climatica-visando-a-cop30\/\">Source link <\/a><\/p>\n","protected":false},"excerpt":{"rendered":"<p>O presidente Luiz In\u00e1cio Lula da Silva viaja \u00e0 Fran\u00e7a, entre os dias 4 e 9 de junho, para uma<\/p>\n","protected":false},"author":1,"featured_media":14490,"comment_status":"open","ping_status":"open","sticky":false,"template":"","format":"standard","meta":{"_monsterinsights_skip_tracking":false,"_monsterinsights_sitenote_active":false,"_monsterinsights_sitenote_note":"","_monsterinsights_sitenote_category":0,"_uf_show_specific_survey":0,"_uf_disable_surveys":false,"footnotes":""},"categories":[1],"tags":[],"class_list":["post-14489","post","type-post","status-publish","format-standard","has-post-thumbnail","hentry","category-news"],"_links":{"self":[{"href":"https:\/\/agromt.news\/index.php?rest_route=\/wp\/v2\/posts\/14489"}],"collection":[{"href":"https:\/\/agromt.news\/index.php?rest_route=\/wp\/v2\/posts"}],"about":[{"href":"https:\/\/agromt.news\/index.php?rest_route=\/wp\/v2\/types\/post"}],"author":[{"embeddable":true,"href":"https:\/\/agromt.news\/index.php?rest_route=\/wp\/v2\/users\/1"}],"replies":[{"embeddable":true,"href":"https:\/\/agromt.news\/index.php?rest_route=%2Fwp%2Fv2%2Fcomments&post=14489"}],"version-history":[{"count":0,"href":"https:\/\/agromt.news\/index.php?rest_route=\/wp\/v2\/posts\/14489\/revisions"}],"wp:featuredmedia":[{"embeddable":true,"href":"https:\/\/agromt.news\/index.php?rest_route=\/wp\/v2\/media\/14490"}],"wp:attachment":[{"href":"https:\/\/agromt.news\/index.php?rest_route=%2Fwp%2Fv2%2Fmedia&parent=14489"}],"wp:term":[{"taxonomy":"category","embeddable":true,"href":"https:\/\/agromt.news\/index.php?rest_route=%2Fwp%2Fv2%2Fcategories&post=14489"},{"taxonomy":"post_tag","embeddable":true,"href":"https:\/\/agromt.news\/index.php?rest_route=%2Fwp%2Fv2%2Ftags&post=14489"}],"curies":[{"name":"wp","href":"https:\/\/api.w.org\/{rel}","templated":true}]}}