{"id":14486,"date":"2025-06-01T17:38:43","date_gmt":"2025-06-01T21:38:43","guid":{"rendered":"https:\/\/agromt.news\/?p=14486"},"modified":"2025-06-01T17:38:43","modified_gmt":"2025-06-01T21:38:43","slug":"anac-suspende-voos-dos-correios-por-descumprimento-de-normas-de-seguranca","status":"publish","type":"post","link":"https:\/\/agromt.news\/?p=14486","title":{"rendered":"Anac suspende voos dos Correios por descumprimento de normas de seguran\u00e7a"},"content":{"rendered":"<p> <br \/>\n<br \/><img decoding=\"async\" src=\"https:\/\/agromt.news\/wp-content\/uploads\/2025\/02\/Agricultores-do-Brasil-inteiro-poderao-enviar-produtos-pelos-Correios.jpg\" \/><\/p>\n<div>\n<p>A Ag\u00eancia Nacional de Avia\u00e7\u00e3o Civil<strong><a href=\"http:\/\/www.canalrural.com.br\/tag\/anac\/\"> (Anac)<\/a><\/strong> determinou a suspens\u00e3o de todas as opera\u00e7\u00f5es a\u00e9reas dos Correios a partir de 4 de junho. A medida cautelar ocorre ap\u00f3s fiscaliza\u00e7\u00e3o realizada entre fevereiro e abril deste ano apontar o descumprimento de medidas determinadas pelo \u00f3rg\u00e3o para \u201cidentificar e recusar a introdu\u00e7\u00e3o de artigos perigosos\u201d em cargas enviadas pelo transporte a\u00e9reo.<\/p>\n<p>A suspens\u00e3o, determinada na sexta-feira (30), foi revelada pela colunista Mariana Barbosa, do UOL, e confirmada pelo Estad\u00e3o. No of\u00edcio que determina a interrup\u00e7\u00e3o do transporte, a Anac cita que a fiscaliza\u00e7\u00e3o deste ano constatou que os Correios descumpriram \u201cintegralmente\u201d provid\u00eancias de seguran\u00e7a como a restri\u00e7\u00e3o de transportar apenas malas postais com conte\u00fado declarado e a necessidade de funcion\u00e1rio qualificado acompanhar a prepara\u00e7\u00e3o dessas cargas. As demais medidas foram, em geral, cumpridas apenas parcialmente.<\/p>\n<p>O of\u00edcio aponta ainda que a interrup\u00e7\u00e3o do transporte a\u00e9reo ser\u00e1 cancelada se os Correios e os operadores a\u00e9reos que prestam servi\u00e7o \u00e0 estatal comprovarem \u00e0 Anac que cumpriram as medidas exigidas. Eles tamb\u00e9m precisam enviar um cronograma detalhado para adequa\u00e7\u00e3o completa \u00e0s normas de seguran\u00e7a da ag\u00eancia, al\u00e9m de apresentar uma an\u00e1lise de risco conjunta entre Correios e empresas prestadoras de servi\u00e7o atestando que as opera\u00e7\u00f5es est\u00e3o dentro do n\u00edvel aceit\u00e1vel de risco.<\/p>\n<\/div>\n<div>\n<p>O presidente dos Correios, Fabiano Silva dos Santos, disse ao Estad\u00e3o que a estatal vem h\u00e1 meses em di\u00e1logo com a Anac est\u00e1 empenhada em resolver o problema antes da suspens\u00e3o prevista. \u201cNa pr\u00f3xima ter\u00e7a-feira, 3, haver\u00e1 reuni\u00e3o para validar as medidas que j\u00e1 haviam sido debatidas. Estamos fazendo tudo. N\u00e3o houve suspens\u00e3o e assim que validarem essa situa\u00e7\u00e3o se resolve\u201d, afirmou o presidente.<\/p>\n<p>Apesar de as falhas terem sido apontadas em fiscaliza\u00e7\u00e3o no in\u00edcio de 2025, em nota enviada \u00e0 reportagem, a estatal responsabiliza a gest\u00f5es anteriores pelo problema.<\/p>\n<p>\u201cOs Correios est\u00e3o comprometidos com o cumprimento integral da legisla\u00e7\u00e3o vigente. O problema decorre de pr\u00e1ticas herdadas de gest\u00f5es anteriores e representa mais um desafio que a atual administra\u00e7\u00e3o est\u00e1 enfrentando para garantir a regulariza\u00e7\u00e3o completa do servi\u00e7o. A empresa est\u00e1 adotando todas as medidas cab\u00edveis para solucionar a situa\u00e7\u00e3o no prazo estipulado, reafirmando o compromisso com a seguran\u00e7a das opera\u00e7\u00f5es e o atendimento \u00e0 popula\u00e7\u00e3o\u201d, diz nota da estatal enviada \u00e0 reportagem.<\/p>\n<p>O presidente da estatal alegou ainda que o problema \u201cvem desde 2015\u201d. \u201cS\u00f3 na nossa gest\u00e3o \u00e9 que avan\u00e7amos\u201d. Silva apontou, entre as limita\u00e7\u00f5es \u201cherdadas\u201d, a falta de equipamentos de raio-X nas unidades dos Correios nos aeroportos, por onde a carga entra para ser transportada. Ele afirmou que foram adquiridos novos equipamentos e realizadas capacita\u00e7\u00f5es com as equipes para garantir o cumprimento das normas da Anac. \u201cA empresa estava para ser privatizada e n\u00e3o houve investimentos necess\u00e1rios\u201d, reclamou.<\/p>\n<\/p><\/div>\n<p><br \/>\n<br \/><a href=\"https:\/\/www.canalrural.com.br\/economia\/anac-suspende-voos-dos-correios-por-descumprimento-de-normas-de-seguranca\/\">Source link <\/a><\/p>\n","protected":false},"excerpt":{"rendered":"<p>A Ag\u00eancia Nacional de Avia\u00e7\u00e3o Civil (Anac) determinou a suspens\u00e3o de todas as opera\u00e7\u00f5es a\u00e9reas dos Correios a partir de<\/p>\n","protected":false},"author":1,"featured_media":10113,"comment_status":"open","ping_status":"open","sticky":false,"template":"","format":"standard","meta":{"_monsterinsights_skip_tracking":false,"_monsterinsights_sitenote_active":false,"_monsterinsights_sitenote_note":"","_monsterinsights_sitenote_category":0,"_uf_show_specific_survey":0,"_uf_disable_surveys":false,"footnotes":""},"categories":[1],"tags":[],"class_list":["post-14486","post","type-post","status-publish","format-standard","has-post-thumbnail","hentry","category-news"],"_links":{"self":[{"href":"https:\/\/agromt.news\/index.php?rest_route=\/wp\/v2\/posts\/14486"}],"collection":[{"href":"https:\/\/agromt.news\/index.php?rest_route=\/wp\/v2\/posts"}],"about":[{"href":"https:\/\/agromt.news\/index.php?rest_route=\/wp\/v2\/types\/post"}],"author":[{"embeddable":true,"href":"https:\/\/agromt.news\/index.php?rest_route=\/wp\/v2\/users\/1"}],"replies":[{"embeddable":true,"href":"https:\/\/agromt.news\/index.php?rest_route=%2Fwp%2Fv2%2Fcomments&post=14486"}],"version-history":[{"count":0,"href":"https:\/\/agromt.news\/index.php?rest_route=\/wp\/v2\/posts\/14486\/revisions"}],"wp:featuredmedia":[{"embeddable":true,"href":"https:\/\/agromt.news\/index.php?rest_route=\/wp\/v2\/media\/10113"}],"wp:attachment":[{"href":"https:\/\/agromt.news\/index.php?rest_route=%2Fwp%2Fv2%2Fmedia&parent=14486"}],"wp:term":[{"taxonomy":"category","embeddable":true,"href":"https:\/\/agromt.news\/index.php?rest_route=%2Fwp%2Fv2%2Fcategories&post=14486"},{"taxonomy":"post_tag","embeddable":true,"href":"https:\/\/agromt.news\/index.php?rest_route=%2Fwp%2Fv2%2Ftags&post=14486"}],"curies":[{"name":"wp","href":"https:\/\/api.w.org\/{rel}","templated":true}]}}