{"id":14482,"date":"2025-06-01T16:20:50","date_gmt":"2025-06-01T20:20:50","guid":{"rendered":"https:\/\/agromt.news\/?p=14482"},"modified":"2025-06-01T16:20:50","modified_gmt":"2025-06-01T20:20:50","slug":"reforma-tributaria-pode-reduzir-em-30-demanda-aerea-e-elevar-preco-de-passagens","status":"publish","type":"post","link":"https:\/\/agromt.news\/?p=14482","title":{"rendered":"Reforma tribut\u00e1ria pode reduzir em 30% demanda a\u00e9rea e elevar pre\u00e7o de passagens"},"content":{"rendered":"<p> <br \/>\n<br \/><img decoding=\"async\" src=\"https:\/\/agromt.news\/wp-content\/uploads\/2025\/06\/Reforma-tributaria-pode-reduzir-em-30-demanda-aerea-e-elevar.jpg\" \/><\/p>\n<div>\n<p>A Associa\u00e7\u00e3o Internacional de Transporte A\u00e9reo <strong><a href=\"http:\/\/www.canalrural.com.br\/tag\/iata\/\">(Iata)<\/a><\/strong> prev\u00ea que a reforma tribut\u00e1ria pode reduzir em 30% a demanda a\u00e9rea no Brasil diante do aumento de pre\u00e7o nas passagens. A entidade estima ainda impactos bilion\u00e1rios na receita do turismo, al\u00e9m de reflexos negativos para a conectividade regional.<\/p>\n<p>A reforma tribut\u00e1ria prev\u00ea um imposto sobre valor agregado (IVA) com uma al\u00edquota estimada em 26,5% para o setor a\u00e9reo. A expectativa da Iata \u00e9 que o tributo aumente o pre\u00e7o m\u00e9dio de passagens dom\u00e9sticas de US$ 130 para US$ 160. No caso de bilhetes internacionais, o valor m\u00e9dio deve crescer de US$ 740 para US$ 935.<\/p>\n<\/div>\n<div>\n<p>Nesse cen\u00e1rio, a associa\u00e7\u00e3o destaca a \u201cenxurrada de propostas legislativas que alegam proteger os consumidores na Am\u00e9rica Latina, mas n\u00e3o se alinham aos padr\u00f5es globais\u201d. Para a Iata, essas medidas, na verdade, elevam custos, reduzem conectividade e frustram passageiros.<\/p>\n<h2 class=\"wp-block-heading\" id=\"h-demanda-aquecida-no-setor-aereo\"><strong>Demanda aquecida<\/strong> no setor a\u00e9reo<\/h2>\n<p>Apesar dos desafios regulat\u00f3rios na Am\u00e9rica Latina, a associa\u00e7\u00e3o v\u00ea um momento de oportunidade para o setor a\u00e9reo na regi\u00e3o, que tem registrado evolu\u00e7\u00e3o no tr\u00e1fego. Em abril de 2025, a demanda, medida por passageiros-quil\u00f4metro transportados pagos (RPK), subiu 10,9% na Am\u00e9rica Latina e no Caribe ante igual m\u00eas de 2024. Na compara\u00e7\u00e3o com abril de 2019, pr\u00e9-pandemia, houve crescimento de 16,2%.<\/p>\n<p>A taxa de crescimento da regi\u00e3o est\u00e1 acima da ind\u00fastria global. Em abril de 2025, a demanda global registrou alta anual de 8%, enquanto subiu 9,2% em rela\u00e7\u00e3o ao mesmo m\u00eas de 2019. Na Am\u00e9rica do Norte, no entanto, as altas foram mais modestas: 8,7% ante pr\u00e9-pandemia e 1,6% ano contra ano.<\/p>\n<\/p><\/div>\n<p><br \/>\n<br \/><a href=\"https:\/\/www.canalrural.com.br\/economia\/reforma-tributaria-pode-reduzir-em-30-demanda-aerea-e-elevar-preco-de-passagens\/\">Source link <\/a><\/p>\n","protected":false},"excerpt":{"rendered":"<p>A Associa\u00e7\u00e3o Internacional de Transporte A\u00e9reo (Iata) prev\u00ea que a reforma tribut\u00e1ria pode reduzir em 30% a demanda a\u00e9rea no<\/p>\n","protected":false},"author":1,"featured_media":14483,"comment_status":"open","ping_status":"open","sticky":false,"template":"","format":"standard","meta":{"_monsterinsights_skip_tracking":false,"_monsterinsights_sitenote_active":false,"_monsterinsights_sitenote_note":"","_monsterinsights_sitenote_category":0,"_uf_show_specific_survey":0,"_uf_disable_surveys":false,"footnotes":""},"categories":[1],"tags":[],"class_list":["post-14482","post","type-post","status-publish","format-standard","has-post-thumbnail","hentry","category-news"],"_links":{"self":[{"href":"https:\/\/agromt.news\/index.php?rest_route=\/wp\/v2\/posts\/14482"}],"collection":[{"href":"https:\/\/agromt.news\/index.php?rest_route=\/wp\/v2\/posts"}],"about":[{"href":"https:\/\/agromt.news\/index.php?rest_route=\/wp\/v2\/types\/post"}],"author":[{"embeddable":true,"href":"https:\/\/agromt.news\/index.php?rest_route=\/wp\/v2\/users\/1"}],"replies":[{"embeddable":true,"href":"https:\/\/agromt.news\/index.php?rest_route=%2Fwp%2Fv2%2Fcomments&post=14482"}],"version-history":[{"count":0,"href":"https:\/\/agromt.news\/index.php?rest_route=\/wp\/v2\/posts\/14482\/revisions"}],"wp:featuredmedia":[{"embeddable":true,"href":"https:\/\/agromt.news\/index.php?rest_route=\/wp\/v2\/media\/14483"}],"wp:attachment":[{"href":"https:\/\/agromt.news\/index.php?rest_route=%2Fwp%2Fv2%2Fmedia&parent=14482"}],"wp:term":[{"taxonomy":"category","embeddable":true,"href":"https:\/\/agromt.news\/index.php?rest_route=%2Fwp%2Fv2%2Fcategories&post=14482"},{"taxonomy":"post_tag","embeddable":true,"href":"https:\/\/agromt.news\/index.php?rest_route=%2Fwp%2Fv2%2Ftags&post=14482"}],"curies":[{"name":"wp","href":"https:\/\/api.w.org\/{rel}","templated":true}]}}