{"id":14479,"date":"2025-06-01T14:17:31","date_gmt":"2025-06-01T18:17:31","guid":{"rendered":"https:\/\/agromt.news\/?p=14479"},"modified":"2025-06-01T14:17:31","modified_gmt":"2025-06-01T18:17:31","slug":"o-que-esperar-do-tempo-no-brasil-em-junho","status":"publish","type":"post","link":"https:\/\/agromt.news\/?p=14479","title":{"rendered":"o que esperar do tempo no Brasil em junho"},"content":{"rendered":"<p> <br \/>\n<\/p>\n<div>\n<p>Junho de 2025 ser\u00e1 marcado por maior n\u00famero de dias frios no Centro-Sul do Brasil, intensifica\u00e7\u00e3o da seca no interior e epis\u00f3dios de chuva volumosa na costa do Nordeste. <\/p>\n<p>De acordo com a <strong><a href=\"https:\/\/www.canalrural.com.br\/autor\/climatempo\/\">Climatempo<\/a><\/strong>, o m\u00eas ter\u00e1 dois eventos de frio intenso: um na primeira semana e outro na \u00faltima, com aumento do risco de geada em rela\u00e7\u00e3o ao mesmo per\u00edodo do ano passado.<\/p>\n<div data-icp-cta=\"1\" id=\"icp-cta-unique\">Voc\u00ea quer entender como usar o clima a seu favor?<b> <\/b><a href=\"https:\/\/climacampo.canalrural.com.br\/climacampo_-01\">Preparamos um e-book exclusivo<\/a> para ajudar produtores rurais a se antecipar \u00e0s mudan\u00e7as do tempo e planejar melhor suas a\u00e7\u00f5es. Com base em previs\u00f5es meteorol\u00f3gicas confi\u00e1veis, ele oferece orienta\u00e7\u00f5es pr\u00e1ticas para proteger sua lavoura e otimizar seus resultados.<\/div>\n<p><em>Veja em primeira m\u00e3o tudo sobre agricultura, pecu\u00e1ria, economia e previs\u00e3o do tempo:<\/em><a href=\"https:\/\/news.google.com\/publications\/CAAqBwgKMPKZlQswq_mqAw?hl=pt-BR&amp;gl=BR&amp;ceid=BR%3Apt-419\"><em> <\/em><strong><em>siga o Canal Rural no Google News!<\/em><\/strong><\/a><\/p>\n<h2 class=\"wp-block-heading\" id=\"h-frio-mais-frequente-e-chance-maior-de-geada\">Frio mais frequente e chance maior de geada<\/h2>\n<p>Com o solst\u00edcio de inverno previsto para 20 de junho, \u00e0s 23h42 (hor\u00e1rio de Bras\u00edlia), as noites mais longas e a redu\u00e7\u00e3o da radia\u00e7\u00e3o solar favorecem o resfriamento noturno. A tend\u00eancia \u00e9 de temperaturas abaixo da m\u00e9dia em \u00e1reas da regi\u00e3o Sul, Mato Grosso do Sul e S\u00e3o Paulo.<\/p>\n<p>Eventos de geada ser\u00e3o mais comuns, inclusive com risco de neve nos pontos mais altos do Sul. A forma\u00e7\u00e3o de nevoeiros nas manh\u00e3s tamb\u00e9m exigir\u00e1 aten\u00e7\u00e3o redobrada em estradas e aeroportos dessas regi\u00f5es. No Sudeste e Centro-Oeste, o fen\u00f4meno da perda radiativa \u2014 t\u00edpico de noites com c\u00e9u limpo \u2014 tamb\u00e9m contribui para o resfriamento.<\/p>\n<figure class=\"wp-block-image size-large\"><img fetchpriority=\"high\" decoding=\"async\" width=\"1024\" height=\"514\" src=\"https:\/\/agromt.news\/wp-content\/uploads\/2025\/06\/o-que-esperar-do-tempo-no-Brasil-em-junho.png\" alt=\"\" class=\"wp-image-4103444\"  \/><\/figure>\n<p>Apesar do avan\u00e7o das massas de ar frio, grande parte do Brasil dever\u00e1 registrar temperaturas acima da m\u00e9dia para a \u00e9poca. No Distrito Federal, Mato Grosso, Goi\u00e1s, norte de Minas Gerais, oeste da Bahia e sul do Piau\u00ed, os term\u00f4metros podem marcar valores bem elevados. <\/p>\n<p>A combina\u00e7\u00e3o de baixa nebulosidade e escassez de chuva favorece tardes quentes e madrugadas mais amenas.<\/p>\n<h2 class=\"wp-block-heading\" id=\"h-seca-avanca-no-interior-do-pais\">Seca avan\u00e7a no interior do pa\u00eds<\/h2>\n<p>Junho marca o per\u00edodo seco no Sudeste, Centro-Oeste, interior do Nordeste, Tocantins, sul do Par\u00e1 e norte do Paran\u00e1. A previs\u00e3o \u00e9 de baixos volumes de chuva nessas regi\u00f5es, com tend\u00eancia de dias consecutivos sem precipita\u00e7\u00e3o. Quando ocorrem, as chuvas tendem a se concentrar em poucos dias e est\u00e3o associadas \u00e0 passagem de frentes frias.<\/p>\n<\/div>\n<div>\n<p>Al\u00e9m disso, a baixa umidade relativa do ar \u2014 frequentemente entre 20% e 30% \u2014 ser\u00e1 uma caracter\u00edstica dominante no interior, com impacto direto na sa\u00fade e nas atividades agr\u00edcolas.<\/p>\n<h2 class=\"wp-block-heading\" id=\"h-junho-tem-chuva-forte-no-litoral-do-nordeste\">Junho tem chuva forte no litoral do Nordeste<\/h2>\n<p>A costa leste do Nordeste continua sob influ\u00eancia da umidade mar\u00edtima e da passagem de frentes frias. Entre Salvador e Natal, est\u00e3o previstos v\u00e1rios epis\u00f3dios de chuva forte, principalmente entre Aracaju e Natal, onde ondas de leste podem provocar acumulados expressivos.<\/p>\n<p>Na Bahia, especialmente no litoral sul, a combina\u00e7\u00e3o entre frente fria e circula\u00e7\u00e3o oce\u00e2nica deve provocar dias seguidos com chuva volumosa, com impactos para a popula\u00e7\u00e3o urbana e atividades no campo.<\/p>\n<p>O extremo norte do Brasil \u2014 incluindo Roraima, Amap\u00e1, norte do Amazonas, Maranh\u00e3o e Par\u00e1 \u2014 ainda deve registrar eventos de chuva forte, mas com menor frequ\u00eancia em compara\u00e7\u00e3o aos meses anteriores. A tend\u00eancia \u00e9 de redu\u00e7\u00e3o dos volumes totais, com o afastamento gradual da Zona de Converg\u00eancia Intertropical (ZCIT).<\/p>\n<p>Nas demais \u00e1reas do Norte, como Acre, Rond\u00f4nia, Tocantins e sul do Amazonas, o tempo seco e as altas temperaturas devem predominar, mantendo restri\u00e7\u00f5es para o desenvolvimento de culturas como o milho segunda safra.<\/p>\n<figure class=\"wp-block-image size-large\"><img decoding=\"async\" width=\"1024\" height=\"576\" src=\"https:\/\/agromt.news\/wp-content\/uploads\/2025\/06\/1748801851_141_o-que-esperar-do-tempo-no-Brasil-em-junho.png\" alt=\"\" class=\"wp-image-4103445\"  \/><\/figure>\n<h2 class=\"wp-block-heading\" id=\"h-fenomenos-tipicos-de-junho\">Fen\u00f4menos t\u00edpicos de junho<\/h2>\n<p>O m\u00eas ser\u00e1 caracterizado pela atua\u00e7\u00e3o de frentes frias principalmente na regi\u00e3o Sul e, em menor escala, no Sudeste e Centro-Oeste. As frentes frias de origem continental poder\u00e3o avan\u00e7ar at\u00e9 o Norte e parte do Nordeste, espalhando o ar frio sobre \u00e1reas mais amplas.<\/p>\n<p>Outro destaque de junho ser\u00e1 a grande amplitude t\u00e9rmica di\u00e1ria, com varia\u00e7\u00f5es superiores a 15 \u00baC entre a m\u00ednima e a m\u00e1xima em diversas regi\u00f5es. <\/p>\n<\/p><\/div>\n<p><br \/>\n<br \/><a href=\"https:\/\/www.canalrural.com.br\/tempo\/frente-fria-geada-e-ar-seco-o-que-esperar-do-tempo-no-brasil-em-junho\/\">Source link <\/a><\/p>\n","protected":false},"excerpt":{"rendered":"<p>Junho de 2025 ser\u00e1 marcado por maior n\u00famero de dias frios no Centro-Sul do Brasil, intensifica\u00e7\u00e3o da seca no interior<\/p>\n","protected":false},"author":1,"featured_media":2359,"comment_status":"open","ping_status":"open","sticky":false,"template":"","format":"standard","meta":{"_monsterinsights_skip_tracking":false,"_monsterinsights_sitenote_active":false,"_monsterinsights_sitenote_note":"","_monsterinsights_sitenote_category":0,"_uf_show_specific_survey":0,"_uf_disable_surveys":false,"footnotes":""},"categories":[1],"tags":[],"class_list":["post-14479","post","type-post","status-publish","format-standard","has-post-thumbnail","hentry","category-news"],"_links":{"self":[{"href":"https:\/\/agromt.news\/index.php?rest_route=\/wp\/v2\/posts\/14479"}],"collection":[{"href":"https:\/\/agromt.news\/index.php?rest_route=\/wp\/v2\/posts"}],"about":[{"href":"https:\/\/agromt.news\/index.php?rest_route=\/wp\/v2\/types\/post"}],"author":[{"embeddable":true,"href":"https:\/\/agromt.news\/index.php?rest_route=\/wp\/v2\/users\/1"}],"replies":[{"embeddable":true,"href":"https:\/\/agromt.news\/index.php?rest_route=%2Fwp%2Fv2%2Fcomments&post=14479"}],"version-history":[{"count":0,"href":"https:\/\/agromt.news\/index.php?rest_route=\/wp\/v2\/posts\/14479\/revisions"}],"wp:featuredmedia":[{"embeddable":true,"href":"https:\/\/agromt.news\/index.php?rest_route=\/wp\/v2\/media\/2359"}],"wp:attachment":[{"href":"https:\/\/agromt.news\/index.php?rest_route=%2Fwp%2Fv2%2Fmedia&parent=14479"}],"wp:term":[{"taxonomy":"category","embeddable":true,"href":"https:\/\/agromt.news\/index.php?rest_route=%2Fwp%2Fv2%2Fcategories&post=14479"},{"taxonomy":"post_tag","embeddable":true,"href":"https:\/\/agromt.news\/index.php?rest_route=%2Fwp%2Fv2%2Ftags&post=14479"}],"curies":[{"name":"wp","href":"https:\/\/api.w.org\/{rel}","templated":true}]}}