{"id":14474,"date":"2025-06-01T11:47:18","date_gmt":"2025-06-01T15:47:18","guid":{"rendered":"https:\/\/agromt.news\/?p=14474"},"modified":"2025-06-01T11:47:18","modified_gmt":"2025-06-01T15:47:18","slug":"semana-tem-ventos-de-100-km-h-em-3-regioes-e-chuva-de-100-mm","status":"publish","type":"post","link":"https:\/\/agromt.news\/?p=14474","title":{"rendered":"semana tem ventos de 100 km\/h em 3 regi\u00f5es e chuva de 100 mm"},"content":{"rendered":"<p> <br \/>\n<br \/><img decoding=\"async\" src=\"https:\/\/agromt.news\/wp-content\/uploads\/2024\/09\/1726500002_555_MS-e-o-momento-de-plantar-a-soja.jpg\" \/><\/p>\n<div>\n<p>A primeira semana de junho ser\u00e1 marcada por contrastes clim\u00e1ticos nas diferentes regi\u00f5es do Brasil. De acordo com o meteorologista Arthur M\u00fcller, do Canal Rural, \u00e1reas do Sul, Sudeste e Centro-Oeste enfrentar\u00e3o epis\u00f3dios de tempo severo, com risco de granizo, rajadas de vento superiores a 100 km\/h e acumulados elevados de chuva, o que pode afetar diretamente as opera\u00e7\u00f5es agr\u00edcolas. <\/p>\n<p>J\u00e1 no Norte e Nordeste, o cen\u00e1rio inclui chuvas localizadas e calor intenso, com destaque para a baixa umidade no interior e tempo firme que favorece o andamento da colheita em algumas \u00e1reas.<\/p>\n<h2 class=\"wp-block-heading\" id=\"h-sul\">Sul<\/h2>\n<p>Uma \u00e1rea de baixa press\u00e3o no Paraguai forma nuvens carregadas sobre o noroeste e a \u00e1rea central do <strong><a href=\"https:\/\/www.canalrural.com.br\/nacional\/rio-grande-do-sul\/\">Rio Grande do Sul<\/a><\/strong>, assim como no oeste de Santa Catarina. H\u00e1 risco de temporais no in\u00edcio da semana.<\/p>\n<p>Entre ter\u00e7a (3) e quarta-feira (4), a atua\u00e7\u00e3o de um cavado atmosf\u00e9rico aumenta a possibilidade de granizo e rajadas de vento acima de 100 km\/h em Santa Catarina, Paran\u00e1 e centro-norte do Rio Grande do Sul. O acumulado pode alcan\u00e7ar entre 70 e 100 mm, com risco de alagamentos em \u00e1reas urbanas e rurais.<\/p>\n<p>As lavouras de milho segunda safra podem ser impactadas, especialmente em Santa Catarina e Paran\u00e1. Em contrapartida, o tempo permanece firme no sudeste do Rio Grande do Sul, onde n\u00e3o h\u00e1 previs\u00e3o de temporais.<\/p>\n<p>As temperaturas seguem baixas pela manh\u00e3, mas voltam a subir \u00e0 tarde. As m\u00ednimas ficam acima de 10 \u00baC e as m\u00e1ximas podem superar 30 \u00baC no norte do Paran\u00e1.<\/p>\n<h2 class=\"wp-block-heading\" id=\"h-sudeste\">Sudeste<\/h2>\n<p>A infiltra\u00e7\u00e3o de umidade do oceano provoca chuva fraca a moderada no leste de S\u00e3o Paulo, sul do Rio de Janeiro, al\u00e9m do leste e norte do Esp\u00edrito Santo.<\/p>\n<p>No interior dos estados, o tempo segue firme com tardes mais quentes. Entre ter\u00e7a e sexta-feira (6), h\u00e1 risco de tempestades no estado de S\u00e3o Paulo, sul de Minas Gerais e Rio de Janeiro, com possibilidade de granizo e ventos de at\u00e9 100 km\/h.<\/p>\n<p>A moagem da cana-de-a\u00e7\u00facar ser\u00e1 impactada, principalmente em S\u00e3o Paulo, onde os acumulados devem chegar a 50 mm. A umidade, no entanto, favorece o interior paulista, que vinha enfrentando chuvas irregulares. <\/p>\n<p>No centro-sul de Minas Gerais, a chuva deve somar de 20 a 30 mm, atrasando a colheita do caf\u00e9. J\u00e1 no Esp\u00edrito Santo e no nordeste de Minas, os volumes ficam entre 10 e 15 mm. No noroeste mineiro, o tempo ser\u00e1 seco e quente, com m\u00e1xima de at\u00e9 36 \u00baC at\u00e9 o fim da semana.<\/p>\n<\/div>\n<div>\n<h2 class=\"wp-block-heading\" id=\"h-centro-oeste\">Centro-Oeste<\/h2>\n<p>A mesma baixa press\u00e3o que atua no Paraguai favorece a forma\u00e7\u00e3o de nuvens sobre o oeste e sul de Mato Grosso do Sul, onde volta a chover no in\u00edcio da semana. As temperaturas ficam mais amenas.<\/p>\n<p>A ter\u00e7a-feira ser\u00e1 de alerta para tempestades em Mato Grosso do Sul e no sul de Goi\u00e1s, com chance de granizo e ventos acima de 100 km\/h. Os acumulados devem variar entre 15 e 20 mm, o que n\u00e3o inviabiliza as opera\u00e7\u00f5es em campo, mas exige aten\u00e7\u00e3o.<\/p>\n<p>No centro-norte de Goi\u00e1s e em Mato Grosso, o tempo segue firme, com m\u00e1ximas entre 36 \u00baC e 37 \u00baC, especialmente no norte goiano e nordeste mato-grossense.<\/p>\n<h2 class=\"wp-block-heading\" id=\"h-nordeste\">Nordeste<\/h2>\n<p>Chove de forma moderada no sul da Bahia, com risco de temporais entre Sergipe e Alagoas, inclusive nas capitais. O litoral do Maranh\u00e3o tamb\u00e9m pode registrar chuva forte em v\u00e1rios momentos.<\/p>\n<p>No interior da regi\u00e3o, o ar segue seco e quente. Os menores \u00edndices de umidade s\u00e3o esperados no sul do Piau\u00ed e norte da Bahia. A faixa leste dos estados da Bahia, Pernambuco, Alagoas, Sergipe, Para\u00edba e Rio Grande do Norte deve registrar acumulados de 10 a 20 mm, mantendo boas condi\u00e7\u00f5es de umidade do ar.<\/p>\n<p>No oeste da Bahia, o tempo seco favorece o avan\u00e7o da colheita do algod\u00e3o. Maranh\u00e3o, Piau\u00ed e Cear\u00e1 tamb\u00e9m seguem com tempo firme, o que contribui para a continuidade dos trabalhos no campo.<\/p>\n<h2 class=\"wp-block-heading\" id=\"h-norte\">Norte<\/h2>\n<p>A previs\u00e3o indica sol entre nuvens e pancadas de chuva no norte do Amazonas, noroeste e litoral do Par\u00e1, Roraima e Amap\u00e1. Os volumes variam de moderados a fortes.<\/p>\n<p>Na regi\u00e3o sul da Amaz\u00f4nia, o tempo permanece seco. Os acumulados no centro-norte do Amazonas e do Par\u00e1 devem chegar a 50 mm, garantindo boa umidade do solo.<\/p>\n<p>Aten\u00e7\u00e3o para volumes superiores a 100 mm no extremo norte do Amazonas, Roraima e Amap\u00e1, que podem prejudicar o escoamento da produ\u00e7\u00e3o e danificar rodovias.<\/p>\n<p>No Acre, Rond\u00f4nia e Tocantins, o tempo segue quente e seco, com restri\u00e7\u00e3o h\u00eddrica para as lavouras de milho segunda safra, especialmente em Tocantins. Por outro lado, a colheita do caf\u00e9 avan\u00e7a sem impedimentos no Acre e em Rond\u00f4nia.<\/p>\n<\/p><\/div>\n<p><br \/>\n<br \/><a href=\"https:\/\/www.canalrural.com.br\/diversos\/previsao-do-tempo-semana-tem-ventos-de-100-km-h-em-3-regioes-e-chuva-de-100-mm\/\">Source link <\/a><\/p>\n","protected":false},"excerpt":{"rendered":"<p>A primeira semana de junho ser\u00e1 marcada por contrastes clim\u00e1ticos nas diferentes regi\u00f5es do Brasil. De acordo com o meteorologista<\/p>\n","protected":false},"author":1,"featured_media":2374,"comment_status":"open","ping_status":"open","sticky":false,"template":"","format":"standard","meta":{"_monsterinsights_skip_tracking":false,"_monsterinsights_sitenote_active":false,"_monsterinsights_sitenote_note":"","_monsterinsights_sitenote_category":0,"_uf_show_specific_survey":0,"_uf_disable_surveys":false,"footnotes":""},"categories":[1],"tags":[],"class_list":["post-14474","post","type-post","status-publish","format-standard","has-post-thumbnail","hentry","category-news"],"_links":{"self":[{"href":"https:\/\/agromt.news\/index.php?rest_route=\/wp\/v2\/posts\/14474"}],"collection":[{"href":"https:\/\/agromt.news\/index.php?rest_route=\/wp\/v2\/posts"}],"about":[{"href":"https:\/\/agromt.news\/index.php?rest_route=\/wp\/v2\/types\/post"}],"author":[{"embeddable":true,"href":"https:\/\/agromt.news\/index.php?rest_route=\/wp\/v2\/users\/1"}],"replies":[{"embeddable":true,"href":"https:\/\/agromt.news\/index.php?rest_route=%2Fwp%2Fv2%2Fcomments&post=14474"}],"version-history":[{"count":0,"href":"https:\/\/agromt.news\/index.php?rest_route=\/wp\/v2\/posts\/14474\/revisions"}],"wp:featuredmedia":[{"embeddable":true,"href":"https:\/\/agromt.news\/index.php?rest_route=\/wp\/v2\/media\/2374"}],"wp:attachment":[{"href":"https:\/\/agromt.news\/index.php?rest_route=%2Fwp%2Fv2%2Fmedia&parent=14474"}],"wp:term":[{"taxonomy":"category","embeddable":true,"href":"https:\/\/agromt.news\/index.php?rest_route=%2Fwp%2Fv2%2Fcategories&post=14474"},{"taxonomy":"post_tag","embeddable":true,"href":"https:\/\/agromt.news\/index.php?rest_route=%2Fwp%2Fv2%2Ftags&post=14474"}],"curies":[{"name":"wp","href":"https:\/\/api.w.org\/{rel}","templated":true}]}}