{"id":14472,"date":"2025-06-01T11:31:38","date_gmt":"2025-06-01T15:31:38","guid":{"rendered":"https:\/\/agromt.news\/?p=14472"},"modified":"2025-06-01T11:31:38","modified_gmt":"2025-06-01T15:31:38","slug":"vem-ai-pec-nordeste-2025-que-promete-impulsionar-o-agro-no-ceara","status":"publish","type":"post","link":"https:\/\/agromt.news\/?p=14472","title":{"rendered":"Vem a\u00ed \u2018PEC Nordeste 2025\u2019, que promete impulsionar o agro no Cear\u00e1"},"content":{"rendered":"<p> <br \/>\n<br \/><img decoding=\"async\" src=\"https:\/\/agromt.news\/wp-content\/uploads\/2025\/06\/Vem-ai-\u2018PEC-Nordeste-2025-que-promete-impulsionar-o-agro.jpg\" \/><\/p>\n<div>\n<p>Contagem regressiva para <a href=\"https:\/\/pecnordeste.com.br\/2025\/\">PEC Nordeste 2025<\/a>, que acontece de 5 a 7 de junho, no Centro de Eventos do Cear\u00e1, em Fortaleza. O evento pretende movimentar neg\u00f3cios, gerar conhecimento e fortalecer o agroneg\u00f3cio nordestino.<\/p>\n<p>\u201cPara esta edi\u00e7\u00e3o, esperamos movimentar R$ 150 milh\u00f5es em neg\u00f3cios e receber um p\u00fablico de 100 mil pessoas\u201d, diz Am\u00edlcar Silveira,<strong> <\/strong>presidente da Federa\u00e7\u00e3o da Agricultura e Pecu\u00e1ria do Estado do Cear\u00e1 (Faec).<\/p>\n<p>O PEC Nordeste 2025 \u00e9 uma realiza\u00e7\u00e3o do Sistema Faec\/Senar, em parceria com o <a href=\"https:\/\/ce.agenciasebrae.com.br\/inovacao-e-tecnologia\/contagem-regressiva-para-o-agro-pecnordeste-2025-que-deve-atrair-100-mil-visitantes\/\">Sebrae\/CE<\/a>. <\/p>\n<p>\u201cEste n\u00e3o ser\u00e1 apenas o maior PEC Nordeste da hist\u00f3ria, ser\u00e1 o maior evento j\u00e1 realizado no Centro de Eventos do Cear\u00e1 \u2014 e, certamente, um dos maiores indoor do Brasil. \u00c9 a maior demonstra\u00e7\u00e3o da for\u00e7a do agro\u201d, afirma Silveira. <\/p>\n<p>A <a href=\"https:\/\/www.canalrural.com.br\/empreendedorismo\/connection-terroirs-do-brasil-valoriza-saberes-sabores-e-negocios-regionais\/\">programa\u00e7\u00e3o traz muito conte\u00fado<\/a>, com capacita\u00e7\u00e3o e inova\u00e7\u00e3o, palestras, oficinas e mesas-redondas que abrangem 16 segmentos do agro, como agroind\u00fastria, apicultura e meliponicultura, aquicultura e pesca, avicultura caipira e industrial, bovinocultura de corte e de leite, entre outros. Al\u00e9m disso, haver\u00e1 o segmento PET.<\/p>\n<\/div>\n<div>\n<ul class=\"wp-block-list\">\n<li><em>Participe do Porteira Aberta Empreender: envie perguntas, sugest\u00f5es e conte sua hist\u00f3ria de empreendedorismo pelo\u00a0<\/em><a href=\"https:\/\/api.whatsapp.com\/send?phone=5511932796720&amp;PorteiraAbertaEmpreender=SuaMensagem\"><strong>WhatsApp<\/strong><\/a><\/li>\n<\/ul>\n<p>E a programa\u00e7\u00e3o n\u00e3o para por a\u00ed, n\u00e3o! O evento, contar\u00e1 tamb\u00e9m com o <a href=\"https:\/\/pecnordeste.com.br\/2025\/hackathon-agrotech-inova-2025\/\">Hackathon Agrotech Inova<\/a>, maratona de desenvolvimento de solu\u00e7\u00f5es inovadoras e tecnol\u00f3gicas voltada para os desafios do <a href=\"https:\/\/www.canalrural.com.br\/empreendedorismo\/inova-amazonia-summit-celebra-bioeconomia-sustentabilidade-e-inovacao-no-amapa\/\">agroneg\u00f3cio<\/a> no Estado do Cear\u00e1 e o <strong>Concurso Leiteiro<\/strong>, considerado o maior do Brasil, com 100 vacas leiteiras produzindo 4 mil litros de leite por dia.<\/p>\n<p>\u00a0A competi\u00e7\u00e3o ser\u00e1 realizada no estacionamento do Centro de Eventos, que passar\u00e1 por adapta\u00e7\u00f5es para abrigar a atividade, recebendo produtores de v\u00e1rios estados do Nordeste. Al\u00e9m disso, haver\u00e1 espa\u00e7os tradicionais como a Expocamar\u00e3o e o Mundo Somoscoop \u2013 voltado \u00e0 agricultura familiar. <\/p>\n<h2 class=\"wp-block-heading\" id=\"h-servico\">Servi\u00e7o <\/h2>\n<ul class=\"wp-block-list\">\n<li> <strong>PEC Nordeste 2025<\/strong><\/li>\n<li>\u00a0Datas: 5, 6 e 7 de junho de 2025<\/li>\n<li>\u00a0Local: Centro de Eventos do Cear\u00e1 \u2013 Fortaleza (CE)<\/li>\n<li>\u00a0Entrada: Gratuita<\/li>\n<\/ul><\/div>\n<p><br \/>\n<br \/><a href=\"https:\/\/www.canalrural.com.br\/empreendedorismo\/vem-ai-pec-nordeste-2025-que-promete-impulsionar-o-agro-no-ceara\/\">Source link <\/a><\/p>\n","protected":false},"excerpt":{"rendered":"<p>Contagem regressiva para PEC Nordeste 2025, que acontece de 5 a 7 de junho, no Centro de Eventos do Cear\u00e1,<\/p>\n","protected":false},"author":1,"featured_media":14473,"comment_status":"open","ping_status":"open","sticky":false,"template":"","format":"standard","meta":{"_monsterinsights_skip_tracking":false,"_monsterinsights_sitenote_active":false,"_monsterinsights_sitenote_note":"","_monsterinsights_sitenote_category":0,"_uf_show_specific_survey":0,"_uf_disable_surveys":false,"footnotes":""},"categories":[1],"tags":[],"class_list":["post-14472","post","type-post","status-publish","format-standard","has-post-thumbnail","hentry","category-news"],"_links":{"self":[{"href":"https:\/\/agromt.news\/index.php?rest_route=\/wp\/v2\/posts\/14472"}],"collection":[{"href":"https:\/\/agromt.news\/index.php?rest_route=\/wp\/v2\/posts"}],"about":[{"href":"https:\/\/agromt.news\/index.php?rest_route=\/wp\/v2\/types\/post"}],"author":[{"embeddable":true,"href":"https:\/\/agromt.news\/index.php?rest_route=\/wp\/v2\/users\/1"}],"replies":[{"embeddable":true,"href":"https:\/\/agromt.news\/index.php?rest_route=%2Fwp%2Fv2%2Fcomments&post=14472"}],"version-history":[{"count":0,"href":"https:\/\/agromt.news\/index.php?rest_route=\/wp\/v2\/posts\/14472\/revisions"}],"wp:featuredmedia":[{"embeddable":true,"href":"https:\/\/agromt.news\/index.php?rest_route=\/wp\/v2\/media\/14473"}],"wp:attachment":[{"href":"https:\/\/agromt.news\/index.php?rest_route=%2Fwp%2Fv2%2Fmedia&parent=14472"}],"wp:term":[{"taxonomy":"category","embeddable":true,"href":"https:\/\/agromt.news\/index.php?rest_route=%2Fwp%2Fv2%2Fcategories&post=14472"},{"taxonomy":"post_tag","embeddable":true,"href":"https:\/\/agromt.news\/index.php?rest_route=%2Fwp%2Fv2%2Ftags&post=14472"}],"curies":[{"name":"wp","href":"https:\/\/api.w.org\/{rel}","templated":true}]}}