{"id":1447,"date":"2024-09-12T00:52:15","date_gmt":"2024-09-12T04:52:15","guid":{"rendered":"https:\/\/agromt.news\/?p=1447"},"modified":"2024-09-12T00:52:15","modified_gmt":"2024-09-12T04:52:15","slug":"feira-global-de-maquinas-quer-superar-sucesso-de-2022","status":"publish","type":"post","link":"https:\/\/agromt.news\/?p=1447","title":{"rendered":"Feira global de m\u00e1quinas quer superar sucesso de 2022"},"content":{"rendered":"<p> <br \/>\n<\/p>\n<div>\n<div class=\"row\">\n<div class=\"col-lg col-infos mt-3 mt-lg-0\">\n<div class=\"section-sub-title\">\n<p itemprop=\"description\">\nEsse aumento \u00e9 impulsionado pela necessidade de investimentos em tecnologia agr\u00edcola\n<\/p>\n<\/div>\n<div class=\"container\">\n<div class=\"row\">\n<div class=\"col-lg p-0\">\n<div>\n<div class=\"block-news-main-infos mt-3 text-start\">\n<strong class=\"fn\" itemprop=\"author\" style=\"color: rgb(112, 112, 112); \"><br \/>\n<a href=\"https:\/\/www.agrolink.com.br\/noticias\/javascript:;\" class=\"text-uppercase\" target=\"_blank\" style=\"color: rgb(112, 112, 112); \" rel=\"noopener\">Agrolink<\/a><br \/>\n&#8211; Leonardo Gottems<br \/>\n<\/strong><br \/>\n<br \/>\n<abbr><time datetime=\"2024-09-11T14:14\" itemprop=\"datePublished dateModified\">Publicado em 11\/09\/2024 \u00e0s 14:14h.<\/time><\/abbr>\n<\/div>\n<\/div>\n<\/div>\n<div class=\"col-lg p-0 text-lg-end\">\n<div>\n<div id=\"mdEnviarPagina\" class=\"modal fade\" role=\"dialog\">\n<div class=\"modal-dialog\">\n<div class=\"modal-content\">\n<div class=\"modal-body\">\n<p><strong>Estimado usu\u00e1rio.<\/strong><br \/>Preencha o formul\u00e1rio abaixo para remeter a p\u00e1gina.<\/p>\n<\/div>\n<\/div>\n<\/div>\n<\/div>\n<\/div>\n<\/div>\n<\/div>\n<\/div>\n<\/div>\n<\/div>\n<div class=\"row justify-content-md-center mt-3\">\n<div class=\"col-lg-auto col-image  block-news-main-image d-none d-md-block\">\n<img decoding=\"async\" src=\"https:\/\/www.agrolink.com.br\/upload\/imagens-resizes\/8a858058128b4ee0824100f1cc998f79_858x483.jpg\" class=\"lazyload\" alt=\"Esse aumento \u00e9 impulsionado pela necessidade de investimentos em tecnologia agr\u00edcola\"\/><br \/>\n<span class=\"d-block mt-1\">Esse aumento \u00e9 impulsionado pela necessidade de investimentos em tecnologia agr\u00edcola &#8211; Foto: Canva<\/span>\n<\/div>\n<\/div>\n<div class=\"section-description section-description-noticias mt-3\">\n<p>A 46\u00aa edi\u00e7\u00e3o da EIMA International, uma das maiores exposi\u00e7\u00f5es globais de m\u00e1quinas agr\u00edcolas e de jardinagem, ser\u00e1 realizada em Bolonha, de 6 a 10 de novembro de 2024. Organizado pela FederUnacoma (Federa\u00e7\u00e3o Italiana de Fabricantes de M\u00e1quinas Agr\u00edcolas), o evento promete superar o sucesso da edi\u00e7\u00e3o de 2022, que contou com 327 mil participantes, sendo 57 mil visitantes internacionais. A feira contar\u00e1 com a presen\u00e7a de operadores de 150 pa\u00edses, incluindo na\u00e7\u00f5es como Estados Unidos, Tail\u00e2ndia, Austr\u00e1lia, Nig\u00e9ria e Bahamas, consolidando-se como um dos eventos mais internacionalizados do setor.\n<\/p>\n<p>Durante uma confer\u00eancia de imprensa realizada na sede da Ag\u00eancia Italiana de Com\u00e9rcio (ICE) em Roma, a presidente da FederUnacoma, Mariateresa Maschio, destacou a relev\u00e2ncia do mercado de m\u00e1quinas agr\u00edcolas, que movimentou cerca de 164 bilh\u00f5es de d\u00f3lares em 2023. Desse total, 57 bilh\u00f5es foram relacionados a tratores agr\u00edcolas, 73 bilh\u00f5es a outros tipos de maquin\u00e1rio e equipamentos, e 34 bilh\u00f5es destinados a componentes do setor. O crescimento anual de 4,7% no com\u00e9rcio de tratores nos \u00faltimos 15 anos indica que a demanda por tecnologia agr\u00edcola tende a aumentar.<\/p>\n<p>Esse aumento \u00e9 impulsionado pela necessidade de investimentos em tecnologia agr\u00edcola em diversos pa\u00edses, uma vez que a agricultura \u00e9 essencial para a seguran\u00e7a alimentar global e o fornecimento de mat\u00e9rias-primas para a ind\u00fastria e energia. Embora os maiores mercados atualmente sejam \u00cdndia, China, Estados Unidos e Europa, a demanda por m\u00e1quinas agr\u00edcolas dever\u00e1 crescer em pa\u00edses como Brasil, Argentina, Austr\u00e1lia, Indon\u00e9sia e Turquia.\n<\/p>\n<p>Al\u00e9m disso, a colabora\u00e7\u00e3o entre a ICE e a FederUnacoma possibilitar\u00e1 a realiza\u00e7\u00e3o de encontros comerciais durante a feira, com a participa\u00e7\u00e3o de mais de 450 operadores financeiros de 80 na\u00e7\u00f5es. Esses operadores foram selecionados pelos escrit\u00f3rios estrangeiros da ICE e atuar\u00e3o conforme seus interesses espec\u00edficos, o que refor\u00e7a a import\u00e2ncia da EIMA como plataforma estrat\u00e9gica para o desenvolvimento do setor agr\u00edcola global.<\/p>\n<\/div>\n<\/div>\n<p><script data-cfasync=\"false\">\n    !function (f, b, e, v, n, t, s) {\n        if (f.fbq) return; n = f.fbq = function () {\n            n.callMethod ?\n                n.callMethod.apply(n, arguments) : n.queue.push(arguments)\n        };\n        if (!f._fbq) f._fbq = n; n.push = n; n.loaded = !0; n.version = '2.0';\n        n.queue = []; t = b.createElement(e); t.async = !0;\n        t.src = v; s = b.getElementsByTagName(e)[0];\n        s.parentNode.insertBefore(t, s)\n    }(window, document, 'script',\n        'https:\/\/connect.facebook.net\/en_US\/fbevents.js');\n    fbq('init', '522546078623747');\n    fbq('track', 'PageView');\n<\/script><br \/>\n<br \/><br \/>\n<br \/><a href=\"https:\/\/www.agrolink.com.br\/noticias\/feira-global-de-maquinas-quer-superar-sucesso-de-2022_494863.html\">Source link <\/a><\/p>\n","protected":false},"excerpt":{"rendered":"<p>Esse aumento \u00e9 impulsionado pela necessidade de investimentos em tecnologia agr\u00edcola Agrolink &#8211; Leonardo Gottems Publicado em 11\/09\/2024 \u00e0s 14:14h.<\/p>\n","protected":false},"author":1,"featured_media":1448,"comment_status":"open","ping_status":"open","sticky":false,"template":"","format":"standard","meta":{"_monsterinsights_skip_tracking":false,"_monsterinsights_sitenote_active":false,"_monsterinsights_sitenote_note":"","_monsterinsights_sitenote_category":0,"_uf_show_specific_survey":0,"_uf_disable_surveys":false,"footnotes":""},"categories":[8,1,14],"tags":[],"class_list":["post-1447","post","type-post","status-publish","format-standard","has-post-thumbnail","hentry","category-agro","category-news","category-politica-agro"],"_links":{"self":[{"href":"https:\/\/agromt.news\/index.php?rest_route=\/wp\/v2\/posts\/1447"}],"collection":[{"href":"https:\/\/agromt.news\/index.php?rest_route=\/wp\/v2\/posts"}],"about":[{"href":"https:\/\/agromt.news\/index.php?rest_route=\/wp\/v2\/types\/post"}],"author":[{"embeddable":true,"href":"https:\/\/agromt.news\/index.php?rest_route=\/wp\/v2\/users\/1"}],"replies":[{"embeddable":true,"href":"https:\/\/agromt.news\/index.php?rest_route=%2Fwp%2Fv2%2Fcomments&post=1447"}],"version-history":[{"count":0,"href":"https:\/\/agromt.news\/index.php?rest_route=\/wp\/v2\/posts\/1447\/revisions"}],"wp:featuredmedia":[{"embeddable":true,"href":"https:\/\/agromt.news\/index.php?rest_route=\/wp\/v2\/media\/1448"}],"wp:attachment":[{"href":"https:\/\/agromt.news\/index.php?rest_route=%2Fwp%2Fv2%2Fmedia&parent=1447"}],"wp:term":[{"taxonomy":"category","embeddable":true,"href":"https:\/\/agromt.news\/index.php?rest_route=%2Fwp%2Fv2%2Fcategories&post=1447"},{"taxonomy":"post_tag","embeddable":true,"href":"https:\/\/agromt.news\/index.php?rest_route=%2Fwp%2Fv2%2Ftags&post=1447"}],"curies":[{"name":"wp","href":"https:\/\/api.w.org\/{rel}","templated":true}]}}