{"id":14468,"date":"2025-06-01T09:02:14","date_gmt":"2025-06-01T13:02:14","guid":{"rendered":"https:\/\/agromt.news\/?p=14468"},"modified":"2025-06-01T09:02:14","modified_gmt":"2025-06-01T13:02:14","slug":"plano-safra-deve-ter-mais-recursos-mas-com-acesso-mais-restrito","status":"publish","type":"post","link":"https:\/\/agromt.news\/?p=14468","title":{"rendered":"Plano Safra deve ter mais recursos, mas com acesso mais restrito"},"content":{"rendered":"<p> <br \/>\n<br \/><img decoding=\"async\" src=\"https:\/\/agromt.news\/wp-content\/uploads\/2024\/10\/Programa-Acredita-quer-desburocratizar-o-credito.jpeg\" \/><\/p>\n<div>\n<p>A disponibilidade de recursos no Plano Safra deve aumentar. A expectativa vem ap\u00f3s <a href=\"https:\/\/www.gov.br\/fazenda\/pt-br\/canais_atendimento\/imprensa\/notas-a-imprensa\/2025\/Maio\/cmn-altera-percentuais-de-direcionamentos-e-subdirecionamentos-dos-recursos-captados-pelas-instituicoes-financeiras-para-aplicacao-em-credito-rural\">resolu\u00e7\u00e3o<\/a> aprovada recentemente pelo <strong>Conselho Monet\u00e1rio Nacional (CMN)<\/strong>, que eleva os percentuais obrigat\u00f3rios de direcionamento dos dep\u00f3sitos banc\u00e1rios para o financiamento rural, de 30% para 31,5%. <\/p>\n<p>A medida \u00e9 apontada como uma tentativa do governo de ampliar a oferta de recursos no pr\u00f3ximo Plano Safra 2025\/2026.<\/p>\n<p>Segundo o diretor financeiro da Plantae Agrocr\u00e9dito, Paulo Ricardo Miralha Sampaio, as exigibilidades s\u00e3o fundamentais para tornar o Plano Safra mais robusto. \u201cO governo determina em que \u00e1rea e percentual os bancos devem aplicar parte dos recursos captados junto ao mercado. No caso do cr\u00e9dito rural, esse direcionamento \u00e9 essencial para garantir o financiamento da produ\u00e7\u00e3o agropecu\u00e1ria\u201d, afirma.<\/p>\n<p>Al\u00e9m do aumento percentual, o CMN tamb\u00e9m determinou outras mudan\u00e7as importantes: as cooperativas de cr\u00e9dito passam a ser respons\u00e1veis pelo controle do fluxo e cumprimento das exigibilidades das filiadas, o que, na avalia\u00e7\u00e3o de Sampaio, deve facilitar a opera\u00e7\u00e3o. A medida ser\u00e1 implementada de forma gradual, ao longo de quatro anos.<\/p>\n<\/div>\n<div>\n<h3 class=\"wp-block-heading\" id=\"h-mais-credito-mas-menor-acesso\">Mais cr\u00e9dito, mas menor acesso<\/h3>\n<p>Com o aumento das exigibilidades, a expectativa \u00e9 que mais recursos sejam destinados ao <a href=\"https:\/\/www.canalrural.com.br\/tag\/credito-rural\/\">cr\u00e9dito rural<\/a>, ampliando a oferta de financiamento aos produtores. No entanto, o especialista alerta: \u201cDevido aos elevados n\u00edveis de inadimpl\u00eancia no setor, as institui\u00e7\u00f5es financeiras devem adotar crit\u00e9rios mais rigorosos na concess\u00e3o desses cr\u00e9ditos. Isso pode restringir o acesso, tornando o processo de sele\u00e7\u00e3o mais seletivo para os produtores que buscam financiamento\u201d.<\/p>\n<p>O cen\u00e1rio econ\u00f4mico tamb\u00e9m \u00e9 um fator de preocupa\u00e7\u00e3o. A taxa Selic elevada e as dificuldades fiscais do governo federal limitam a capacidade do Tesouro Nacional de realizar a equaliza\u00e7\u00e3o das taxas de juros. Para Sampaio, essas medidas, embora importantes, n\u00e3o s\u00e3o suficientes para garantir o financiamento necess\u00e1rio ao setor agropecu\u00e1rio. \u201cO ambiente ser\u00e1 desafiador para o custo do cr\u00e9dito rural no pr\u00f3ximo Plano Safra\u201d, afirma.<\/p>\n<h3 class=\"wp-block-heading\" id=\"h-estrategia-e-o-caminho\">Estrat\u00e9gia \u00e9 o caminho<\/h3>\n<p>A partir de julho de 2025, quando come\u00e7a o novo ciclo agropecu\u00e1rio, a recomenda\u00e7\u00e3o do especialista \u00e9 que o produtor rural adote estrat\u00e9gias para minimizar riscos. \u201cO ideal \u00e9 buscar parcerias com tradings ou agroind\u00fastrias que possam ajudar no custeio dos insumos, al\u00e9m de fazer hedge de parte da produ\u00e7\u00e3o, garantindo um pre\u00e7o justo para ambos os lados.\u00a0<\/p>\n<p>Tamb\u00e9m \u00e9 fundamental reduzir ao m\u00e1ximo os custos e manter uma abordagem pr\u00e1tica e realista\u201d, orienta Sampaio.<\/p>\n<\/p><\/div>\n<p><br \/>\n<br \/><a href=\"https:\/\/www.canalrural.com.br\/agricultura\/plano-safra-deve-ter-mais-recursos-mas-com-acesso-mais-restrito\/\">Source link <\/a><\/p>\n","protected":false},"excerpt":{"rendered":"<p>A disponibilidade de recursos no Plano Safra deve aumentar. A expectativa vem ap\u00f3s resolu\u00e7\u00e3o aprovada recentemente pelo Conselho Monet\u00e1rio Nacional<\/p>\n","protected":false},"author":1,"featured_media":3714,"comment_status":"open","ping_status":"open","sticky":false,"template":"","format":"standard","meta":{"_monsterinsights_skip_tracking":false,"_monsterinsights_sitenote_active":false,"_monsterinsights_sitenote_note":"","_monsterinsights_sitenote_category":0,"_uf_show_specific_survey":0,"_uf_disable_surveys":false,"footnotes":""},"categories":[1],"tags":[],"class_list":["post-14468","post","type-post","status-publish","format-standard","has-post-thumbnail","hentry","category-news"],"_links":{"self":[{"href":"https:\/\/agromt.news\/index.php?rest_route=\/wp\/v2\/posts\/14468"}],"collection":[{"href":"https:\/\/agromt.news\/index.php?rest_route=\/wp\/v2\/posts"}],"about":[{"href":"https:\/\/agromt.news\/index.php?rest_route=\/wp\/v2\/types\/post"}],"author":[{"embeddable":true,"href":"https:\/\/agromt.news\/index.php?rest_route=\/wp\/v2\/users\/1"}],"replies":[{"embeddable":true,"href":"https:\/\/agromt.news\/index.php?rest_route=%2Fwp%2Fv2%2Fcomments&post=14468"}],"version-history":[{"count":0,"href":"https:\/\/agromt.news\/index.php?rest_route=\/wp\/v2\/posts\/14468\/revisions"}],"wp:featuredmedia":[{"embeddable":true,"href":"https:\/\/agromt.news\/index.php?rest_route=\/wp\/v2\/media\/3714"}],"wp:attachment":[{"href":"https:\/\/agromt.news\/index.php?rest_route=%2Fwp%2Fv2%2Fmedia&parent=14468"}],"wp:term":[{"taxonomy":"category","embeddable":true,"href":"https:\/\/agromt.news\/index.php?rest_route=%2Fwp%2Fv2%2Fcategories&post=14468"},{"taxonomy":"post_tag","embeddable":true,"href":"https:\/\/agromt.news\/index.php?rest_route=%2Fwp%2Fv2%2Ftags&post=14468"}],"curies":[{"name":"wp","href":"https:\/\/api.w.org\/{rel}","templated":true}]}}