{"id":14455,"date":"2025-05-31T12:55:21","date_gmt":"2025-05-31T16:55:21","guid":{"rendered":"https:\/\/agromt.news\/?p=14455"},"modified":"2025-05-31T12:55:21","modified_gmt":"2025-05-31T16:55:21","slug":"nova-planta-de-flor-azul-e-descoberta-mas-ja-corre-risco-de-extincao","status":"publish","type":"post","link":"https:\/\/agromt.news\/?p=14455","title":{"rendered":"Nova planta de flor azul \u00e9 descoberta, mas j\u00e1 corre risco de extin\u00e7\u00e3o"},"content":{"rendered":"<p> <br \/>\n<br \/><img decoding=\"async\" src=\"https:\/\/agromt.news\/wp-content\/uploads\/2025\/05\/Nova-planta-de-flor-azul-e-descoberta-mas-ja-corre.jpg\" \/><\/p>\n<div>\n<p>A Universidade Estadual de Goi\u00e1s (UEG) fez o registro de uma nova esp\u00e9cie de planta do Cerrado que acaba de ser oficialmente registrada pela ci\u00eancia: <em>Jacquemontia verae<\/em> M.Pastore, I.L.Morais &amp; Sim.Bianch.\u00a0<\/p>\n<p>Trata-se de um subarbusto de flores azuis com at\u00e9 1,2 metro de altura, t\u00edpico da vegeta\u00e7\u00e3o de <strong><a href=\"https:\/\/www.canalrural.com.br\/tag\/cerrado\/\">Cerrado<\/a><\/strong> Rupestre.<\/p>\n<p>A descoberta foi conduzida pela professora Isa Lucia de Morais, docente da institui\u00e7\u00e3o e do curso de Ci\u00eancias Biol\u00f3gicas. \u201cDescobrir novas esp\u00e9cies \u00e9 fundamental para compreendermos a biodiversidade e conservarmos a natureza\u201d, afirma.<\/p>\n<p>A esp\u00e9cie recebeu o nome <em>verae<\/em> em homenagem \u00e0 professora doutora Vera L\u00facia Gomes Klein, reconhecida por suas contribui\u00e7\u00f5es \u00e0 bot\u00e2nica brasileira, especialmente em Goi\u00e1s e Tocantins. <\/p>\n<\/div>\n<div>\n<p>A <em>Jacquemontia verae<\/em> foi encontrada em uma \u00fanica popula\u00e7\u00e3o isolada, nas margens da rodovia GO-401, em um trecho montanhoso que leva \u00e0 Serra da Fortaleza. Levantamentos realizados em \u00e1reas com caracter\u00edsticas semelhantes n\u00e3o identificaram outras ocorr\u00eancias da esp\u00e9cie.<\/p>\n<p>Isa Lucia ressalta que o local est\u00e1 fora de \u00e1reas protegidas e sofre forte press\u00e3o ambiental, devido \u00e0s recentes obras de pavimenta\u00e7\u00e3o da rodovia, que afetam diretamente o habitat da planta.<\/p>\n<p>Diante da situa\u00e7\u00e3o cr\u00edtica, os autores da pesquisa avaliam informalmente o estado de conserva\u00e7\u00e3o da nova esp\u00e9cie como \u201cCriticamente em Perigo\u201d (CR), de acordo com os crit\u00e9rios da Uni\u00e3o Internacional para a Conserva\u00e7\u00e3o da Natureza (IUCN).<\/p>\n<p>Como medidas urgentes, os pesquisadores recomendam o estabelecimento de \u00e1reas protegidas na regi\u00e3o e a coleta de sementes e exemplares vivos para projetos de restaura\u00e7\u00e3o ecol\u00f3gica.<\/p>\n<p>*<em>Sob supervis\u00e3o de Victor Faverin<\/em><\/p>\n<\/p><\/div>\n<p><br \/>\n<br \/><a href=\"https:\/\/www.canalrural.com.br\/sustentabilidade\/nova-planta-de-flor-azul-e-descoberta-mas-ja-corre-risco-de-extincao\/\">Source link <\/a><\/p>\n","protected":false},"excerpt":{"rendered":"<p>A Universidade Estadual de Goi\u00e1s (UEG) fez o registro de uma nova esp\u00e9cie de planta do Cerrado que acaba de<\/p>\n","protected":false},"author":1,"featured_media":14456,"comment_status":"open","ping_status":"open","sticky":false,"template":"","format":"standard","meta":{"_monsterinsights_skip_tracking":false,"_monsterinsights_sitenote_active":false,"_monsterinsights_sitenote_note":"","_monsterinsights_sitenote_category":0,"_uf_show_specific_survey":0,"_uf_disable_surveys":false,"footnotes":""},"categories":[1],"tags":[],"class_list":["post-14455","post","type-post","status-publish","format-standard","has-post-thumbnail","hentry","category-news"],"_links":{"self":[{"href":"https:\/\/agromt.news\/index.php?rest_route=\/wp\/v2\/posts\/14455"}],"collection":[{"href":"https:\/\/agromt.news\/index.php?rest_route=\/wp\/v2\/posts"}],"about":[{"href":"https:\/\/agromt.news\/index.php?rest_route=\/wp\/v2\/types\/post"}],"author":[{"embeddable":true,"href":"https:\/\/agromt.news\/index.php?rest_route=\/wp\/v2\/users\/1"}],"replies":[{"embeddable":true,"href":"https:\/\/agromt.news\/index.php?rest_route=%2Fwp%2Fv2%2Fcomments&post=14455"}],"version-history":[{"count":0,"href":"https:\/\/agromt.news\/index.php?rest_route=\/wp\/v2\/posts\/14455\/revisions"}],"wp:featuredmedia":[{"embeddable":true,"href":"https:\/\/agromt.news\/index.php?rest_route=\/wp\/v2\/media\/14456"}],"wp:attachment":[{"href":"https:\/\/agromt.news\/index.php?rest_route=%2Fwp%2Fv2%2Fmedia&parent=14455"}],"wp:term":[{"taxonomy":"category","embeddable":true,"href":"https:\/\/agromt.news\/index.php?rest_route=%2Fwp%2Fv2%2Fcategories&post=14455"},{"taxonomy":"post_tag","embeddable":true,"href":"https:\/\/agromt.news\/index.php?rest_route=%2Fwp%2Fv2%2Ftags&post=14455"}],"curies":[{"name":"wp","href":"https:\/\/api.w.org\/{rel}","templated":true}]}}