{"id":14453,"date":"2025-05-31T12:19:25","date_gmt":"2025-05-31T16:19:25","guid":{"rendered":"https:\/\/agromt.news\/?p=14453"},"modified":"2025-05-31T12:19:25","modified_gmt":"2025-05-31T16:19:25","slug":"brasil-realiza-primeira-exportacao-de-abacate-para-o-chile","status":"publish","type":"post","link":"https:\/\/agromt.news\/?p=14453","title":{"rendered":"Brasil realiza primeira exporta\u00e7\u00e3o de abacate para o Chile"},"content":{"rendered":"<p> <br \/>\n<\/p>\n<div>\n<p style=\"text-align:justify\">O Brasil acaba de atingir um marco hist\u00f3rico na fruticultura, a primeira carga de abacate, tipo Hass, mais conhecido como avocado, foi oficialmente exportada para o Chile. O embarque foi realizado pela empresa Carlini Avocados e representa um novo cap\u00edtulo para o setor, que tem crescido de forma acelerada nos \u00faltimos anos.&#13;\n<\/p>\n<p style=\"text-align:justify\">Como parte das a\u00e7\u00f5es estrat\u00e9gicas de promo\u00e7\u00e3o internacional, a Abrafrutas por meio do projeto Frutas do Brasil, em parceria com a Ag\u00eancia Brasileira de Promo\u00e7\u00e3o de Exporta\u00e7\u00f5es e Investimentos (ApexBrasil) realizou ontem, dia 28 de maio, o Frutas do Brasil Festival \u2013 Chile, evento especial que ocorreu no Hotel Ritz, em Santiago. A iniciativa contou com a presen\u00e7a de importadores chilenos, autoridades locais e representantes de empresas e institui\u00e7\u00f5es estrat\u00e9gicas para o fortalecimento das exporta\u00e7\u00f5es brasileiras de avocado.<\/p>\n<p style=\"text-align:justify\">O festival refor\u00e7ou o compromisso da Abrafrutas em ampliar a presen\u00e7a da fruticultura brasileira no mercado internacional, promovendo as frutas tropicais como produtos de excel\u00eancia, com qualidade reconhecida e alto valor agregado.<\/p>\n<p style=\"text-align:justify\">A abertura do mercado chileno para o avocado brasileiro s\u00f3 foi poss\u00edvel gra\u00e7as ao trabalho conjunto da Associa\u00e7\u00e3o Brasileira dos Produtores e Exportadores de Frutas e Derivados (Abrafrutas) com o Minist\u00e9rio da Agricultura e Pecu\u00e1ria (MAPA) e o Minist\u00e9rio das Rela\u00e7\u00f5es Exteriores (MRE), que atuaram fortemente para o cumprimento das exig\u00eancias fitossanit\u00e1rias e regulat\u00f3rias do pa\u00eds andino.&#13;\n<\/p>\n<p style=\"text-align:justify\">O Chile \u00e9 reconhecido como o segundo maior consumidor per capita de avocado do mundo, atr\u00e1s apenas do M\u00e9xico. De acordo com dados do Comit\u00ea de Paltas do Chile, em 2024, o consumo per capita no pa\u00eds atingiu 8,6 kg por pessoa ao ano, superando os 8,2 kg registrados em 2023. Esse crescimento reflete a alta demanda interna e a prefer\u00eancia dos chilenos por essa fruta, o que o consolida como um dos principais mercados consumidores de avocado a n\u00edvel global.<\/p>\n<p style=\"text-align:justify\">Em 2024, o Brasil exportou mais de 24 mil toneladas de abacates. J\u00e1 no primeiro trimestre de 2025, foram mais de 6 mil toneladas enviadas ao exterior, o que demonstra crescente interesse pelo produto nacional.<\/p>\n<p style=\"text-align:justify\">O estado de S\u00e3o Paulo \u00e9 o principal produtor de abacate no Brasil, respondendo por quase 45% da produ\u00e7\u00e3o nacional. \u00a0Segundo o Instituto de Economia Agr\u00edcola (IEA \u2013 Apta), em 2023, o estado produziu 192 mil toneladas da fruta, um aumento de 8,54% em rela\u00e7\u00e3o ao ano anterior. Esse volume coloca S\u00e3o Paulo \u00e0 frente de outros estados produtores, como Minas Gerais e Paran\u00e1.\u00a0&#13;\n<\/p>\n<p style=\"text-align:justify\">\u201cO envio de abacate ao Chile \u00e9 um marco. \u00c9 resultado de um esfor\u00e7o coordenado que comprova a capacidade do Brasil de atender mercados em todo o mundo\u201d, afirma Eduardo Brand\u00e3o, diretor executivo da Abrafrutas.<br \/>&#13;<br \/>\n\u00a0<\/p>\n<\/p><\/div>\n<p><script data-cfasync=\"false\">\n    !function (f, b, e, v, n, t, s) {\n        if (f.fbq) return; n = f.fbq = function () {\n            n.callMethod ?\n                n.callMethod.apply(n, arguments) : n.queue.push(arguments)\n        };\n        if (!f._fbq) f._fbq = n; n.push = n; n.loaded = !0; n.version = '2.0';\n        n.queue = []; t = b.createElement(e); t.async = !0;\n        t.src = v; s = b.getElementsByTagName(e)[0];\n        s.parentNode.insertBefore(t, s)\n    }(window, document, 'script',\n        'https:\/\/connect.facebook.net\/en_US\/fbevents.js');\n    fbq('init', '522546078623747');\n    fbq('track', 'PageView');\n<\/script><br \/>\n<br \/><br \/>\n<br \/><a href=\"https:\/\/www.agrolink.com.br\/noticias\/brasil-realiza-primeira-exportacao-de-abacate-para-o-chile_502503.html\">Source link <\/a><\/p>\n","protected":false},"excerpt":{"rendered":"<p>O Brasil acaba de atingir um marco hist\u00f3rico na fruticultura, a primeira carga de abacate, tipo Hass, mais conhecido como<\/p>\n","protected":false},"author":1,"featured_media":14454,"comment_status":"open","ping_status":"open","sticky":false,"template":"","format":"standard","meta":{"_monsterinsights_skip_tracking":false,"_monsterinsights_sitenote_active":false,"_monsterinsights_sitenote_note":"","_monsterinsights_sitenote_category":0,"_uf_show_specific_survey":0,"_uf_disable_surveys":false,"footnotes":""},"categories":[8,1,14],"tags":[],"class_list":["post-14453","post","type-post","status-publish","format-standard","has-post-thumbnail","hentry","category-agro","category-news","category-politica-agro"],"_links":{"self":[{"href":"https:\/\/agromt.news\/index.php?rest_route=\/wp\/v2\/posts\/14453"}],"collection":[{"href":"https:\/\/agromt.news\/index.php?rest_route=\/wp\/v2\/posts"}],"about":[{"href":"https:\/\/agromt.news\/index.php?rest_route=\/wp\/v2\/types\/post"}],"author":[{"embeddable":true,"href":"https:\/\/agromt.news\/index.php?rest_route=\/wp\/v2\/users\/1"}],"replies":[{"embeddable":true,"href":"https:\/\/agromt.news\/index.php?rest_route=%2Fwp%2Fv2%2Fcomments&post=14453"}],"version-history":[{"count":0,"href":"https:\/\/agromt.news\/index.php?rest_route=\/wp\/v2\/posts\/14453\/revisions"}],"wp:featuredmedia":[{"embeddable":true,"href":"https:\/\/agromt.news\/index.php?rest_route=\/wp\/v2\/media\/14454"}],"wp:attachment":[{"href":"https:\/\/agromt.news\/index.php?rest_route=%2Fwp%2Fv2%2Fmedia&parent=14453"}],"wp:term":[{"taxonomy":"category","embeddable":true,"href":"https:\/\/agromt.news\/index.php?rest_route=%2Fwp%2Fv2%2Fcategories&post=14453"},{"taxonomy":"post_tag","embeddable":true,"href":"https:\/\/agromt.news\/index.php?rest_route=%2Fwp%2Fv2%2Ftags&post=14453"}],"curies":[{"name":"wp","href":"https:\/\/api.w.org\/{rel}","templated":true}]}}