{"id":14449,"date":"2025-05-31T10:53:31","date_gmt":"2025-05-31T14:53:31","guid":{"rendered":"https:\/\/agromt.news\/?p=14449"},"modified":"2025-05-31T10:53:31","modified_gmt":"2025-05-31T14:53:31","slug":"cachaca-mineira-ganha-medalha-de-ouro-em-concurso-internacional","status":"publish","type":"post","link":"https:\/\/agromt.news\/?p=14449","title":{"rendered":"Cacha\u00e7a mineira ganha medalha de ouro em concurso internacional"},"content":{"rendered":"<p> <br \/>\n<\/p>\n<div>\n<p>A cacha\u00e7a Flor das Gerais Dorna \u00danica, produzida em Felixl\u00e2ndia, na regi\u00e3o central de Minas Gerais, recebeu medalha de ouro no <em>International Organic Products Competition<\/em>. <\/p>\n<p>O evento aconteceu neste m\u00eas na <strong><a href=\"https:\/\/www.canalrural.com.br\/tag\/franca\/\">Fran\u00e7a<\/a><\/strong> e premiou os melhores produtos org\u00e2nicos em diversas categorias.<\/p>\n<p>O produtor Daniel Duarte de Oliveira, que tamb\u00e9m \u00e9 agr\u00f4nomo e respons\u00e1vel t\u00e9cnico da marca, considera que o reconhecimento n\u00e3o consagra apenas a dedica\u00e7\u00e3o da fam\u00edlia, mas tamb\u00e9m a bebida brasileira.<\/p>\n<p>\u201cA gente fica muito feliz, pois \u00e9 a primeira vez que uma cacha\u00e7a org\u00e2nica brasileira vence essa premia\u00e7\u00e3o. Para n\u00f3s, fecha um ciclo de 20 anos de produ\u00e7\u00e3o org\u00e2nica e tamb\u00e9m \u00e9 o reconhecimento de todo nosso trabalho.\u201d<\/p>\n<p>Al\u00e9m disso, a bebida produzida na Fazenda Mour\u00f5es tem como diferencial o envelhecimento por quatro anos em ton\u00e9is de amburana e j\u00e1 conquistou outras premia\u00e7\u00f5es nacionais e internacionais.<\/p>\n<h2 class=\"wp-block-heading\">Primeira cacha\u00e7a certificada<\/h2>\n<p>A coordenadora regional da Empresa de Assist\u00eancia T\u00e9cnica e Extens\u00e3o Rural de Minas Gerais (Emater-MG), Alessandra Miranda, acredita que com a premia\u00e7\u00e3o, a iguaria mineira pode ser mais conhecida. <\/p>\n<p>\u201cFoi a primeira vez que tivemos uma cacha\u00e7a mineira premiada em um concurso internacional de bebida org\u00e2nica. Esperamos que, muito em breve, a cacha\u00e7a tenha a mesma relev\u00e2ncia e sucesso que hoje temos com os caf\u00e9s especiais e os queijos mineiros.\u201d<\/p>\n<p>Ali\u00e1s, a marca da bebida vencedora \u00e9 a primeira certificada como 100% org\u00e2nica pelo Instituto Mineiro de Agropecu\u00e1ria (IMA). Al\u00e9m disso, j\u00e1 recebeu outras premia\u00e7\u00f5es no Concurso Nacional de Cacha\u00e7a, no <em>New Spritis<\/em> e no Concurso da Emater-MG.<\/p>\n<h2 class=\"wp-block-heading\" id=\"h-producao-familiar\">Produ\u00e7\u00e3o familiar<\/h2>\n<p>O produtor Daniel Duarte conta que a fabrica\u00e7\u00e3o da cacha\u00e7a tamb\u00e9m fica por conta dos pais, Ad\u00e3o Manuel de Oliveira e L\u00facia de Oliveira, al\u00e9m de suas irm\u00e3s e de quatro colaboradores.<\/p>\n<\/div>\n<div>\n<p>Manuel relata que a produ\u00e7\u00e3o da bebida est\u00e1 na fam\u00edlia desde 1912 e vem sendo transmitida \u00e0s gera\u00e7\u00f5es seguintes. \u201c\u00c9 uma honra presenciar a continuidade do trabalho. Minhas filhas e o Daniel j\u00e1 s\u00e3o a quarta gera\u00e7\u00e3o\u201d, orgulha-se.<\/p>\n<p>Mas a atividade n\u00e3o foi a primeira op\u00e7\u00e3o do respons\u00e1vel t\u00e9cnico da Flor das Gerais. Formado em agronomia, dedicou-se a outros trabalhos fora da fazenda. Devido ao pouco retorno financeiro que a fam\u00edlia estava obtendo com a produ\u00e7\u00e3o da bebida, Daniel Duarte decidiu conciliar a atividade que j\u00e1 exercia com as orienta\u00e7\u00f5es no alambique.<\/p>\n<p>A redu\u00e7\u00e3o da quantidade produzida, melhoramento do cultivo org\u00e2nico e do processo de envelhecimento est\u00e3o entre as altera\u00e7\u00f5es realizadas inicialmente e que s\u00e3o mantidas at\u00e9 hoje.<\/p>\n<h2 class=\"wp-block-heading\" id=\"h-modelo-organico-da-cachaca\">Modelo org\u00e2nico da cacha\u00e7a<\/h2>\n<div class=\"wp-block-image\">\n<figure class=\"aligncenter size-large is-resized\"><img fetchpriority=\"high\" decoding=\"async\" width=\"1024\" height=\"891\" alt=\"\" class=\"wp-image-4103260\" style=\"width:541px;height:auto\"  data-lazy- src=\"https:\/\/agromt.news\/wp-content\/uploads\/2025\/05\/Cachaca-mineira-ganha-medalha-de-ouro-em-concurso-internacional.jpeg\"\/><img decoding=\"async\" width=\"1024\" height=\"891\" src=\"https:\/\/agromt.news\/wp-content\/uploads\/2025\/05\/Cachaca-mineira-ganha-medalha-de-ouro-em-concurso-internacional.jpeg\" alt=\"\" class=\"wp-image-4103260\" style=\"width:541px;height:auto\"  \/><figcaption class=\"wp-element-caption\">Foto: Divulga\u00e7\u00e3o<\/figcaption><\/figure>\n<\/div>\n<p>Os trabalhos no modelo org\u00e2nico come\u00e7aram em 2006. Ap\u00f3s tr\u00eas anos, obtiveram a certifica\u00e7\u00e3o de produto org\u00e2nico pelo IMA. Desde ent\u00e3o, para manter a certifica\u00e7\u00e3o, o trabalho \u00e9 realizado continuamente.<\/p>\n<p>\u201cA Emater-MG nos auxiliou na corre\u00e7\u00e3o topogr\u00e1fica, marcando as curvas de n\u00edvel e estamos iniciando os trabalhos com assist\u00eancia no uso de microbiol\u00f3gicos para controle de pragas e doen\u00e7as e para melhoria da fertilidade do solo\u201d, comenta Daniel Duarte.<\/p>\n<p>Atualmente a produ\u00e7\u00e3o gira em torno de 10 mil litros por ano e n\u00e3o h\u00e1 previs\u00e3o de aumento, pois a meta \u00e9 garantir a qualidade.<\/p>\n<h2 class=\"wp-block-heading\" id=\"h-visitacao\">Visita\u00e7\u00e3o<\/h2>\n<p>Para quem deseja degustar a bebida, a Fazenda Mour\u00f5es est\u00e1 com a porteira aberta para receber os visitantes por meio do Projeto Ruralidade Viva, promovido pela Emater-MG.<\/p>\n<p>O programa \u00e9 realizado conjuntamente com as secretarias estaduais e municipais de Turismo, Cultura e Agricultura com o apoio dos Circuitos Tur\u00edsticos e das ag\u00eancias de viagem. Visa, tamb\u00e9m, promover experi\u00eancias tur\u00edsticas, incentivar a diversifica\u00e7\u00e3o de atividades e melhorar a gera\u00e7\u00e3o de renda dos produtores.<\/p>\n<p><em>*Sob supervis\u00e3o de Victor Faverin<\/em><\/p>\n<\/p><\/div>\n<p><br \/>\n<br \/><a href=\"https:\/\/www.canalrural.com.br\/agricultura\/cachaca-mineira-ganha-medalha-de-ouro-em-concurso-internacional\/\">Source link <\/a><\/p>\n","protected":false},"excerpt":{"rendered":"<p>A cacha\u00e7a Flor das Gerais Dorna \u00danica, produzida em Felixl\u00e2ndia, na regi\u00e3o central de Minas Gerais, recebeu medalha de ouro<\/p>\n","protected":false},"author":1,"featured_media":14450,"comment_status":"open","ping_status":"open","sticky":false,"template":"","format":"standard","meta":{"_monsterinsights_skip_tracking":false,"_monsterinsights_sitenote_active":false,"_monsterinsights_sitenote_note":"","_monsterinsights_sitenote_category":0,"_uf_show_specific_survey":0,"_uf_disable_surveys":false,"footnotes":""},"categories":[1],"tags":[],"class_list":["post-14449","post","type-post","status-publish","format-standard","has-post-thumbnail","hentry","category-news"],"_links":{"self":[{"href":"https:\/\/agromt.news\/index.php?rest_route=\/wp\/v2\/posts\/14449"}],"collection":[{"href":"https:\/\/agromt.news\/index.php?rest_route=\/wp\/v2\/posts"}],"about":[{"href":"https:\/\/agromt.news\/index.php?rest_route=\/wp\/v2\/types\/post"}],"author":[{"embeddable":true,"href":"https:\/\/agromt.news\/index.php?rest_route=\/wp\/v2\/users\/1"}],"replies":[{"embeddable":true,"href":"https:\/\/agromt.news\/index.php?rest_route=%2Fwp%2Fv2%2Fcomments&post=14449"}],"version-history":[{"count":0,"href":"https:\/\/agromt.news\/index.php?rest_route=\/wp\/v2\/posts\/14449\/revisions"}],"wp:featuredmedia":[{"embeddable":true,"href":"https:\/\/agromt.news\/index.php?rest_route=\/wp\/v2\/media\/14450"}],"wp:attachment":[{"href":"https:\/\/agromt.news\/index.php?rest_route=%2Fwp%2Fv2%2Fmedia&parent=14449"}],"wp:term":[{"taxonomy":"category","embeddable":true,"href":"https:\/\/agromt.news\/index.php?rest_route=%2Fwp%2Fv2%2Fcategories&post=14449"},{"taxonomy":"post_tag","embeddable":true,"href":"https:\/\/agromt.news\/index.php?rest_route=%2Fwp%2Fv2%2Ftags&post=14449"}],"curies":[{"name":"wp","href":"https:\/\/api.w.org\/{rel}","templated":true}]}}