{"id":14443,"date":"2025-05-31T06:23:20","date_gmt":"2025-05-31T10:23:20","guid":{"rendered":"https:\/\/agromt.news\/?p=14443"},"modified":"2025-05-31T06:23:20","modified_gmt":"2025-05-31T10:23:20","slug":"vazio-sanitario-da-soja-comeca-neste-domingo-em-sao-paulo","status":"publish","type":"post","link":"https:\/\/agromt.news\/?p=14443","title":{"rendered":"Vazio sanit\u00e1rio da soja come\u00e7a neste domingo em S\u00e3o Paulo"},"content":{"rendered":"<p> <br \/>\n<\/p>\n<div>\n<div class=\"row\">\n<div class=\"col-lg col-infos mt-0 mt-lg-0\">\n<div class=\"section-sub-title\">\n<p itemprop=\"description\">&#13;<br \/>\n                                Come\u00e7a o vazio sanit\u00e1rio da soja na Regi\u00e3o 1 de S\u00e3o Paulo&#13;\n                            <\/p>\n<\/p><\/div>\n<div class=\"container\">\n<div class=\"row\">\n<div class=\"col-lg p-0\">\n<div>\n<div class=\"block-news-main-infos mt-3 text-start\">\n<p>                                            <strong class=\"fn\" itemprop=\"author\" style=\"color: rgb(112, 112, 112); \">&#13;<br \/>\n                                                <a href=\"https:\/\/www.agrolink.com.br\/noticias\/javascript:;\" class=\"text-uppercase\" target=\"_blank\" style=\"color: rgb(112, 112, 112); \" rel=\"noopener\">Agrolink<\/a>&#13;<br \/>\n&#13;<br \/>\n                                                    &#8211; Seane Lennon&#13;<br \/>\n&#13;<br \/>\n                                            <\/strong><br \/>\n                                        <\/p>\n<p>                                            <abbr><time datetime=\"2025-05-30T17:37\" itemprop=\"datePublished dateModified\">Publicado em 30\/05\/2025 \u00e0s 17:37h.<\/time><\/abbr><br \/>\n                                            <\/p><\/div>\n<\/p><\/div>\n<\/p><\/div>\n<div class=\"col-lg p-0 text-lg-end\">\n<div>\n<div id=\"mdEnviarPagina\" class=\"modal fade\" role=\"dialog\">\n<div class=\"modal-dialog\">\n<div class=\"modal-content\">\n<div class=\"modal-body\">\n<p><strong>Estimado usu\u00e1rio.<\/strong><br \/>Preencha o formul\u00e1rio abaixo para remeter a p\u00e1gina.<\/p>\n<\/p><\/div>\n<\/p><\/div>\n<\/p><\/div>\n<\/div><\/div>\n<\/p><\/div>\n<\/p><\/div>\n<\/p><\/div>\n<\/p><\/div>\n<\/p><\/div>\n<div class=\"row justify-content-md-center mt-3\">\n<div class=\"col-lg-auto col-image block-news-main-image\">\n<p>                                <img decoding=\"async\" src=\"https:\/\/www.agrolink.com.br\/upload\/imagens-resizes\/82c56d7678f0481b8e6eb19612e0c7aa_858x483.jpg\" class=\"lazyload img-fluid\"\/><br \/>\n                                                <span class=\"publicity-photo d-block mt-1\">Foto: Pixabay<\/span><\/p><\/div>\n<\/p><\/div>\n<div class=\"section-description section-description-noticias mt-3\">\n<p style=\"text-align:justify\">A Coordenadoria de Defesa Agropecu\u00e1ria (CDA) da Secretaria de Agricultura e Abastecimento de S\u00e3o Paulo anunciou o in\u00edcio do per\u00edodo de vazio sanit\u00e1rio da <a href=\"https:\/\/www.agrolink.com.br\/culturas\/soja?utm_source=agrolink-detalhe-noticia&amp;utm_medium=detalhe-noticia&amp;utm_campaign=links-internos\" target=\"_blank\" rel=\"noopener\">soja<\/a> na Regi\u00e3o 1 do estado. A medida entra em vigor neste domingo, 1\u00ba de junho, e se estende at\u00e9 31 de agosto, com o objetivo de conter o fungo Phakopsora pachyrhizi, respons\u00e1vel pela ferrugem asi\u00e1tica da soja.&#13;\n<\/p>\n<p style=\"text-align:justify\">Segundo a CDA, a medida segue o que determina a Portaria n\u00ba 1.271\/2025 do Minist\u00e9rio da Agricultura e Pecu\u00e1ria (Mapa), que estabeleceu os calend\u00e1rios nacionais do vazio sanit\u00e1rio e da semeadura da soja para a safra 2025\/2026. A divis\u00e3o do estado em tr\u00eas regi\u00f5es altera os prazos de acordo com a \u00e1rea de cultivo.<\/p>\n<p style=\"text-align:justify\">&#8220;A restri\u00e7\u00e3o \u00e9 necess\u00e1ria para reduzir a sobreviv\u00eancia do fungo entre as safras e, assim, diminuir o risco de infec\u00e7\u00e3o nas lavouras seguintes&#8221;, informou a Coordenadoria por meio de nota. As regi\u00f5es 2 e 3 ter\u00e3o in\u00edcio do vazio nos <a href=\"https:\/\/www.defesa.agricultura.sp.gov.br\/www\/servicos\/getpdf.php?idform=1602.\" target=\"_blank\" rel=\"noopener\">dias 12 e 15 de junho<\/a>, respectivamente, encerrando-se em 12 e 15 de setembro.&#13;\n<\/p>\n<p style=\"text-align:justify\">Durante o per\u00edodo do vazio sanit\u00e1rio, \u00e9 proibida a presen\u00e7a de plantas vivas de soja nas \u00e1reas de cultivo, incluindo as chamadas plantas volunt\u00e1rias ou tigueras. A responsabilidade pela elimina\u00e7\u00e3o dessas plantas \u00e9 dos produtores. Exce\u00e7\u00f5es \u00e0 proibi\u00e7\u00e3o s\u00f3 ser\u00e3o autorizadas pela Defesa Agropecu\u00e1ria em casos espec\u00edficos, como produ\u00e7\u00e3o de sementes, experimenta\u00e7\u00f5es agr\u00edcolas ou demonstra\u00e7\u00f5es em eventos agropecu\u00e1rios.<\/p>\n<p style=\"text-align:justify\">Outra exig\u00eancia prevista pela portaria \u00e9 o cadastro das propriedades produtoras de soja em todo o pa\u00eds. Em S\u00e3o Paulo, os agricultores devem registrar os dados da semeadura no sistema GEDAVE, no prazo m\u00e1ximo de 15 dias ap\u00f3s o fim do calend\u00e1rio regional de plantio. \u201cA atualiza\u00e7\u00e3o cadastral \u00e9 essencial para o controle sanit\u00e1rio e o planejamento das a\u00e7\u00f5es de fiscaliza\u00e7\u00e3o\u201d, destacou a Secretaria.&#13;\n<\/p>\n<p style=\"text-align:justify\">Informa\u00e7\u00f5es adicionais podem ser obtidas diretamente nas unidades da Defesa Agropecu\u00e1ria distribu\u00eddas pelo estado.<\/p>\n<\/p><\/div>\n<\/p><\/div>\n<p><script data-cfasync=\"false\">\n    !function (f, b, e, v, n, t, s) {\n        if (f.fbq) return; n = f.fbq = function () {\n            n.callMethod ?\n                n.callMethod.apply(n, arguments) : n.queue.push(arguments)\n        };\n        if (!f._fbq) f._fbq = n; n.push = n; n.loaded = !0; n.version = '2.0';\n        n.queue = []; t = b.createElement(e); t.async = !0;\n        t.src = v; s = b.getElementsByTagName(e)[0];\n        s.parentNode.insertBefore(t, s)\n    }(window, document, 'script',\n        'https:\/\/connect.facebook.net\/en_US\/fbevents.js');\n    fbq('init', '522546078623747');\n    fbq('track', 'PageView');\n<\/script><br \/>\n<br \/><br \/>\n<br \/><a href=\"https:\/\/www.agrolink.com.br\/noticias\/vazio-sanitario-da-soja-comeca-neste-domingo-em-sao-paulo_502506.html\">Source link <\/a><\/p>\n","protected":false},"excerpt":{"rendered":"<p>&#13; Come\u00e7a o vazio sanit\u00e1rio da soja na Regi\u00e3o 1 de S\u00e3o Paulo&#13; &#13; Agrolink&#13; &#13; &#8211; Seane Lennon&#13; &#13;<\/p>\n","protected":false},"author":1,"featured_media":5155,"comment_status":"open","ping_status":"open","sticky":false,"template":"","format":"standard","meta":{"_monsterinsights_skip_tracking":false,"_monsterinsights_sitenote_active":false,"_monsterinsights_sitenote_note":"","_monsterinsights_sitenote_category":0,"_uf_show_specific_survey":0,"_uf_disable_surveys":false,"footnotes":""},"categories":[8,1,14],"tags":[],"class_list":["post-14443","post","type-post","status-publish","format-standard","has-post-thumbnail","hentry","category-agro","category-news","category-politica-agro"],"_links":{"self":[{"href":"https:\/\/agromt.news\/index.php?rest_route=\/wp\/v2\/posts\/14443"}],"collection":[{"href":"https:\/\/agromt.news\/index.php?rest_route=\/wp\/v2\/posts"}],"about":[{"href":"https:\/\/agromt.news\/index.php?rest_route=\/wp\/v2\/types\/post"}],"author":[{"embeddable":true,"href":"https:\/\/agromt.news\/index.php?rest_route=\/wp\/v2\/users\/1"}],"replies":[{"embeddable":true,"href":"https:\/\/agromt.news\/index.php?rest_route=%2Fwp%2Fv2%2Fcomments&post=14443"}],"version-history":[{"count":0,"href":"https:\/\/agromt.news\/index.php?rest_route=\/wp\/v2\/posts\/14443\/revisions"}],"wp:featuredmedia":[{"embeddable":true,"href":"https:\/\/agromt.news\/index.php?rest_route=\/wp\/v2\/media\/5155"}],"wp:attachment":[{"href":"https:\/\/agromt.news\/index.php?rest_route=%2Fwp%2Fv2%2Fmedia&parent=14443"}],"wp:term":[{"taxonomy":"category","embeddable":true,"href":"https:\/\/agromt.news\/index.php?rest_route=%2Fwp%2Fv2%2Fcategories&post=14443"},{"taxonomy":"post_tag","embeddable":true,"href":"https:\/\/agromt.news\/index.php?rest_route=%2Fwp%2Fv2%2Ftags&post=14443"}],"curies":[{"name":"wp","href":"https:\/\/api.w.org\/{rel}","templated":true}]}}