{"id":14442,"date":"2025-05-31T04:27:35","date_gmt":"2025-05-31T08:27:35","guid":{"rendered":"https:\/\/agromt.news\/?p=14442"},"modified":"2025-05-31T04:27:35","modified_gmt":"2025-05-31T08:27:35","slug":"colheita-de-milho-silagem-depende-do-clima","status":"publish","type":"post","link":"https:\/\/agromt.news\/?p=14442","title":{"rendered":"Colheita de milho silagem depende do clima"},"content":{"rendered":"<p> <br \/>\n<\/p>\n<div>\n<div class=\"row\">\n<div class=\"col-lg col-infos mt-0 mt-lg-0\">\n<div class=\"section-sub-title\">\n<p itemprop=\"description\">&#13;<br \/>\n                                Colheita de silagem quase finalizada no RS, diz Emater&#13;\n                            <\/p>\n<\/p><\/div>\n<div class=\"container\">\n<div class=\"row\">\n<div class=\"col-lg p-0\">\n<div>\n<div class=\"block-news-main-infos mt-3 text-start\">\n<p>                                            <strong class=\"fn\" itemprop=\"author\" style=\"color: rgb(112, 112, 112); \">&#13;<br \/>\n                                                <a href=\"https:\/\/www.agrolink.com.br\/noticias\/javascript:;\" class=\"text-uppercase\" target=\"_blank\" style=\"color: rgb(112, 112, 112); \" rel=\"noopener\">Agrolink<\/a>&#13;<br \/>\n&#13;<br \/>\n                                                    &#8211; Seane Lennon&#13;<br \/>\n&#13;<br \/>\n                                            <\/strong><br \/>\n                                        <\/p>\n<p>                                            <abbr><time datetime=\"2025-05-30T17:47\" itemprop=\"datePublished dateModified\">Publicado em 30\/05\/2025 \u00e0s 17:47h.<\/time><\/abbr><br \/>\n                                            <\/p><\/div>\n<\/p><\/div>\n<\/p><\/div>\n<div class=\"col-lg p-0 text-lg-end\">\n<div>\n<div id=\"mdEnviarPagina\" class=\"modal fade\" role=\"dialog\">\n<div class=\"modal-dialog\">\n<div class=\"modal-content\">\n<div class=\"modal-body\">\n<p><strong>Estimado usu\u00e1rio.<\/strong><br \/>Preencha o formul\u00e1rio abaixo para remeter a p\u00e1gina.<\/p>\n<\/p><\/div>\n<\/p><\/div>\n<\/p><\/div>\n<\/div><\/div>\n<\/p><\/div>\n<\/p><\/div>\n<\/p><\/div>\n<\/p><\/div>\n<\/p><\/div>\n<div class=\"row justify-content-md-center mt-3\">\n<div class=\"col-lg-auto col-image block-news-main-image\">\n<p>                                <img decoding=\"async\" src=\"https:\/\/www.agrolink.com.br\/upload\/imagens-resizes\/a39aba4e1d2943c6b62abd386d184256_858x483.jpg\" class=\"lazyload img-fluid\"\/><br \/>\n                                                <span class=\"publicity-photo d-block mt-1\">Foto: Agrolink<\/span><\/p><\/div>\n<\/p><\/div>\n<div class=\"section-description section-description-noticias mt-3\">\n<p style=\"text-align:justify\">A colheita do <a href=\"https:\/\/www.agrolink.com.br\/culturas\/milho?utm_source=agrolink-detalhe-noticia&amp;utm_medium=detalhe-noticia&amp;utm_campaign=links-internos&#9;\" target=\"_blank\" rel=\"noopener\">milho<\/a> destinado \u00e0 produ\u00e7\u00e3o de silagem no Rio Grande do Sul est\u00e1 praticamente conclu\u00edda. Segundo o Informativo Conjuntural da Emater\/RS-Ascar, divulgado na quinta-feira (29), cerca de 99% da \u00e1rea cultivada j\u00e1 foi colhida. As lavouras remanescentes est\u00e3o em fase de matura\u00e7\u00e3o e a conclus\u00e3o da colheita depende da melhoria das condi\u00e7\u00f5es clim\u00e1ticas nos pr\u00f3ximos dias.&#13;\n<\/p>\n<p style=\"text-align:justify\">Na regi\u00e3o administrativa de Iju\u00ed, a colheita se aproxima do fim e apresenta bons resultados em compara\u00e7\u00e3o com as duas \u00faltimas safras de segundo cultivo. De acordo com t\u00e9cnicos da Emater\/RS-Ascar, &#8220;as espigas est\u00e3o bem formadas, com gr\u00e3os sadios e sem falhas, o que indica um bom potencial produtivo da forragem&#8221;.&#13;\n<\/p>\n<p style=\"text-align:justify\">Apesar dos bons indicadores regionais, a estimativa de produtividade estadual sofreu uma redu\u00e7\u00e3o. \u201cA produ\u00e7\u00e3o m\u00e9dia est\u00e1 estimada em 35.934 quilos por hectare, uma queda de 6,52% em rela\u00e7\u00e3o aos 38.440 quilos por hectare projetados no momento do plantio\u201d, informou a Emater\/RS-Ascar. A \u00e1rea total plantada com milho para silagem no estado \u00e9 de 339.555 hectares.&#13;\n<\/p>\n<p style=\"text-align:justify\">A entidade segue monitorando o avan\u00e7o da colheita e os impactos das varia\u00e7\u00f5es clim\u00e1ticas nas lavouras que ainda n\u00e3o foram colhidas.<\/p>\n<\/p><\/div>\n<\/p><\/div>\n<p><script data-cfasync=\"false\">\n    !function (f, b, e, v, n, t, s) {\n        if (f.fbq) return; n = f.fbq = function () {\n            n.callMethod ?\n                n.callMethod.apply(n, arguments) : n.queue.push(arguments)\n        };\n        if (!f._fbq) f._fbq = n; n.push = n; n.loaded = !0; n.version = '2.0';\n        n.queue = []; t = b.createElement(e); t.async = !0;\n        t.src = v; s = b.getElementsByTagName(e)[0];\n        s.parentNode.insertBefore(t, s)\n    }(window, document, 'script',\n        'https:\/\/connect.facebook.net\/en_US\/fbevents.js');\n    fbq('init', '522546078623747');\n    fbq('track', 'PageView');\n<\/script><br \/>\n<br \/><br \/>\n<br \/><a href=\"https:\/\/www.agrolink.com.br\/noticias\/colheita-de-milho-silagem-depende-do-clima_502507.html\">Source link <\/a><\/p>\n","protected":false},"excerpt":{"rendered":"<p>&#13; Colheita de silagem quase finalizada no RS, diz Emater&#13; &#13; Agrolink&#13; &#13; &#8211; Seane Lennon&#13; &#13; Publicado em 30\/05\/2025<\/p>\n","protected":false},"author":1,"featured_media":2946,"comment_status":"open","ping_status":"open","sticky":false,"template":"","format":"standard","meta":{"_monsterinsights_skip_tracking":false,"_monsterinsights_sitenote_active":false,"_monsterinsights_sitenote_note":"","_monsterinsights_sitenote_category":0,"_uf_show_specific_survey":0,"_uf_disable_surveys":false,"footnotes":""},"categories":[8,1,14],"tags":[],"class_list":["post-14442","post","type-post","status-publish","format-standard","has-post-thumbnail","hentry","category-agro","category-news","category-politica-agro"],"_links":{"self":[{"href":"https:\/\/agromt.news\/index.php?rest_route=\/wp\/v2\/posts\/14442"}],"collection":[{"href":"https:\/\/agromt.news\/index.php?rest_route=\/wp\/v2\/posts"}],"about":[{"href":"https:\/\/agromt.news\/index.php?rest_route=\/wp\/v2\/types\/post"}],"author":[{"embeddable":true,"href":"https:\/\/agromt.news\/index.php?rest_route=\/wp\/v2\/users\/1"}],"replies":[{"embeddable":true,"href":"https:\/\/agromt.news\/index.php?rest_route=%2Fwp%2Fv2%2Fcomments&post=14442"}],"version-history":[{"count":0,"href":"https:\/\/agromt.news\/index.php?rest_route=\/wp\/v2\/posts\/14442\/revisions"}],"wp:featuredmedia":[{"embeddable":true,"href":"https:\/\/agromt.news\/index.php?rest_route=\/wp\/v2\/media\/2946"}],"wp:attachment":[{"href":"https:\/\/agromt.news\/index.php?rest_route=%2Fwp%2Fv2%2Fmedia&parent=14442"}],"wp:term":[{"taxonomy":"category","embeddable":true,"href":"https:\/\/agromt.news\/index.php?rest_route=%2Fwp%2Fv2%2Fcategories&post=14442"},{"taxonomy":"post_tag","embeddable":true,"href":"https:\/\/agromt.news\/index.php?rest_route=%2Fwp%2Fv2%2Ftags&post=14442"}],"curies":[{"name":"wp","href":"https:\/\/api.w.org\/{rel}","templated":true}]}}