{"id":14441,"date":"2025-05-31T02:28:58","date_gmt":"2025-05-31T06:28:58","guid":{"rendered":"https:\/\/agromt.news\/?p=14441"},"modified":"2025-05-31T02:28:58","modified_gmt":"2025-05-31T06:28:58","slug":"cotacoes-do-boi-seguem-estaveis-em-sao-paulo","status":"publish","type":"post","link":"https:\/\/agromt.news\/?p=14441","title":{"rendered":"Cota\u00e7\u00f5es do boi seguem est\u00e1veis em S\u00e3o Paulo"},"content":{"rendered":"<p> <br \/>\n<\/p>\n<div>\n<div class=\"row\">\n<div class=\"col-lg col-infos mt-0 mt-lg-0\">\n<div class=\"section-sub-title\">\n<p itemprop=\"description\">&#13;<br \/>\n                                Queda na oferta pressiona pre\u00e7o do boi no Maranh\u00e3o&#13;\n                            <\/p>\n<\/p><\/div>\n<div class=\"container\">\n<div class=\"row\">\n<div class=\"col-lg p-0\">\n<div>\n<div class=\"block-news-main-infos mt-3 text-start\">\n<p>                                            <strong class=\"fn\" itemprop=\"author\" style=\"color: rgb(112, 112, 112); \">&#13;<br \/>\n                                                <a href=\"https:\/\/www.agrolink.com.br\/noticias\/javascript:;\" class=\"text-uppercase\" target=\"_blank\" style=\"color: rgb(112, 112, 112); \" rel=\"noopener\">Agrolink<\/a>&#13;<br \/>\n&#13;<br \/>\n                                                    &#8211; Seane Lennon&#13;<br \/>\n&#13;<br \/>\n                                            <\/strong><br \/>\n                                        <\/p>\n<p>                                            <abbr><time datetime=\"2025-05-30T18:04\" itemprop=\"datePublished dateModified\">Publicado em 30\/05\/2025 \u00e0s 18:04h.<\/time><\/abbr><br \/>\n                                            <\/p><\/div>\n<\/p><\/div>\n<\/p><\/div>\n<div class=\"col-lg p-0 text-lg-end\">\n<div>\n<div id=\"mdEnviarPagina\" class=\"modal fade\" role=\"dialog\">\n<div class=\"modal-dialog\">\n<div class=\"modal-content\">\n<div class=\"modal-body\">\n<p><strong>Estimado usu\u00e1rio.<\/strong><br \/>Preencha o formul\u00e1rio abaixo para remeter a p\u00e1gina.<\/p>\n<\/p><\/div>\n<\/p><\/div>\n<\/p><\/div>\n<\/div><\/div>\n<\/p><\/div>\n<\/p><\/div>\n<\/p><\/div>\n<\/p><\/div>\n<\/p><\/div>\n<div class=\"row justify-content-md-center mt-3\">\n<div class=\"col-lg-auto col-image block-news-main-image\">\n<p>                                <img decoding=\"async\" src=\"https:\/\/www.agrolink.com.br\/upload\/imagens-resizes\/c4de97f55a36443793533446276d6dcb_858x483.jpg\" class=\"lazyload img-fluid\"\/><br \/>\n                                                <span class=\"publicity-photo d-block mt-1\">Foto: Sheila Flores<\/span><\/p><\/div>\n<\/p><\/div>\n<div class=\"section-description section-description-noticias mt-3\">\n<p style=\"text-align:justify\">As cota\u00e7\u00f5es da arroba do boi gordo se mantiveram est\u00e1veis na sexta-feira (30) nas principais pra\u00e7as pecu\u00e1rias de S\u00e3o Paulo, de acordo com o informativo Tem Boi na Linha, da Scot Consultoria. A estabilidade ocorre mesmo diante de sinais de redu\u00e7\u00e3o na oferta de animais para abate, o que, segundo a consultoria, pode estar relacionado \u00e0 expectativa de produtores por pre\u00e7os mais altos.&#13;\n<\/p>\n<p style=\"text-align:justify\">\u201cApesar da oferta ainda satisfat\u00f3ria, h\u00e1 ind\u00edcios de retra\u00e7\u00e3o, j\u00e1 que alguns vendedores esperam valoriza\u00e7\u00e3o, o que pode n\u00e3o se concretizar devido \u00e0 entressafra de capim\u201d, apontou a Scot. Ainda assim, a demanda pela carne bovina apresentou melhora, fator que contribuiu para sustentar as cota\u00e7\u00f5es. As escalas de abate nas ind\u00fastrias paulistas est\u00e3o, em m\u00e9dia, programadas para sete dias.<\/p>\n<p style=\"text-align:justify\">No Oeste do Maranh\u00e3o, a situa\u00e7\u00e3o foi distinta. A maior oferta de bois prontos para o abate pressionou os pre\u00e7os para baixo. A cota\u00e7\u00e3o do boi e da novilha gordos caiu R$ 3,00 por arroba, enquanto os valores pagos pela vaca permaneceram est\u00e1veis. \u201cCom o fim das chuvas, cresceu a necessidade de venda dos animais, o que impactou negativamente as cota\u00e7\u00f5es\u201d, informou a consultoria. Na regi\u00e3o, as escalas de abate atendem, em m\u00e9dia, a seis dias.&#13;\n<\/p>\n<p style=\"text-align:justify\">Em Goi\u00e2nia (GO), a oferta de bovinos tamb\u00e9m deu sinais de retra\u00e7\u00e3o. No entanto, as negocia\u00e7\u00f5es seguem em ritmo lento, o que contribuiu para a manuten\u00e7\u00e3o das cota\u00e7\u00f5es em todas as categorias. As escalas de abate est\u00e3o, em m\u00e9dia, ajustadas para nove dias.<\/p>\n<\/p><\/div>\n<\/p><\/div>\n<p><script data-cfasync=\"false\">\n    !function (f, b, e, v, n, t, s) {\n        if (f.fbq) return; n = f.fbq = function () {\n            n.callMethod ?\n                n.callMethod.apply(n, arguments) : n.queue.push(arguments)\n        };\n        if (!f._fbq) f._fbq = n; n.push = n; n.loaded = !0; n.version = '2.0';\n        n.queue = []; t = b.createElement(e); t.async = !0;\n        t.src = v; s = b.getElementsByTagName(e)[0];\n        s.parentNode.insertBefore(t, s)\n    }(window, document, 'script',\n        'https:\/\/connect.facebook.net\/en_US\/fbevents.js');\n    fbq('init', '522546078623747');\n    fbq('track', 'PageView');\n<\/script><br \/>\n<br \/><br \/>\n<br \/><a href=\"https:\/\/www.agrolink.com.br\/noticias\/cotacoes-do-boi-seguem-estaveis-em-sao-paulo_502508.html\">Source link <\/a><\/p>\n","protected":false},"excerpt":{"rendered":"<p>&#13; Queda na oferta pressiona pre\u00e7o do boi no Maranh\u00e3o&#13; &#13; Agrolink&#13; &#13; &#8211; Seane Lennon&#13; &#13; Publicado em 30\/05\/2025<\/p>\n","protected":false},"author":1,"featured_media":3890,"comment_status":"open","ping_status":"open","sticky":false,"template":"","format":"standard","meta":{"_monsterinsights_skip_tracking":false,"_monsterinsights_sitenote_active":false,"_monsterinsights_sitenote_note":"","_monsterinsights_sitenote_category":0,"_uf_show_specific_survey":0,"_uf_disable_surveys":false,"footnotes":""},"categories":[8,1,14],"tags":[],"class_list":["post-14441","post","type-post","status-publish","format-standard","has-post-thumbnail","hentry","category-agro","category-news","category-politica-agro"],"_links":{"self":[{"href":"https:\/\/agromt.news\/index.php?rest_route=\/wp\/v2\/posts\/14441"}],"collection":[{"href":"https:\/\/agromt.news\/index.php?rest_route=\/wp\/v2\/posts"}],"about":[{"href":"https:\/\/agromt.news\/index.php?rest_route=\/wp\/v2\/types\/post"}],"author":[{"embeddable":true,"href":"https:\/\/agromt.news\/index.php?rest_route=\/wp\/v2\/users\/1"}],"replies":[{"embeddable":true,"href":"https:\/\/agromt.news\/index.php?rest_route=%2Fwp%2Fv2%2Fcomments&post=14441"}],"version-history":[{"count":0,"href":"https:\/\/agromt.news\/index.php?rest_route=\/wp\/v2\/posts\/14441\/revisions"}],"wp:featuredmedia":[{"embeddable":true,"href":"https:\/\/agromt.news\/index.php?rest_route=\/wp\/v2\/media\/3890"}],"wp:attachment":[{"href":"https:\/\/agromt.news\/index.php?rest_route=%2Fwp%2Fv2%2Fmedia&parent=14441"}],"wp:term":[{"taxonomy":"category","embeddable":true,"href":"https:\/\/agromt.news\/index.php?rest_route=%2Fwp%2Fv2%2Fcategories&post=14441"},{"taxonomy":"post_tag","embeddable":true,"href":"https:\/\/agromt.news\/index.php?rest_route=%2Fwp%2Fv2%2Ftags&post=14441"}],"curies":[{"name":"wp","href":"https:\/\/api.w.org\/{rel}","templated":true}]}}