{"id":14438,"date":"2025-05-30T22:35:47","date_gmt":"2025-05-31T02:35:47","guid":{"rendered":"https:\/\/agromt.news\/?p=14438"},"modified":"2025-05-30T22:35:47","modified_gmt":"2025-05-31T02:35:47","slug":"producao-de-folhosas-avanca-com-apoio-do-clima","status":"publish","type":"post","link":"https:\/\/agromt.news\/?p=14438","title":{"rendered":"Produ\u00e7\u00e3o de folhosas avan\u00e7a com apoio do clima"},"content":{"rendered":"<p> <br \/>\n<\/p>\n<div>\n<div class=\"row\">\n<div class=\"col-lg col-infos mt-0 mt-lg-0\">\n<div class=\"section-sub-title\">\n<p itemprop=\"description\">&#13;<br \/>\n                                Chuvas favorecem produ\u00e7\u00e3o de folhosas no Rio Grande do Sul&#13;\n                            <\/p>\n<\/p><\/div>\n<div class=\"container\">\n<div class=\"row\">\n<div class=\"col-lg p-0\">\n<div>\n<div class=\"block-news-main-infos mt-3 text-start\">\n<p>                                            <strong class=\"fn\" itemprop=\"author\" style=\"color: rgb(112, 112, 112); \">&#13;<br \/>\n                                                <a href=\"https:\/\/www.agrolink.com.br\/noticias\/javascript:;\" class=\"text-uppercase\" target=\"_blank\" style=\"color: rgb(112, 112, 112); \" rel=\"noopener\">Agrolink<\/a>&#13;<br \/>\n&#13;<br \/>\n                                                    &#8211; Seane Lennon&#13;<br \/>\n&#13;<br \/>\n                                            <\/strong><br \/>\n                                        <\/p>\n<p>                                            <abbr><time datetime=\"2025-05-30T18:32\" itemprop=\"datePublished dateModified\">Publicado em 30\/05\/2025 \u00e0s 18:32h.<\/time><\/abbr><br \/>\n                                            <\/p><\/div>\n<\/p><\/div>\n<\/p><\/div>\n<div class=\"col-lg p-0 text-lg-end\">\n<div>\n<div id=\"mdEnviarPagina\" class=\"modal fade\" role=\"dialog\">\n<div class=\"modal-dialog\">\n<div class=\"modal-content\">\n<div class=\"modal-body\">\n<p><strong>Estimado usu\u00e1rio.<\/strong><br \/>Preencha o formul\u00e1rio abaixo para remeter a p\u00e1gina.<\/p>\n<\/p><\/div>\n<\/p><\/div>\n<\/p><\/div>\n<\/div><\/div>\n<\/p><\/div>\n<\/p><\/div>\n<\/p><\/div>\n<\/p><\/div>\n<\/p><\/div>\n<div class=\"row justify-content-md-center mt-3\">\n<div class=\"col-lg-auto col-image block-news-main-image\">\n<p>                                <img decoding=\"async\" src=\"https:\/\/www.agrolink.com.br\/upload\/imagens-resizes\/8f5a998b7b3144d8bfc5dd6ee436d730_858x483.jpg\" class=\"lazyload img-fluid\"\/><br \/>\n                                                <span class=\"publicity-photo d-block mt-1\">Foto: Seane Lennon<\/span><\/p><\/div>\n<\/p><\/div>\n<div class=\"section-description section-description-noticias mt-3\">\n<p style=\"text-align:justify\">A produ\u00e7\u00e3o de hortali\u00e7as folhosas no Rio Grande do Sul segue beneficiada pelas condi\u00e7\u00f5es clim\u00e1ticas, segundo o Informativo Conjuntural divulgado nesta quinta-feira (29) pela Emater\/RS-Ascar. Em diversas regi\u00f5es do estado, produtores relataram bom desempenho das lavouras, embora os pre\u00e7os de comercializa\u00e7\u00e3o estejam pressionados pela oferta.&#13;\n<\/p>\n<p style=\"text-align:justify\">Na regi\u00e3o de Erechim, o cultivo de alface tem ocorrido sem registro de pragas ou doen\u00e7as. &#8220;As condi\u00e7\u00f5es do tempo t\u00eam favorecido o desenvolvimento das folhosas, com relatos de qualidade e peso satisfat\u00f3rios&#8221;, informou a Emater.<\/p>\n<p style=\"text-align:justify\">Em Bom Princ\u00edpio, na regi\u00e3o de Lajeado, a produ\u00e7\u00e3o tamb\u00e9m apresenta bom desempenho, mas os produtores enfrentam dificuldades no escoamento. &#8220;Apesar da oferta estar positiva, o pre\u00e7o da d\u00fazia de alface caiu para R$ 10,00, o que tem dificultado a comercializa\u00e7\u00e3o&#8221;, destacou o boletim.&#13;\n<\/p>\n<p style=\"text-align:justify\">Na regi\u00e3o de Frederico Westphalen, a produ\u00e7\u00e3o de alface, r\u00facula, chic\u00f3ria, temperos e outras folhosas come\u00e7a a se recuperar ap\u00f3s um per\u00edodo de escassez no mercado. Os pre\u00e7os, segundo o informativo, giram em torno de R$ 2,50 por unidade.<\/p>\n<p style=\"text-align:justify\">Em Passo Fundo, as lavouras seguem com bom desenvolvimento e sanidade. O plantio de esp\u00e9cies t\u00edpicas do outono j\u00e1 est\u00e1 em andamento. A unidade de alface ou r\u00facula tem sido comercializada a R$ 4,00, enquanto couve, agri\u00e3o e condimentos t\u00eam pre\u00e7o m\u00e9dio de R$ 5,00 por molho.&#13;\n<\/p>\n<\/p><\/div>\n<\/p><\/div>\n<p><script data-cfasync=\"false\">\n    !function (f, b, e, v, n, t, s) {\n        if (f.fbq) return; n = f.fbq = function () {\n            n.callMethod ?\n                n.callMethod.apply(n, arguments) : n.queue.push(arguments)\n        };\n        if (!f._fbq) f._fbq = n; n.push = n; n.loaded = !0; n.version = '2.0';\n        n.queue = []; t = b.createElement(e); t.async = !0;\n        t.src = v; s = b.getElementsByTagName(e)[0];\n        s.parentNode.insertBefore(t, s)\n    }(window, document, 'script',\n        'https:\/\/connect.facebook.net\/en_US\/fbevents.js');\n    fbq('init', '522546078623747');\n    fbq('track', 'PageView');\n<\/script><br \/>\n<br \/><br \/>\n<br \/><a href=\"https:\/\/www.agrolink.com.br\/noticias\/producao-de-folhosas-avanca-com-apoio-do-clima_502510.html\">Source link <\/a><\/p>\n","protected":false},"excerpt":{"rendered":"<p>&#13; Chuvas favorecem produ\u00e7\u00e3o de folhosas no Rio Grande do Sul&#13; &#13; Agrolink&#13; &#13; &#8211; Seane Lennon&#13; &#13; Publicado em<\/p>\n","protected":false},"author":1,"featured_media":14439,"comment_status":"open","ping_status":"open","sticky":false,"template":"","format":"standard","meta":{"_monsterinsights_skip_tracking":false,"_monsterinsights_sitenote_active":false,"_monsterinsights_sitenote_note":"","_monsterinsights_sitenote_category":0,"_uf_show_specific_survey":0,"_uf_disable_surveys":false,"footnotes":""},"categories":[8,1,14],"tags":[],"class_list":["post-14438","post","type-post","status-publish","format-standard","has-post-thumbnail","hentry","category-agro","category-news","category-politica-agro"],"_links":{"self":[{"href":"https:\/\/agromt.news\/index.php?rest_route=\/wp\/v2\/posts\/14438"}],"collection":[{"href":"https:\/\/agromt.news\/index.php?rest_route=\/wp\/v2\/posts"}],"about":[{"href":"https:\/\/agromt.news\/index.php?rest_route=\/wp\/v2\/types\/post"}],"author":[{"embeddable":true,"href":"https:\/\/agromt.news\/index.php?rest_route=\/wp\/v2\/users\/1"}],"replies":[{"embeddable":true,"href":"https:\/\/agromt.news\/index.php?rest_route=%2Fwp%2Fv2%2Fcomments&post=14438"}],"version-history":[{"count":0,"href":"https:\/\/agromt.news\/index.php?rest_route=\/wp\/v2\/posts\/14438\/revisions"}],"wp:featuredmedia":[{"embeddable":true,"href":"https:\/\/agromt.news\/index.php?rest_route=\/wp\/v2\/media\/14439"}],"wp:attachment":[{"href":"https:\/\/agromt.news\/index.php?rest_route=%2Fwp%2Fv2%2Fmedia&parent=14438"}],"wp:term":[{"taxonomy":"category","embeddable":true,"href":"https:\/\/agromt.news\/index.php?rest_route=%2Fwp%2Fv2%2Fcategories&post=14438"},{"taxonomy":"post_tag","embeddable":true,"href":"https:\/\/agromt.news\/index.php?rest_route=%2Fwp%2Fv2%2Ftags&post=14438"}],"curies":[{"name":"wp","href":"https:\/\/api.w.org\/{rel}","templated":true}]}}