{"id":14433,"date":"2025-05-30T18:55:54","date_gmt":"2025-05-30T22:55:54","guid":{"rendered":"https:\/\/agromt.news\/?p=14433"},"modified":"2025-05-30T18:55:54","modified_gmt":"2025-05-30T22:55:54","slug":"veja-como-os-precos-encerraram-a-semana","status":"publish","type":"post","link":"https:\/\/agromt.news\/?p=14433","title":{"rendered":"veja como os pre\u00e7os encerraram a semana"},"content":{"rendered":"<p> <br \/>\n<br \/><img decoding=\"async\" src=\"https:\/\/agromt.news\/wp-content\/uploads\/2024\/10\/boi-1.jpg\" \/><\/p>\n<div>\n<p>O mercado f\u00edsico do boi gordo volta a se deparar com predominante acomoda\u00e7\u00e3o em seus pre\u00e7os, com uma ou outra negocia\u00e7\u00e3o realizada acima da refer\u00eancia m\u00e9dia. <\/p>\n<p>De acordo com o analista da consultoria Safras &amp; Mercado Fernando Henrique Iglesias, os frigor\u00edficos se deparam com escalas de abate posicionadas entre sete e nove dias \u00fateis na m\u00e9dia nacional.<\/p>\n<p>\u201cO mercado ainda acompanha com proximidade as consequ\u00eancias do foco de gripe avi\u00e1ria no munic\u00edpio de Montenegro, no <strong><a href=\"https:\/\/www.canalrural.com.br\/nacional\/rio-grande-do-sul\/\">Rio Grande do Sul<\/a><\/strong>, e seus desdobramentos para a avicultura de corte. O principal ponto de suporte neste momento ainda \u00e9 o acelerado ritmo de exporta\u00e7\u00e3o, com n\u00fameros espetaculares durante o primeiro semestre\u201d, assinalou.<\/p>\n<h2 class=\"wp-block-heading\" id=\"h-precos-medios-da-arroba-do-boi\">Pre\u00e7os m\u00e9dios da arroba do boi<\/h2>\n<ul class=\"wp-block-list\">\n<li><strong>S\u00e3o Paulo:<\/strong> R$ 306,50<\/li>\n<li><strong>Goi\u00e1s:<\/strong> R$ 289,29<\/li>\n<li><strong>Minas Gerais:<\/strong> R$ 288,82<\/li>\n<li><strong>Mato Grosso do Sul:<\/strong> R$ 303,98<\/li>\n<li><strong>Mato Grosso:<\/strong> R$ 299,68<\/li>\n<\/ul>\n<h2 class=\"wp-block-heading\" id=\"h-mercado-atacadista\">Mercado atacadista<\/h2>\n<p>O mercado atacadista encerra a semana apresentando acomoda\u00e7\u00e3o em seus pre\u00e7os. Segundo Iglesias, a expectativa \u00e9 de melhora da reposi\u00e7\u00e3o entre atacado e varejo durante a primeira quinzena do m\u00eas, per\u00edodo pautado por maior apelo ao consumo. <\/p>\n<\/div>\n<div>\n<p>\u201cVale destacar que importante parcela da popula\u00e7\u00e3o prioriza o consumo de prote\u00ednas mais acess\u00edveis, a exemplo da carne de frango, ovos e embutidos\u201d, apontou Iglesias.<\/p>\n<p>O quarto traseiro ainda \u00e9 precificado a R$ 23,00, por quilo, o dianteiro segue a R$ 18,50 por quilo e a ponta de agulha \u00e9 precificada a R$ 18,00, por quilo.<\/p>\n<h2 class=\"wp-block-heading\" id=\"h-cambio\">C\u00e2mbio<\/h2>\n<p>O d\u00f3lar comercial encerrou a sess\u00e3o em alta de 0,93%, sendo negociado a R$ 5,7201 para venda e a R$ 5,7181 para compra. Durante o dia, a moeda norte-americana oscilou entre a m\u00ednima de R$ 5,6599 e a m\u00e1xima de R$ 5,7409. Na semana, a moeda acumulou valoriza\u00e7\u00e3o 1,3%. Em maio, a alta foi de 0,8%.<\/p>\n<\/p><\/div>\n<p><br \/>\n<br \/><a href=\"https:\/\/www.canalrural.com.br\/diversos\/cotacoes-do-boi-gordo-veja-como-os-precos-encerraram-a-semana\/\">Source link <\/a><\/p>\n","protected":false},"excerpt":{"rendered":"<p>O mercado f\u00edsico do boi gordo volta a se deparar com predominante acomoda\u00e7\u00e3o em seus pre\u00e7os, com uma ou outra<\/p>\n","protected":false},"author":1,"featured_media":3980,"comment_status":"open","ping_status":"open","sticky":false,"template":"","format":"standard","meta":{"_monsterinsights_skip_tracking":false,"_monsterinsights_sitenote_active":false,"_monsterinsights_sitenote_note":"","_monsterinsights_sitenote_category":0,"_uf_show_specific_survey":0,"_uf_disable_surveys":false,"footnotes":""},"categories":[1],"tags":[],"class_list":["post-14433","post","type-post","status-publish","format-standard","has-post-thumbnail","hentry","category-news"],"_links":{"self":[{"href":"https:\/\/agromt.news\/index.php?rest_route=\/wp\/v2\/posts\/14433"}],"collection":[{"href":"https:\/\/agromt.news\/index.php?rest_route=\/wp\/v2\/posts"}],"about":[{"href":"https:\/\/agromt.news\/index.php?rest_route=\/wp\/v2\/types\/post"}],"author":[{"embeddable":true,"href":"https:\/\/agromt.news\/index.php?rest_route=\/wp\/v2\/users\/1"}],"replies":[{"embeddable":true,"href":"https:\/\/agromt.news\/index.php?rest_route=%2Fwp%2Fv2%2Fcomments&post=14433"}],"version-history":[{"count":0,"href":"https:\/\/agromt.news\/index.php?rest_route=\/wp\/v2\/posts\/14433\/revisions"}],"wp:featuredmedia":[{"embeddable":true,"href":"https:\/\/agromt.news\/index.php?rest_route=\/wp\/v2\/media\/3980"}],"wp:attachment":[{"href":"https:\/\/agromt.news\/index.php?rest_route=%2Fwp%2Fv2%2Fmedia&parent=14433"}],"wp:term":[{"taxonomy":"category","embeddable":true,"href":"https:\/\/agromt.news\/index.php?rest_route=%2Fwp%2Fv2%2Fcategories&post=14433"},{"taxonomy":"post_tag","embeddable":true,"href":"https:\/\/agromt.news\/index.php?rest_route=%2Fwp%2Fv2%2Ftags&post=14433"}],"curies":[{"name":"wp","href":"https:\/\/api.w.org\/{rel}","templated":true}]}}