{"id":14432,"date":"2025-05-30T18:42:35","date_gmt":"2025-05-30T22:42:35","guid":{"rendered":"https:\/\/agromt.news\/?p=14432"},"modified":"2025-05-30T18:42:35","modified_gmt":"2025-05-30T22:42:35","slug":"safra-de-arroz-encerra-com-pressao-sobre-orizicultor","status":"publish","type":"post","link":"https:\/\/agromt.news\/?p=14432","title":{"rendered":"Safra de arroz encerra com press\u00e3o sobre orizicultor"},"content":{"rendered":"<p> <br \/>\n<\/p>\n<div>\n<div class=\"row\">\n<div class=\"col-lg col-infos mt-0 mt-lg-0\">\n<div class=\"section-sub-title\">\n<p itemprop=\"description\">&#13;<br \/>\n                                Pre\u00e7o do arroz cai 1,01% no RS, aponta Emater&#13;<br \/>\n&#13;<br \/>\n&#13;\n                            <\/p>\n<\/p><\/div>\n<div class=\"container\">\n<div class=\"row\">\n<div class=\"col-lg p-0\">\n<div>\n<div class=\"block-news-main-infos mt-3 text-start\">\n<p>                                            <strong class=\"fn\" itemprop=\"author\" style=\"color: rgb(112, 112, 112); \">&#13;<br \/>\n                                                <a href=\"https:\/\/www.agrolink.com.br\/noticias\/javascript:;\" class=\"text-uppercase\" target=\"_blank\" style=\"color: rgb(112, 112, 112); \" rel=\"noopener\">Agrolink<\/a>&#13;<br \/>\n&#13;<br \/>\n                                                    &#8211; Seane Lennon&#13;<br \/>\n&#13;<br \/>\n                                            <\/strong><br \/>\n                                        <\/p>\n<p>                                            <abbr><time datetime=\"2025-05-29T17:36\" itemprop=\"datePublished dateModified\">Publicado em 29\/05\/2025 \u00e0s 17:36h.<\/time><\/abbr><br \/>\n                                            <\/p><\/div>\n<\/p><\/div>\n<\/p><\/div>\n<div class=\"col-lg p-0 text-lg-end\">\n<div>\n<div id=\"mdEnviarPagina\" class=\"modal fade\" role=\"dialog\">\n<div class=\"modal-dialog\">\n<div class=\"modal-content\">\n<div class=\"modal-body\">\n<p><strong>Estimado usu\u00e1rio.<\/strong><br \/>Preencha o formul\u00e1rio abaixo para remeter a p\u00e1gina.<\/p>\n<\/p><\/div>\n<\/p><\/div>\n<\/p><\/div>\n<\/div><\/div>\n<\/p><\/div>\n<\/p><\/div>\n<\/p><\/div>\n<\/p><\/div>\n<\/p><\/div>\n<div class=\"row justify-content-md-center mt-3\">\n<div class=\"col-lg-auto col-image block-news-main-image\">\n<p>                                <img decoding=\"async\" src=\"https:\/\/www.agrolink.com.br\/upload\/imagens-resizes\/17e7377069614363891a04dc88378a8f_858x483.jpg\" class=\"lazyload img-fluid\"\/><br \/>\n                                                <span class=\"publicity-photo d-block mt-1\">Foto: Pixabay<\/span><\/p><\/div>\n<\/p><\/div>\n<div class=\"section-description section-description-noticias mt-3\">\n<p style=\"text-align:justify\">A colheita da safra de <a href=\"https:\/\/www.agrolink.com.br\/culturas\/arroz\/?utm_source=agrolink-detalhe-noticia&amp;utm_medium=detalhe-noticia&amp;utm_campaign=links-internos\" target=\"_blank\" rel=\"noopener\">arroz<\/a> 2023\/2024 no Rio Grande do Sul est\u00e1 tecnicamente encerrada, segundo o Informativo Conjuntural divulgado pela Emater\/RS-Ascar na quinta-feira (29). As poucas \u00e1reas remanescentes, segundo o \u00f3rg\u00e3o, n\u00e3o possuem representatividade estat\u00edstica suficiente para alterar os n\u00fameros consolidados da produ\u00e7\u00e3o estadual.&#13;\n<\/p>\n<p style=\"text-align:justify\">O tempo seco registrado no in\u00edcio do per\u00edodo favoreceu a drenagem das lavouras e a incorpora\u00e7\u00e3o da palhada. Com menos de um m\u00eas para o in\u00edcio do inverno e cerca de 100 dias para a pr\u00f3xima janela de plantio, os produtores das regi\u00f5es Sul e Campanha acompanham com cautela o n\u00edvel das barragens. Apesar das chuvas recentes, os volumes acumulados ainda s\u00e3o insuficientes para uma recupera\u00e7\u00e3o completa dos reservat\u00f3rios nessas regi\u00f5es.<\/p>\n<p style=\"text-align:justify\">Na Fronteira Oeste e Centro-Oeste, o cen\u00e1rio \u00e9 mais favor\u00e1vel, com maior volume de precipita\u00e7\u00f5es contribuindo para a recupera\u00e7\u00e3o h\u00eddrica. A \u00e1rea cultivada para a safra 2024\/2025 foi estimada em 970.194 hectares, com produtividade m\u00e9dia prevista de 8.558 quilos por hectare, conforme os dados t\u00e9cnicos da Emater\/RS-Ascar.&#13;\n<\/p>\n<p style=\"text-align:justify\">Na regi\u00e3o administrativa de Bag\u00e9, a colheita foi finalizada em todos os munic\u00edpios da Campanha e da Fronteira Oeste, exceto em Itaqui. No munic\u00edpio, restam cerca de 150 hectares semeados tardiamente, atualmente em fase de matura\u00e7\u00e3o. A Emater alerta que as fortes chuvas recentes podem comprometer ainda mais a produtividade nessas \u00e1reas.<\/p>\n<p style=\"text-align:justify\">A colheita tamb\u00e9m foi encerrada nas regi\u00f5es de Pelotas, Soledade e Santa Maria. No mercado, o levantamento semanal da Emater\/RS-Ascar aponta que o pre\u00e7o m\u00e9dio da saca de 50 quilos de arroz recuou 1,01% em rela\u00e7\u00e3o \u00e0 semana anterior, passando de R$ 74,40 para R$ 73,65. Lotes com qualidade inferior, especialmente aqueles com percentual de gr\u00e3os inteiros abaixo de 58%, n\u00e3o alcan\u00e7am esse valor, o que tem gerado insatisfa\u00e7\u00e3o entre os orizicultores.&#13;\n<\/p>\n<\/p><\/div>\n<\/p><\/div>\n<p><script data-cfasync=\"false\">\n    !function (f, b, e, v, n, t, s) {\n        if (f.fbq) return; n = f.fbq = function () {\n            n.callMethod ?\n                n.callMethod.apply(n, arguments) : n.queue.push(arguments)\n        };\n        if (!f._fbq) f._fbq = n; n.push = n; n.loaded = !0; n.version = '2.0';\n        n.queue = []; t = b.createElement(e); t.async = !0;\n        t.src = v; s = b.getElementsByTagName(e)[0];\n        s.parentNode.insertBefore(t, s)\n    }(window, document, 'script',\n        'https:\/\/connect.facebook.net\/en_US\/fbevents.js');\n    fbq('init', '522546078623747');\n    fbq('track', 'PageView');\n<\/script><br \/>\n<br \/><br \/>\n<br \/><a href=\"https:\/\/www.agrolink.com.br\/noticias\/safra-de-arroz-encerra-com-pressao-sobre-orizicultor_502462.html\">Source link <\/a><\/p>\n","protected":false},"excerpt":{"rendered":"<p>&#13; Pre\u00e7o do arroz cai 1,01% no RS, aponta Emater&#13; &#13; &#13; &#13; Agrolink&#13; &#13; &#8211; Seane Lennon&#13; &#13; Publicado<\/p>\n","protected":false},"author":1,"featured_media":2357,"comment_status":"open","ping_status":"open","sticky":false,"template":"","format":"standard","meta":{"_monsterinsights_skip_tracking":false,"_monsterinsights_sitenote_active":false,"_monsterinsights_sitenote_note":"","_monsterinsights_sitenote_category":0,"_uf_show_specific_survey":0,"_uf_disable_surveys":false,"footnotes":""},"categories":[8,1,14],"tags":[],"class_list":["post-14432","post","type-post","status-publish","format-standard","has-post-thumbnail","hentry","category-agro","category-news","category-politica-agro"],"_links":{"self":[{"href":"https:\/\/agromt.news\/index.php?rest_route=\/wp\/v2\/posts\/14432"}],"collection":[{"href":"https:\/\/agromt.news\/index.php?rest_route=\/wp\/v2\/posts"}],"about":[{"href":"https:\/\/agromt.news\/index.php?rest_route=\/wp\/v2\/types\/post"}],"author":[{"embeddable":true,"href":"https:\/\/agromt.news\/index.php?rest_route=\/wp\/v2\/users\/1"}],"replies":[{"embeddable":true,"href":"https:\/\/agromt.news\/index.php?rest_route=%2Fwp%2Fv2%2Fcomments&post=14432"}],"version-history":[{"count":0,"href":"https:\/\/agromt.news\/index.php?rest_route=\/wp\/v2\/posts\/14432\/revisions"}],"wp:featuredmedia":[{"embeddable":true,"href":"https:\/\/agromt.news\/index.php?rest_route=\/wp\/v2\/media\/2357"}],"wp:attachment":[{"href":"https:\/\/agromt.news\/index.php?rest_route=%2Fwp%2Fv2%2Fmedia&parent=14432"}],"wp:term":[{"taxonomy":"category","embeddable":true,"href":"https:\/\/agromt.news\/index.php?rest_route=%2Fwp%2Fv2%2Fcategories&post=14432"},{"taxonomy":"post_tag","embeddable":true,"href":"https:\/\/agromt.news\/index.php?rest_route=%2Fwp%2Fv2%2Ftags&post=14432"}],"curies":[{"name":"wp","href":"https:\/\/api.w.org\/{rel}","templated":true}]}}