{"id":14429,"date":"2025-05-30T17:51:02","date_gmt":"2025-05-30T21:51:02","guid":{"rendered":"https:\/\/agromt.news\/?p=14429"},"modified":"2025-05-30T17:51:02","modified_gmt":"2025-05-30T21:51:02","slug":"chuvas-intensas-ameacam-lavouras-na-proxima-semana-onde-o-tempo-exige-atencao-dos-produtores","status":"publish","type":"post","link":"https:\/\/agromt.news\/?p=14429","title":{"rendered":"Chuvas intensas amea\u00e7am lavouras na pr\u00f3xima semana; onde o tempo exige aten\u00e7\u00e3o dos produtores?"},"content":{"rendered":"<p> <br \/>\n<br \/><img decoding=\"async\" src=\"https:\/\/agromt.news\/wp-content\/uploads\/2025\/03\/Chuvas-podem-alcancar-os-100-mm-nas-proximas-24-horas.jpg\" \/><\/p>\n<div>\n<p>Depois de dias de frio intenso e registro de <a href=\"https:\/\/www.canalrural.com.br\/?s=geadas\">geadas <\/a>em \u00e1reas do Paran\u00e1, Santa Catarina e sul do Mato Grosso do Sul, o ciclone que causou instabilidade come\u00e7a a se afastar para o oceano. Com isso, a <a href=\"https:\/\/www.canalrural.com.br\/?s=chuvas\">chuva <\/a>se desloca em dire\u00e7\u00e3o ao Esp\u00edrito Santo, o que exige aten\u00e7\u00e3o dos produtores de soja da regi\u00e3o, enquanto o ar frio perde for\u00e7a nos pr\u00f3ximos cinco dias. <\/p>\n<figure class=\"wp-block-embed is-type-video is-provider-youtube wp-block-embed-youtube wp-embed-aspect-16-9 wp-has-aspect-ratio\">\n<p>\n<iframe title=\"Chuvas intensas amea\u00e7am lavouras na pr\u00f3xima semana; saiba onde o tempo exige aten\u00e7\u00e3o dos produtores\" width=\"800\" height=\"450\" src=\"https:\/\/www.youtube.com\/embed\/FOOVX73BNa8?feature=oembed\" frameborder=\"0\" allow=\"accelerometer; autoplay; clipboard-write; encrypted-media; gyroscope; picture-in-picture; web-share\" referrerpolicy=\"strict-origin-when-cross-origin\" allowfullscreen><\/iframe>\n<\/p>\n<\/figure>\n<ul class=\"wp-block-list\">\n<li><strong><em>Fique por dentro das novidades e not\u00edcias recentes sobre a soja! Participe da nossa comunidade atrav\u00e9s do\u00a0<a href=\"https:\/\/chat.whatsapp.com\/BmMRwA0TZ2DHGyhzoaVEWu\">link<\/a><\/em><\/strong>!<\/li>\n<\/ul>\n<p>As temperaturas devem subir gradualmente. No Sul, ainda h\u00e1 previs\u00e3o de frio abaixo dos 10\u202f\u00b0C em algumas regi\u00f5es, mas em estados como S\u00e3o Paulo e Mato Grosso do Sul, os term\u00f4metros devem se manter acima dos dois d\u00edgitos, afastando o risco de novas geadas.<\/p>\n<p>Esse cen\u00e1rio \u00e9 especialmente importante para os produtores rurais, que devem aproveitar a tr\u00e9gua clim\u00e1tica para avan\u00e7ar com a colheita do milho da segunda safra no Paran\u00e1.<\/p>\n<\/div>\n<div>\n<h3 class=\"wp-block-heading\" id=\"h-produtores-de-soja-devem-ficar-atentos-ao-cavado\">Produtores de soja devem ficar atentos ao \u2018cavado\u2019<\/h3>\n<p>Na pr\u00f3xima semana, uma nova \u00e1rea de baixa press\u00e3o atmosf\u00e9rica, o chamado cavado, deve se formar sobre o Paran\u00e1, provocando fortes chuvas, rajadas de vento e risco elevado de temporais, inclusive com granizo, a partir de quarta-feira.<\/p>\n<p>Os volumes de chuva devem ser elevados e se espalhar tamb\u00e9m por Santa Catarina, S\u00e3o Paulo e Mato Grosso do Sul. A situa\u00e7\u00e3o pode causar alagamentos, queda de energia e paralisa\u00e7\u00e3o dos trabalhos no campo. Rajadas de vento podem ultrapassar os 100 km\/h em pontos isolados.<\/p>\n<p>Enquanto isso, o tempo segue firme em grande parte do Mato Grosso, Goi\u00e1s e interior da regi\u00e3o conhecida como Matopiba.<\/p>\n<p>Al\u00e9m disso, a previs\u00e3o para a semana seguinte indica o avan\u00e7o de temporais sobre o Brasil Central, com risco de chuvas volumosas e transtornos tamb\u00e9m nessas \u00e1reas.<\/p>\n<\/p><\/div>\n<p><br \/>\n<br \/><a href=\"https:\/\/www.canalrural.com.br\/agricultura\/projeto-soja-brasil\/chuvas-intensas-ameacam-lavouras-na-proxima-semana-saiba-onde-o-tempo-exige-atencao-dos-produtores\/\">Source link <\/a><\/p>\n","protected":false},"excerpt":{"rendered":"<p>Depois de dias de frio intenso e registro de geadas em \u00e1reas do Paran\u00e1, Santa Catarina e sul do Mato<\/p>\n","protected":false},"author":1,"featured_media":10576,"comment_status":"open","ping_status":"open","sticky":false,"template":"","format":"standard","meta":{"_monsterinsights_skip_tracking":false,"_monsterinsights_sitenote_active":false,"_monsterinsights_sitenote_note":"","_monsterinsights_sitenote_category":0,"_uf_show_specific_survey":0,"_uf_disable_surveys":false,"footnotes":""},"categories":[1],"tags":[],"class_list":["post-14429","post","type-post","status-publish","format-standard","has-post-thumbnail","hentry","category-news"],"_links":{"self":[{"href":"https:\/\/agromt.news\/index.php?rest_route=\/wp\/v2\/posts\/14429"}],"collection":[{"href":"https:\/\/agromt.news\/index.php?rest_route=\/wp\/v2\/posts"}],"about":[{"href":"https:\/\/agromt.news\/index.php?rest_route=\/wp\/v2\/types\/post"}],"author":[{"embeddable":true,"href":"https:\/\/agromt.news\/index.php?rest_route=\/wp\/v2\/users\/1"}],"replies":[{"embeddable":true,"href":"https:\/\/agromt.news\/index.php?rest_route=%2Fwp%2Fv2%2Fcomments&post=14429"}],"version-history":[{"count":0,"href":"https:\/\/agromt.news\/index.php?rest_route=\/wp\/v2\/posts\/14429\/revisions"}],"wp:featuredmedia":[{"embeddable":true,"href":"https:\/\/agromt.news\/index.php?rest_route=\/wp\/v2\/media\/10576"}],"wp:attachment":[{"href":"https:\/\/agromt.news\/index.php?rest_route=%2Fwp%2Fv2%2Fmedia&parent=14429"}],"wp:term":[{"taxonomy":"category","embeddable":true,"href":"https:\/\/agromt.news\/index.php?rest_route=%2Fwp%2Fv2%2Fcategories&post=14429"},{"taxonomy":"post_tag","embeddable":true,"href":"https:\/\/agromt.news\/index.php?rest_route=%2Fwp%2Fv2%2Ftags&post=14429"}],"curies":[{"name":"wp","href":"https:\/\/api.w.org\/{rel}","templated":true}]}}