{"id":14426,"date":"2025-05-30T17:03:33","date_gmt":"2025-05-30T21:03:33","guid":{"rendered":"https:\/\/agromt.news\/?p=14426"},"modified":"2025-05-30T17:03:33","modified_gmt":"2025-05-30T21:03:33","slug":"sinais-de-maior-oferta-de-cafe-pesam-sobre-os-precos-e-ny-fecha-com-baixas","status":"publish","type":"post","link":"https:\/\/agromt.news\/?p=14426","title":{"rendered":"Sinais de maior oferta de caf\u00e9 pesam sobre os pre\u00e7os e NY fecha com baixas&#8230;"},"content":{"rendered":"<p> <br \/>\n<\/p>\n<p>Entrada das novas safras da Indon\u00e9sia e do Brasil contribuiu para o recuo dos futuros em Londres<\/p>\n<div>\n<p><img decoding=\"async\" alt=\"Logotipo Not&#xED;cias Agr&#xED;colas\" height=\"21\" src=\"https:\/\/cdn.noticiasagricolas.com.br\/dbimagens\/e12363a00741f9cc7caf23469101a4aa.png\" width=\"106\"\/><\/p>\n<p>Os pre\u00e7os do caf\u00e9 encerram a sess\u00e3o desta sexta-feira (16) registrando baixas de mais de 2% nas bolsas internacionais.\u00a0<\/p>\n<p>Segundo informa\u00e7\u00f5es da Reuters, os negociantes disseram que o mercado foi prejudicado pela ampla oferta, j\u00e1 que as safras de robusta est\u00e3o sendo colhidas\u00a0na Indon\u00e9sia e no Brasil. &#8220;Os estoques de robusta monitorados pela ICE testemunharam uma recupera\u00e7\u00e3o, pressionando os pre\u00e7os&#8221;, disse um trader do Vietn\u00e3.\u00a0<\/p>\n<p>De acordo com o Barchart, os estoques de robusta monitorados pela ICE atingiram o maior n\u00edvel em 7 meses e meio nesta sexta-feira, com 4.890 lotes, e\u00a0os estoques de ar\u00e1bica atingiram o maior n\u00edvel em 3 meses, com 851.169 sacas.\u00a0<\/p>\n<p>Boletim do Escrit\u00f3rio Carvalhaes aponta que mesmo com as proje\u00e7\u00f5es mais otimistas sobre a produ\u00e7\u00e3o brasileira de caf\u00e9 em 2025, seguimos com um cen\u00e1rio\u00a0t\u00e3o apertado como o atual no novo ano-safra, que come\u00e7ar\u00e1 em julho. &#8220;Nossos estoques de passagem ser\u00e3o historicamente baixos, e os maiores n\u00fameros de produ\u00e7\u00e3o\u00a0lan\u00e7ados no mercado apontam para uma safra 2025 com tamanho pr\u00f3ximo ao da atual. O equil\u00edbrio prec\u00e1rio entre produ\u00e7\u00e3o e consumo global vai continuar\u00a0no ano-safra 2025\/2026&#8221;, destaca ainda o documento.<\/p>\n<p>\n<strong>Leia mais:<\/strong><\/p>\n<p>Em Londres, o robusta fecha o dia registrando baixa de US$ 106 nos contratos de maio\/25 e julho\/25 negociado por US$ 4,816\/tonelada e US$ 4,865\/tonelada, um recuo de\u00a0US$ 100 no valor de US$ 4,860\/tonelada no de setembro\/25, e uma queda de US$ 88 no valor de US$ 4,830\/tonelada no de novembro\/25.<\/p>\n<p>O ar\u00e1bica encerra com baixa de 870 pontos no valor de 376,25 centa\/lbp no vencimento de maio\/25, uma perda de 935 pontos cotado por 365,65 cents\/lbp no de julho\/25, um recuo de 885 pontos no valor de 362,50 cents\/lbp no de setembro\/25, e uma queda de 805 pontos negociado por 357,50 cents\/lbp no de dezembro\/25.<\/p>\n<p><strong>Mercado Interno<\/strong><\/p>\n<p>Dados divulgados pela Safras &amp; Mercado apontam que as vendas da safra 2024\/25 alcan\u00e7aram 97% da produ\u00e7\u00e3o,\u00a0ante 94% h\u00e1 um ano, conforme o fluxo dos neg\u00f3cios no mercado f\u00edsico migra cada vez mais em dire\u00e7\u00e3o \u00e0 safra nova. As vendas de caf\u00e9 da safra 2025\/26 do Brasil seguem lentas, ap\u00f3s um atraso na colheita, alcan\u00e7ando apenas 16% da produ\u00e7\u00e3o prevista.\u00a0<\/p>\n<p>Ainda de acordo de acordo com o acompanhamento semanal da Safras, at\u00e9 o \u00faltimo dia 13 de maio, a colheita da safra\/25 no Brasil estava em 7%,\u00a0o que representa um avan\u00e7o de 5 pontos percentuais em rela\u00e7\u00e3o \u00e0 semana anterior, quando os trabalhos mal haviam come\u00e7ado. O ritmo est\u00e1\u00a0atrasado em compara\u00e7\u00e3o ao mesmo per\u00edodo do ano passado e tamb\u00e9m abaixo da m\u00e9dia das \u00faltimas cinco safras, ambas com 10% da produ\u00e7\u00e3o colhida at\u00e9 esta data.<\/p>\n<p>\u201cAs chuvas t\u00eam prejudicado os trabalhos, especialmente nas \u00e1reas de conilon\/robusta do Esp\u00edrito Santo, Bahia e a Rond\u00f4nia, assim como em parte da regi\u00e3o de ar\u00e1bica\u00a0das Matas de Minas. A decis\u00e3o de alguns produtores de adiar o in\u00edcio da colheita, aguardando uma melhor\u00a0matura\u00e7\u00e3o dos frutos ou a diminui\u00e7\u00e3o da umidade, tamb\u00e9m contribui para o andamento mais moroso das atividades\u201d, destacou o consultor de Safras, Gil Barabach.<\/p>\n<p>\n<strong>Leia mais:<\/strong><\/p>\n<p>Nas \u00e1reas monitoradas pelo Not\u00edcias Agr\u00edcolas as varia\u00e7\u00f5es acompanharam as baixas da bolsa de NY, e o Caf\u00e9 Ar\u00e1bica Tipo 6 registra recuo de 2,31% em Franca\/SP no valor de R$ 2.540,00\/saca, uma perda de 2,36% em Varginha\/MG negociado por R$ 2.480,00\/saca, e uma queda de 2,67% em Araguai\/MG no valor de R$ 2.550,00\/saca. J\u00e1 o Cereja Descascado encerra com a desvaloriza\u00e7\u00e3o de 3,07% em Varginha\/MG no valor de R$ 2.530,00\/saca, e um recuo de 1,16% em Guaxup\u00e9\/MG cotado por R$ 2.563,00\/saca.<\/p>\n<p>\n<strong>Leia mais:<\/strong><\/p>\n<\/p><\/div>\n<p><script async defer src=\"https:\/\/connect.facebook.net\/en_US\/sdk.js\" type=\"008f363306a918727fa85deb-text\/javascript\"><\/script><script type=\"008f363306a918727fa85deb-text\/javascript\">\n  !function(f,b,e,v,n,t,s)\n  {if(f.fbq)return;n=f.fbq=function(){n.callMethod?\n    n.callMethod.apply(n,arguments):n.queue.push(arguments)};\n    if(!f._fbq)f._fbq=n;n.push=n;n.loaded=!0;n.version='2.0';\n    n.queue=[];t=b.createElement(e);t.async=!0;\n    t.src=v;s=b.getElementsByTagName(e)[0];\n    s.parentNode.insertBefore(t,s)}(window, document,'script',\n    'https:\/\/connect.facebook.net\/en_US\/fbevents.js');\n  fbq('init', '153495679422335');\n  fbq('track', 'PageView');\n<\/script><br \/>\n<br \/><br \/>\n<br \/><a href=\"https:\/\/www.noticiasagricolas.com.br\/noticias\/cafe\/400658-sinais-de-maior-oferta-de-cafe-pesa-sobre-os-precos-que-fecham-sessao-desta-6-feira-16-com-baixas-de-mais-de-2.html\">Source link <\/a><\/p>\n","protected":false},"excerpt":{"rendered":"<p>Entrada das novas safras da Indon\u00e9sia e do Brasil contribuiu para o recuo dos futuros em Londres Os pre\u00e7os do<\/p>\n","protected":false},"author":1,"featured_media":14427,"comment_status":"open","ping_status":"open","sticky":false,"template":"","format":"standard","meta":{"_monsterinsights_skip_tracking":false,"_monsterinsights_sitenote_active":false,"_monsterinsights_sitenote_note":"","_monsterinsights_sitenote_category":0,"_uf_show_specific_survey":0,"_uf_disable_surveys":false,"footnotes":""},"categories":[8,1,14,16],"tags":[],"class_list":["post-14426","post","type-post","status-publish","format-standard","has-post-thumbnail","hentry","category-agro","category-news","category-politica-agro","category-safra"],"_links":{"self":[{"href":"https:\/\/agromt.news\/index.php?rest_route=\/wp\/v2\/posts\/14426"}],"collection":[{"href":"https:\/\/agromt.news\/index.php?rest_route=\/wp\/v2\/posts"}],"about":[{"href":"https:\/\/agromt.news\/index.php?rest_route=\/wp\/v2\/types\/post"}],"author":[{"embeddable":true,"href":"https:\/\/agromt.news\/index.php?rest_route=\/wp\/v2\/users\/1"}],"replies":[{"embeddable":true,"href":"https:\/\/agromt.news\/index.php?rest_route=%2Fwp%2Fv2%2Fcomments&post=14426"}],"version-history":[{"count":0,"href":"https:\/\/agromt.news\/index.php?rest_route=\/wp\/v2\/posts\/14426\/revisions"}],"wp:featuredmedia":[{"embeddable":true,"href":"https:\/\/agromt.news\/index.php?rest_route=\/wp\/v2\/media\/14427"}],"wp:attachment":[{"href":"https:\/\/agromt.news\/index.php?rest_route=%2Fwp%2Fv2%2Fmedia&parent=14426"}],"wp:term":[{"taxonomy":"category","embeddable":true,"href":"https:\/\/agromt.news\/index.php?rest_route=%2Fwp%2Fv2%2Fcategories&post=14426"},{"taxonomy":"post_tag","embeddable":true,"href":"https:\/\/agromt.news\/index.php?rest_route=%2Fwp%2Fv2%2Ftags&post=14426"}],"curies":[{"name":"wp","href":"https:\/\/api.w.org\/{rel}","templated":true}]}}