{"id":14424,"date":"2025-05-30T16:24:05","date_gmt":"2025-05-30T20:24:05","guid":{"rendered":"https:\/\/agromt.news\/?p=14424"},"modified":"2025-05-30T16:24:05","modified_gmt":"2025-05-30T20:24:05","slug":"bndes-aprova-r-77-mi-do-fundo-clima-para-projeto-de-silvicultura-com-especies-nativas","status":"publish","type":"post","link":"https:\/\/agromt.news\/?p=14424","title":{"rendered":"BNDES aprova R$ 77 mi do Fundo Clima para projeto de silvicultura com esp\u00e9cies nativas"},"content":{"rendered":"<p> <br \/>\n<br \/><img decoding=\"async\" src=\"https:\/\/agromt.news\/wp-content\/uploads\/2025\/02\/foto-1-serra-do-mar.jpg\" \/><\/p>\n<div>\n<p>O Banco Nacional de Desenvolvimento Econ\u00f4mico e Social (BNDES) aprovou R$ 77,6 milh\u00f5es, por meio da linha <strong><a href=\"http:\/\/www.canalrural.com.br\/tag\/fundo-clima\/\">Fundo Clima<\/a><\/strong> \u2013 modalidade Florestas Nativas e Recursos H\u00eddricos, para a implanta\u00e7\u00e3o de um projeto de silvicultura de esp\u00e9cies nativas em regi\u00e3o de Mata Atl\u00e2ntica, no sul da Bahia.<\/p>\n<p>A silvicultura de esp\u00e9cies nativas \u00e9 uma atividade de longo prazo, onde as \u00e1rvores de diferentes esp\u00e9cies t\u00eam tempos de crescimento entre 12 e 36 anos em m\u00e9dia, at\u00e9 chegar no tamanho para o corte e extra\u00e7\u00e3o da madeira. Objetivo \u00e9 o de ampliar oferta de madeira tropical de origem sustent\u00e1vel, livre de desmatamento.<\/p>\n<p>O projeto, primeiro financiado pelo banco no setor, ser\u00e1 conduzido pela Symbiosis Florestal S.A., empresa voltada \u00e0 produ\u00e7\u00e3o de madeira tropical de alto valor. Prev\u00ea o plantio de 1.500 hectares de florestas produtivas com esp\u00e9cies nativas da Mata Atl\u00e2ntica, bioma historicamente amea\u00e7ado e hoje reduzido a 12,5% de sua cobertura original na regi\u00e3o. A \u00e1rea total da opera\u00e7\u00e3o ser\u00e1 de 3 mil hectares, com o plantio intercalado de esp\u00e9cies nativas e ex\u00f3ticas, sendo exclusivamente o componente nativo financiado pelo BNDES.<\/p>\n<p>O modelo adotado pelo projeto financiado pelo BNDES combina o uso de esp\u00e9cies mistas com manejo florestal cont\u00ednuo, garantindo n\u00e3o apenas a produ\u00e7\u00e3o de madeira de alta qualidade \u2013 inclusive de esp\u00e9cies amea\u00e7adas de extin\u00e7\u00e3o \u2013 como tamb\u00e9m a preserva\u00e7\u00e3o da biodiversidade, com gera\u00e7\u00e3o de cr\u00e9ditos de carbono, promo\u00e7\u00e3o da biodiversidade e mitiga\u00e7\u00e3o de riscos clim\u00e1ticos.<\/p>\n<p>O financiamento de longo prazo do BNDES, atrav\u00e9s do Fundo Clima, se adequa ao perfil desse tipo de investimento, que apresenta um tempo de matura\u00e7\u00e3o muito mais longo que outros projetos de investimento.<\/p>\n<\/div>\n<div>\n<p>Al\u00e9m do impacto ambiental positivo, o projeto dever\u00e1 gerar 220 empregos diretos e indiretos ao longo da implanta\u00e7\u00e3o e opera\u00e7\u00e3o, contribuindo para o fortalecimento da economia verde no sul da Bahia.<\/p>\n<p>\u201cEsse projeto \u00e9 um marco para a silvicultura de esp\u00e9cies nativas no Brasil e mostra como \u00e9 poss\u00edvel aliar produ\u00e7\u00e3o florestal, preserva\u00e7\u00e3o da biodiversidade e gera\u00e7\u00e3o de cr\u00e9ditos de carbono. Ao financiar o cultivo de esp\u00e9cies nativas na Mata Atl\u00e2ntica, o Governo Federal por meio do BNDES fortalece a economia verde, estimula a restaura\u00e7\u00e3o de um bioma cr\u00edtico e cria empregos de qualidade no sul da Bahia, em linha com as diretrizes de desenvolvimento formuladas pelo Presidente Lula\u201d, afirmou o presidente do BNDES, Aloizio Mercadante.<\/p>\n<p>\u201cCom o apoio do BNDES, conseguiremos ampliar a escala e o impacto do nosso projeto, que \u00e9 pioneiro em viabilizar economicamente a silvicultura de esp\u00e9cies nativas com inclus\u00e3o social de comunidades locais. A produ\u00e7\u00e3o de madeira \u00e9 a forma mais eficiente de viabilizar o reflorestamento em larga escala que o mundo precisa para enfrentar as atuais crises clim\u00e1tica e de biodiversidade\u201d, afirmou Bruno Mariani, CEO da Symbiosis.<\/p>\n<p>Fundo Clima<\/p>\n<p>O Fundo Nacional sobre Mudan\u00e7a do Clima, um dos instrumentos da Pol\u00edtica Nacional sobre Mudan\u00e7a do Clima, \u00e9 vinculado ao Minist\u00e9rio do Meio Ambiente e Mudan\u00e7a do Clima (MMA) e tem como finalidade de garantir recursos para apoio a projetos ou estudos e financiamento de empreendimentos que tenham como objetivo a mitiga\u00e7\u00e3o das mudan\u00e7as clim\u00e1ticas. <\/p>\n<p>O BNDES j\u00e1 aprovou R$ 262 milh\u00f5es para projetos florestais com a linha de cr\u00e9dito modalidade Florestas Nativas e Recursos H\u00eddricos do Novo Fundo Clima.<\/p>\n<\/p><\/div>\n<p><br \/>\n<br \/><a href=\"https:\/\/www.canalrural.com.br\/agricultura\/bndes-aprova-r-77-mi-do-fundo-clima-para-projeto-de-silvicultura-com-especies-nativas\/\">Source link <\/a><\/p>\n","protected":false},"excerpt":{"rendered":"<p>O Banco Nacional de Desenvolvimento Econ\u00f4mico e Social (BNDES) aprovou R$ 77,6 milh\u00f5es, por meio da linha Fundo Clima \u2013<\/p>\n","protected":false},"author":1,"featured_media":9983,"comment_status":"open","ping_status":"open","sticky":false,"template":"","format":"standard","meta":{"_monsterinsights_skip_tracking":false,"_monsterinsights_sitenote_active":false,"_monsterinsights_sitenote_note":"","_monsterinsights_sitenote_category":0,"_uf_show_specific_survey":0,"_uf_disable_surveys":false,"footnotes":""},"categories":[1],"tags":[],"class_list":["post-14424","post","type-post","status-publish","format-standard","has-post-thumbnail","hentry","category-news"],"_links":{"self":[{"href":"https:\/\/agromt.news\/index.php?rest_route=\/wp\/v2\/posts\/14424"}],"collection":[{"href":"https:\/\/agromt.news\/index.php?rest_route=\/wp\/v2\/posts"}],"about":[{"href":"https:\/\/agromt.news\/index.php?rest_route=\/wp\/v2\/types\/post"}],"author":[{"embeddable":true,"href":"https:\/\/agromt.news\/index.php?rest_route=\/wp\/v2\/users\/1"}],"replies":[{"embeddable":true,"href":"https:\/\/agromt.news\/index.php?rest_route=%2Fwp%2Fv2%2Fcomments&post=14424"}],"version-history":[{"count":0,"href":"https:\/\/agromt.news\/index.php?rest_route=\/wp\/v2\/posts\/14424\/revisions"}],"wp:featuredmedia":[{"embeddable":true,"href":"https:\/\/agromt.news\/index.php?rest_route=\/wp\/v2\/media\/9983"}],"wp:attachment":[{"href":"https:\/\/agromt.news\/index.php?rest_route=%2Fwp%2Fv2%2Fmedia&parent=14424"}],"wp:term":[{"taxonomy":"category","embeddable":true,"href":"https:\/\/agromt.news\/index.php?rest_route=%2Fwp%2Fv2%2Fcategories&post=14424"},{"taxonomy":"post_tag","embeddable":true,"href":"https:\/\/agromt.news\/index.php?rest_route=%2Fwp%2Fv2%2Ftags&post=14424"}],"curies":[{"name":"wp","href":"https:\/\/api.w.org\/{rel}","templated":true}]}}