{"id":14421,"date":"2025-05-30T15:52:26","date_gmt":"2025-05-30T19:52:26","guid":{"rendered":"https:\/\/agromt.news\/?p=14421"},"modified":"2025-05-30T15:52:26","modified_gmt":"2025-05-30T19:52:26","slug":"confira-a-previsao-para-junho","status":"publish","type":"post","link":"https:\/\/agromt.news\/?p=14421","title":{"rendered":"confira a previs\u00e3o para junho"},"content":{"rendered":"<p> <br \/>\n<\/p>\n<div>\n<p>A previs\u00e3o do tempo para o m\u00eas de junho indica chuva acima da m\u00e9dia nas por\u00e7\u00f5es norte e leste da Regi\u00e3o Nordeste, no <strong><a href=\"https:\/\/www.canalrural.com.br\/nacional\/rio-grande-do-sul\/\">Rio Grande do Sul<\/a><\/strong> e norte da Regi\u00e3o Norte (tom em azul no mapa da Figura 1a, abaixo).<\/p>\n<div data-icp-cta=\"1\" id=\"icp-cta-unique\">Voc\u00ea quer entender como usar o clima a seu favor?<b> <\/b><a href=\"https:\/\/climacampo.canalrural.com.br\/climacampo_-01\">Preparamos um e-book exclusivo<\/a> para ajudar produtores rurais a se antecipar \u00e0s mudan\u00e7as do tempo e planejar melhor suas a\u00e7\u00f5es. Com base em previs\u00f5es meteorol\u00f3gicas confi\u00e1veis, ele oferece orienta\u00e7\u00f5es pr\u00e1ticas para proteger sua lavoura e otimizar seus resultados.<\/div>\n<p>O balan\u00e7o \u00e9 no Instituto Nacional de Meteorologia (Inmet), que volumes de precipita\u00e7\u00e3o entre a m\u00e9dia e abaixo para as regi\u00f5es Centro-Oeste e Sudeste, al\u00e9m do interior do Nordeste, sul da Amaz\u00f4nia, do Paran\u00e1 e de Santa Catarina. Confira os detalhes:<\/p>\n<h2 class=\"wp-block-heading\" id=\"h-sul\">Sul<\/h2>\n<p>A previs\u00e3o \u00e9 de chuvas pr\u00f3ximas e abaixo da climatologia nos estados do Paran\u00e1 e de Santa Catarina (tons em cinza e amarelo no mapa da Figura 1a), com volumes <strong>inferiores a<\/strong> <strong>180 mm<\/strong>.<\/p>\n<p>J\u00e1 no Rio Grande do Sul, s\u00e3o previstos acumulados de chuva pr\u00f3ximos e acima da m\u00e9dia hist\u00f3rica (tons em cinza e azul no mapa da Figura 1a), podendo <strong>ultrapassar os 140 mm<\/strong> ao longo do m\u00eas.<\/p>\n<h2 class=\"wp-block-heading\" id=\"h-sudeste-e-centro-oeste\">Sudeste e Centro-Oeste<\/h2>\n<figure class=\"wp-block-image size-full\"><img fetchpriority=\"high\" decoding=\"async\" width=\"770\" height=\"385\" alt=\"Previs\u00e3o de chuva e temperaturas para junho - INMET\" class=\"wp-image-4103330\"  data-lazy- src=\"https:\/\/agromt.news\/wp-content\/uploads\/2025\/05\/confira-a-previsao-para-junho.jpg\"\/><img decoding=\"async\" width=\"770\" height=\"385\" src=\"https:\/\/agromt.news\/wp-content\/uploads\/2025\/05\/confira-a-previsao-para-junho.jpg\" alt=\"Previs\u00e3o de chuva e temperaturas para junho - INMET\" class=\"wp-image-4103330\"  \/><figcaption class=\"wp-element-caption\">Foto: Divulga\u00e7\u00e3o Inmet<\/figcaption><\/figure>\n<p>A previs\u00e3o indica chuvas pr\u00f3ximas \u00e0 m\u00e9dia hist\u00f3rica (tons em cinza no mapa da Figura 1a), com volumes inferiores a 100 mm no m\u00eas. \u00c9 poss\u00edvel que em algumas localidades ocorram dias consecutivos sem chuva. Nos estados de Mato Grosso do Sul e S\u00e3o Paulo, as precipita\u00e7\u00f5es variam entre 30 mm e 80 mm no m\u00eas. A tend\u00eancia \u00e9 de chuvas ligeiramente abaixo desta faixa (tons em amarelo no mapa da Figura 1a).<\/p>\n<h2 class=\"wp-block-heading\" id=\"h-nordeste\">Nordeste<\/h2>\n<p>S\u00e3o previstas chuvas acima da m\u00e9dia no norte do Maranh\u00e3o, no Piau\u00ed e Cear\u00e1, assim como na faixa leste da Para\u00edba at\u00e9 Sergipe (tom em azul no mapa da esquerda), com volumes que podem ultrapassar os 80 mm. <\/p>\n<p>No interior da regi\u00e3o, normalmente tem-se redu\u00e7\u00e3o das chuvas. No m\u00eas, a previs\u00e3o indica volumes abaixo de 60 mm, principalmente no oeste da Bahia, sul do Maranh\u00e3o e do Piau\u00ed, onde podem haver dias consecutivos sem chuva (tom em amarelo no mapa).<\/p>\n<\/div>\n<div>\n<h2 class=\"wp-block-heading\" id=\"h-temperaturas-minimas-e-maximas\">Temperaturas m\u00ednimas e m\u00e1ximas<\/h2>\n<p>Quanto \u00e0s temperaturas, a previs\u00e3o indica que devem ficar acima da m\u00e9dia em grande parte do pa\u00eds (tom em laranja no mapa da Figura 1b). Por outro lado, em \u00e1reas das regi\u00f5es Norte e Nordeste, as temperaturas m\u00e9dias devem se manter pr\u00f3ximas \u00e0 climatologia, variando entre <strong>25\u00b0C e 28\u00b0C<\/strong>. <\/p>\n<p>Apesar da tend\u00eancia de temperaturas acima da m\u00e9dia no centro-sul do Brasil, os valores devem permanecer <strong>abaixo dos 20\u00b0C<\/strong> em \u00e1reas do centro-sul de Minas Gerais, leste de S\u00e3o Paulo e sul de Mato Grosso do Sul, Paran\u00e1, Santa Catarina e Rio Grande do Sul. <\/p>\n<p>Al\u00e9m disso, em localidades de maior altitude das regi\u00f5es Sul e Sudeste, a incurs\u00e3o de massas de ar frio poder\u00e1 provocar quedas acentuadas nas temperaturas, com valores que podem ficar <strong>abaixo dos 15\u00b0C<\/strong>.<\/p>\n<h2 class=\"wp-block-heading\" id=\"h-impactos-nas-lavouras\">Impactos nas lavouras<\/h2>\n<p>O progn\u00f3stico clim\u00e1tico do Inmet para junho tamb\u00e9m considera os poss\u00edveis impactos nas principais culturas agrpicolas. Assim, a previs\u00e3o de chuvas acima da m\u00e9dia na parte leste do Nordeste poder\u00e1 beneficiar os cultivos de feij\u00e3o e milho terceiras safras na regi\u00e3o do Sealba (que abrange os estados de <strong>Se<\/strong>rgipe, <strong>Al<\/strong>agoas e <strong>Ba<\/strong>hia). <\/p>\n<p>Entretanto, no Matopiba (\u00e1reas dos estadosd o <strong>Ma<\/strong>ranh\u00e3o, <strong>To<\/strong>cantins, <strong>Pi<\/strong>au\u00ed e <strong>B<\/strong>ahia), h\u00e1 uma tend\u00eancia de redu\u00e7\u00e3o das chuvas, o que pode provocar restri\u00e7\u00e3o h\u00eddrica em parte das lavouras de milho segunda safra, especialmente durante a fase de flora\u00e7\u00e3o, per\u00edodo em que a cultura demanda maior disponibilidade h\u00eddrica. <\/p>\n<p>Para as regi\u00f5es Centro-Oeste e Sudeste, a previs\u00e3o do Inmet para junho indica volumes de chuva pr\u00f3ximos e inferiores \u00e0 m\u00e9dia. Neste cen\u00e1rio, os acumulados previstos devem ser suficientes para favorecer a matura\u00e7\u00e3o e a colheita da canade-a\u00e7\u00facar e do caf\u00e9. <\/p>\n<p>\u201cEm Mato Grosso do Sul e em Mato Grosso, as condi\u00e7\u00f5es clim\u00e1ticas previstas n\u00e3o devem impactar negativamente as culturas de trigo e milho segunda safra\u201d, diz o \u00f3rg\u00e3o.<\/p>\n<p>Na Regi\u00e3o Sul, o Instituto acrescenta que as condi\u00e7\u00f5es de chuvas pr\u00f3ximas e abaixo da m\u00e9dia no Paran\u00e1 e Santa Catarina ser\u00e3o favor\u00e1veis para finaliza\u00e7\u00e3o da colheita dos cultivos de primeira safra, bem como do feij\u00e3o segunda safra.<\/p>\n<\/p><\/div>\n<p><br \/>\n<br \/><a href=\"https:\/\/www.canalrural.com.br\/tempo\/chuva-de-180-mm-e-temperaturas-acima-da-media-confira-a-previsao-para-junho\/\">Source link <\/a><\/p>\n","protected":false},"excerpt":{"rendered":"<p>A previs\u00e3o do tempo para o m\u00eas de junho indica chuva acima da m\u00e9dia nas por\u00e7\u00f5es norte e leste da<\/p>\n","protected":false},"author":1,"featured_media":3111,"comment_status":"open","ping_status":"open","sticky":false,"template":"","format":"standard","meta":{"_monsterinsights_skip_tracking":false,"_monsterinsights_sitenote_active":false,"_monsterinsights_sitenote_note":"","_monsterinsights_sitenote_category":0,"_uf_show_specific_survey":0,"_uf_disable_surveys":false,"footnotes":""},"categories":[1],"tags":[],"class_list":["post-14421","post","type-post","status-publish","format-standard","has-post-thumbnail","hentry","category-news"],"_links":{"self":[{"href":"https:\/\/agromt.news\/index.php?rest_route=\/wp\/v2\/posts\/14421"}],"collection":[{"href":"https:\/\/agromt.news\/index.php?rest_route=\/wp\/v2\/posts"}],"about":[{"href":"https:\/\/agromt.news\/index.php?rest_route=\/wp\/v2\/types\/post"}],"author":[{"embeddable":true,"href":"https:\/\/agromt.news\/index.php?rest_route=\/wp\/v2\/users\/1"}],"replies":[{"embeddable":true,"href":"https:\/\/agromt.news\/index.php?rest_route=%2Fwp%2Fv2%2Fcomments&post=14421"}],"version-history":[{"count":0,"href":"https:\/\/agromt.news\/index.php?rest_route=\/wp\/v2\/posts\/14421\/revisions"}],"wp:featuredmedia":[{"embeddable":true,"href":"https:\/\/agromt.news\/index.php?rest_route=\/wp\/v2\/media\/3111"}],"wp:attachment":[{"href":"https:\/\/agromt.news\/index.php?rest_route=%2Fwp%2Fv2%2Fmedia&parent=14421"}],"wp:term":[{"taxonomy":"category","embeddable":true,"href":"https:\/\/agromt.news\/index.php?rest_route=%2Fwp%2Fv2%2Fcategories&post=14421"},{"taxonomy":"post_tag","embeddable":true,"href":"https:\/\/agromt.news\/index.php?rest_route=%2Fwp%2Fv2%2Ftags&post=14421"}],"curies":[{"name":"wp","href":"https:\/\/api.w.org\/{rel}","templated":true}]}}