{"id":14420,"date":"2025-05-30T14:47:20","date_gmt":"2025-05-30T18:47:20","guid":{"rendered":"https:\/\/agromt.news\/?p=14420"},"modified":"2025-05-30T14:47:20","modified_gmt":"2025-05-30T18:47:20","slug":"chuva-segura-colheita-inicial-do-milho-em-mato-grosso","status":"publish","type":"post","link":"https:\/\/agromt.news\/?p=14420","title":{"rendered":"Chuva segura colheita inicial do milho em Mato Grosso"},"content":{"rendered":"<p> <br \/>\n<\/p>\n<div>\n<div class=\"row\">\n<div class=\"col-lg col-infos mt-0 mt-lg-0\">\n<div class=\"section-sub-title\">\n<p itemprop=\"description\">&#13;<br \/>\n                                Colheita do milho come\u00e7a com atraso em Mato Grosso&#13;\n                            <\/p>\n<\/p><\/div>\n<div class=\"container\">\n<div class=\"row\">\n<div class=\"col-lg p-0\">\n<div>\n<div class=\"block-news-main-infos mt-3 text-start\">\n<p>                                            <strong class=\"fn\" itemprop=\"author\" style=\"color: rgb(112, 112, 112); \">&#13;<br \/>\n                                                <a href=\"https:\/\/www.agrolink.com.br\/noticias\/javascript:;\" class=\"text-uppercase\" target=\"_blank\" style=\"color: rgb(112, 112, 112); \" rel=\"noopener\">Agrolink<\/a>&#13;<br \/>\n&#13;<br \/>\n                                                    &#8211; Seane Lennon&#13;<br \/>\n&#13;<br \/>\n                                            <\/strong><br \/>\n                                        <\/p>\n<p>                                            <abbr><time datetime=\"2025-05-29T17:48\" itemprop=\"datePublished dateModified\">Publicado em 29\/05\/2025 \u00e0s 17:48h.<\/time><\/abbr><br \/>\n                                            <\/p><\/div>\n<\/p><\/div>\n<\/p><\/div>\n<div class=\"col-lg p-0 text-lg-end\">\n<div>\n<div id=\"mdEnviarPagina\" class=\"modal fade\" role=\"dialog\">\n<div class=\"modal-dialog\">\n<div class=\"modal-content\">\n<div class=\"modal-body\">\n<p><strong>Estimado usu\u00e1rio.<\/strong><br \/>Preencha o formul\u00e1rio abaixo para remeter a p\u00e1gina.<\/p>\n<\/p><\/div>\n<\/p><\/div>\n<\/p><\/div>\n<\/div><\/div>\n<\/p><\/div>\n<\/p><\/div>\n<\/p><\/div>\n<\/p><\/div>\n<\/p><\/div>\n<div class=\"row justify-content-md-center mt-3\">\n<div class=\"col-lg-auto col-image block-news-main-image\">\n<p>                                <img decoding=\"async\" src=\"https:\/\/www.agrolink.com.br\/upload\/imagens-resizes\/dee6634cf3344795984d70bc68e91d29_858x483.jpg\" class=\"lazyload img-fluid\"\/><br \/>\n                                                <span class=\"publicity-photo d-block mt-1\">Foto: Canva<\/span><\/p><\/div>\n<\/p><\/div>\n<div class=\"section-description section-description-noticias mt-3\">\n<p style=\"text-align:justify\">A colheita do <a href=\"https:\/\/www.agrolink.com.br\/culturas\/milho?utm_source=agrolink-detalhe-noticia&amp;utm_medium=detalhe-noticia&amp;utm_campaign=links-internos&#9;\" target=\"_blank\" rel=\"noopener\">milho<\/a> foi oficialmente iniciada em Mato Grosso no dia 16 de maio, segundo informou o Instituto Mato-Grossense de Economia Agropecu\u00e1ria (Imea), em boletim divulgado na segunda-feira (27). At\u00e9 o dia 23, o avan\u00e7o das m\u00e1quinas no campo atingiu 0,31% da \u00e1rea estimada para a safra atual.&#13;\n<\/p>\n<p style=\"text-align:justify\">Esse percentual representa um atraso de 1,63 ponto percentual em compara\u00e7\u00e3o com o mesmo per\u00edodo do ano passado e de 0,66 ponto em rela\u00e7\u00e3o \u00e0 m\u00e9dia dos \u00faltimos cinco anos. Apesar do in\u00edcio mais lento, o Imea considera que esse volume ainda n\u00e3o compromete o potencial da colheita do estado.<\/p>\n<p style=\"text-align:justify\">\u201cO percentual colhido ainda \u00e9 pequeno e n\u00e3o interfere nas proje\u00e7\u00f5es de produ\u00e7\u00e3o. A expectativa permanece positiva\u201d, afirmou o instituto. De acordo com os analistas, o desenvolvimento das lavouras segue dentro do previsto, favorecido pela manuten\u00e7\u00e3o dos volumes de chuva em boa parte das regi\u00f5es produtoras at\u00e9 meados de maio.&#13;\n<\/p>\n<p style=\"text-align:justify\">O Imea tamb\u00e9m observa que, nas pr\u00f3ximas semanas, os modelos meteorol\u00f3gicos j\u00e1 apontam para uma redu\u00e7\u00e3o nas chuvas, comportamento considerado t\u00edpico para o per\u00edodo em Mato Grosso. A tend\u00eancia de tempo mais seco deve acelerar o ritmo da colheita \u00e0 medida que as lavouras avancem para a matura\u00e7\u00e3o e a umidade do solo diminua.<\/p>\n<p style=\"text-align:justify\">Ainda segundo o instituto, as aten\u00e7\u00f5es do setor se voltam agora para o desempenho das lavouras. \u201cA expectativa \u00e9 de que a produ\u00e7\u00e3o supere a registrada no ciclo anterior\u201d, informou o Imea, ao destacar que os rendimentos ser\u00e3o monitorados de perto nas pr\u00f3ximas semanas.&#13;\n<\/p>\n<\/p><\/div>\n<\/p><\/div>\n<p><script data-cfasync=\"false\">\n    !function (f, b, e, v, n, t, s) {\n        if (f.fbq) return; n = f.fbq = function () {\n            n.callMethod ?\n                n.callMethod.apply(n, arguments) : n.queue.push(arguments)\n        };\n        if (!f._fbq) f._fbq = n; n.push = n; n.loaded = !0; n.version = '2.0';\n        n.queue = []; t = b.createElement(e); t.async = !0;\n        t.src = v; s = b.getElementsByTagName(e)[0];\n        s.parentNode.insertBefore(t, s)\n    }(window, document, 'script',\n        'https:\/\/connect.facebook.net\/en_US\/fbevents.js');\n    fbq('init', '522546078623747');\n    fbq('track', 'PageView');\n<\/script><br \/>\n<br \/><br \/>\n<br \/><a href=\"https:\/\/www.agrolink.com.br\/noticias\/chuva-segura-colheita-inicial-do-milho-em-mato-grosso_502464.html\">Source link <\/a><\/p>\n","protected":false},"excerpt":{"rendered":"<p>&#13; Colheita do milho come\u00e7a com atraso em Mato Grosso&#13; &#13; Agrolink&#13; &#13; &#8211; Seane Lennon&#13; &#13; Publicado em 29\/05\/2025<\/p>\n","protected":false},"author":1,"featured_media":2009,"comment_status":"open","ping_status":"open","sticky":false,"template":"","format":"standard","meta":{"_monsterinsights_skip_tracking":false,"_monsterinsights_sitenote_active":false,"_monsterinsights_sitenote_note":"","_monsterinsights_sitenote_category":0,"_uf_show_specific_survey":0,"_uf_disable_surveys":false,"footnotes":""},"categories":[8,1,14],"tags":[],"class_list":["post-14420","post","type-post","status-publish","format-standard","has-post-thumbnail","hentry","category-agro","category-news","category-politica-agro"],"_links":{"self":[{"href":"https:\/\/agromt.news\/index.php?rest_route=\/wp\/v2\/posts\/14420"}],"collection":[{"href":"https:\/\/agromt.news\/index.php?rest_route=\/wp\/v2\/posts"}],"about":[{"href":"https:\/\/agromt.news\/index.php?rest_route=\/wp\/v2\/types\/post"}],"author":[{"embeddable":true,"href":"https:\/\/agromt.news\/index.php?rest_route=\/wp\/v2\/users\/1"}],"replies":[{"embeddable":true,"href":"https:\/\/agromt.news\/index.php?rest_route=%2Fwp%2Fv2%2Fcomments&post=14420"}],"version-history":[{"count":0,"href":"https:\/\/agromt.news\/index.php?rest_route=\/wp\/v2\/posts\/14420\/revisions"}],"wp:featuredmedia":[{"embeddable":true,"href":"https:\/\/agromt.news\/index.php?rest_route=\/wp\/v2\/media\/2009"}],"wp:attachment":[{"href":"https:\/\/agromt.news\/index.php?rest_route=%2Fwp%2Fv2%2Fmedia&parent=14420"}],"wp:term":[{"taxonomy":"category","embeddable":true,"href":"https:\/\/agromt.news\/index.php?rest_route=%2Fwp%2Fv2%2Fcategories&post=14420"},{"taxonomy":"post_tag","embeddable":true,"href":"https:\/\/agromt.news\/index.php?rest_route=%2Fwp%2Fv2%2Ftags&post=14420"}],"curies":[{"name":"wp","href":"https:\/\/api.w.org\/{rel}","templated":true}]}}