{"id":14414,"date":"2025-05-30T12:51:17","date_gmt":"2025-05-30T16:51:17","guid":{"rendered":"https:\/\/agromt.news\/?p=14414"},"modified":"2025-05-30T12:51:17","modified_gmt":"2025-05-30T16:51:17","slug":"queda-no-credito-reduz-area-de-trigo","status":"publish","type":"post","link":"https:\/\/agromt.news\/?p=14414","title":{"rendered":"Queda no cr\u00e9dito reduz \u00e1rea de trigo"},"content":{"rendered":"<p> <br \/>\n<\/p>\n<div>\n<p style=\"text-align:justify\">A amplia\u00e7\u00e3o das regi\u00f5es aptas ao cultivo do <a href=\"https:\/\/www.agrolink.com.br\/culturas\/trigo\/?utm_source=agrolink-detalhe-noticia&amp;utm_medium=detalhe-noticia&amp;utm_campaign=links-internos\" target=\"_blank\" rel=\"noopener\">trigo<\/a> no Rio Grande do Sul, autorizada pelo Zoneamento Agr\u00edcola de Risco Clim\u00e1tico (Zarc) a partir de 21 de maio, impulsionou a semeadura no estado, conforme informou a Emater\/RS-Ascar em boletim divulgado nesta quinta-feira (29). A medida resultou no aumento do n\u00famero de propriedades envolvidas e na intensifica\u00e7\u00e3o das atividades de plantio at\u00e9 o dia 24, quando as chuvas interromperam temporariamente os trabalhos no campo.&#13;\n<\/p>\n<p style=\"text-align:justify\">Segundo o boletim, os produtores devem retomar a semeadura assim que as condi\u00e7\u00f5es de umidade do solo permitirem a opera\u00e7\u00e3o mecanizada. Antes da paralisa\u00e7\u00e3o, houve maior movimenta\u00e7\u00e3o na desseca\u00e7\u00e3o das \u00e1reas destinadas \u00e0 cultura, com aplica\u00e7\u00e3o de herbicidas sist\u00eamicos voltados ao controle de plantas daninhas e res\u00edduos da safra anterior. As lavouras j\u00e1 implantadas est\u00e3o em fase de emerg\u00eancia, com germina\u00e7\u00e3o e vigor inicial considerados adequados.<\/p>\n<p style=\"text-align:justify\">Apesar do avan\u00e7o inicial, a defini\u00e7\u00e3o da \u00e1rea total a ser cultivada segue incerta. De acordo com a Emater, fatores como os preju\u00edzos registrados na \u00faltima safra de soja e a consequente descapitaliza\u00e7\u00e3o dos produtores t\u00eam influenciado na decis\u00e3o sobre o plantio. \u201cOs custos de financiamento e do seguro agr\u00edcola seguem elevados, o que limita o acesso ao cr\u00e9dito\u201d, informou a entidade.&#13;\n<\/p>\n<p style=\"text-align:justify\">Dados do Banco Central apontam uma redu\u00e7\u00e3o nas opera\u00e7\u00f5es de custeio da cultura. Em maio de 2024, foram financiados cerca de 770 mil hectares. J\u00e1 em 2025, esse n\u00famero caiu para aproximadamente 380 mil hectares, uma retra\u00e7\u00e3o de 50%. Embora novas contrata\u00e7\u00f5es ainda possam ocorrer, a Emater considera o volume atual representativo, uma vez que, no ano passado, cerca de 90% das opera\u00e7\u00f5es j\u00e1 estavam efetivadas at\u00e9 o fim de maio.<\/p>\n<p style=\"text-align:justify\">Diante da restri\u00e7\u00e3o ao cr\u00e9dito, parte dos produtores deve recorrer \u00e0 utiliza\u00e7\u00e3o de sementes salvas, combinadas com redu\u00e7\u00e3o no uso de fertilizantes, especialmente <a href=\"https:\/\/www.agrolink.com.br\/fertilizantes\/adubacao-mineral\/fertilizantes---tipos-e-calculo-da-formula-npk_455162.html?utm_source=agrolink-detalhe-noticia&amp;utm_medium=detalhe-noticia&amp;utm_campaign=links-internos\" target=\"_blank\" rel=\"noopener\">NPK<\/a> e fontes nitrogenadas. Essa estrat\u00e9gia, segundo a Emater, pode comprometer o desempenho das lavouras. \u201cA ado\u00e7\u00e3o de insumos menos tecnol\u00f3gicos tende a impactar negativamente o potencial produtivo\u201d, alertou o \u00f3rg\u00e3o t\u00e9cnico.&#13;\n<\/p>\n<p style=\"text-align:justify\">Na safra de 2024, o Rio Grande do Sul cultivou 1.331.013 hectares de trigo, com produtividade m\u00e9dia de 2.781 kg\/ha, conforme dados do IBGE. A Emater\/RS-Ascar est\u00e1 finalizando o levantamento de inten\u00e7\u00e3o de plantio e as estimativas de produtividade para a safra 2025, que devem ser divulgados nas pr\u00f3ximas semanas.<\/p>\n<\/p><\/div>\n<p><script data-cfasync=\"false\">\n    !function (f, b, e, v, n, t, s) {\n        if (f.fbq) return; n = f.fbq = function () {\n            n.callMethod ?\n                n.callMethod.apply(n, arguments) : n.queue.push(arguments)\n        };\n        if (!f._fbq) f._fbq = n; n.push = n; n.loaded = !0; n.version = '2.0';\n        n.queue = []; t = b.createElement(e); t.async = !0;\n        t.src = v; s = b.getElementsByTagName(e)[0];\n        s.parentNode.insertBefore(t, s)\n    }(window, document, 'script',\n        'https:\/\/connect.facebook.net\/en_US\/fbevents.js');\n    fbq('init', '522546078623747');\n    fbq('track', 'PageView');\n<\/script><br \/>\n<br \/><br \/>\n<br \/><a href=\"https:\/\/www.agrolink.com.br\/noticias\/queda-no-credito-reduz-area-de-trigo_502465.html\">Source link <\/a><\/p>\n","protected":false},"excerpt":{"rendered":"<p>A amplia\u00e7\u00e3o das regi\u00f5es aptas ao cultivo do trigo no Rio Grande do Sul, autorizada pelo Zoneamento Agr\u00edcola de Risco<\/p>\n","protected":false},"author":1,"featured_media":14415,"comment_status":"open","ping_status":"open","sticky":false,"template":"","format":"standard","meta":{"_monsterinsights_skip_tracking":false,"_monsterinsights_sitenote_active":false,"_monsterinsights_sitenote_note":"","_monsterinsights_sitenote_category":0,"_uf_show_specific_survey":0,"_uf_disable_surveys":false,"footnotes":""},"categories":[8,1,14],"tags":[],"class_list":["post-14414","post","type-post","status-publish","format-standard","has-post-thumbnail","hentry","category-agro","category-news","category-politica-agro"],"_links":{"self":[{"href":"https:\/\/agromt.news\/index.php?rest_route=\/wp\/v2\/posts\/14414"}],"collection":[{"href":"https:\/\/agromt.news\/index.php?rest_route=\/wp\/v2\/posts"}],"about":[{"href":"https:\/\/agromt.news\/index.php?rest_route=\/wp\/v2\/types\/post"}],"author":[{"embeddable":true,"href":"https:\/\/agromt.news\/index.php?rest_route=\/wp\/v2\/users\/1"}],"replies":[{"embeddable":true,"href":"https:\/\/agromt.news\/index.php?rest_route=%2Fwp%2Fv2%2Fcomments&post=14414"}],"version-history":[{"count":0,"href":"https:\/\/agromt.news\/index.php?rest_route=\/wp\/v2\/posts\/14414\/revisions"}],"wp:featuredmedia":[{"embeddable":true,"href":"https:\/\/agromt.news\/index.php?rest_route=\/wp\/v2\/media\/14415"}],"wp:attachment":[{"href":"https:\/\/agromt.news\/index.php?rest_route=%2Fwp%2Fv2%2Fmedia&parent=14414"}],"wp:term":[{"taxonomy":"category","embeddable":true,"href":"https:\/\/agromt.news\/index.php?rest_route=%2Fwp%2Fv2%2Fcategories&post=14414"},{"taxonomy":"post_tag","embeddable":true,"href":"https:\/\/agromt.news\/index.php?rest_route=%2Fwp%2Fv2%2Ftags&post=14414"}],"curies":[{"name":"wp","href":"https:\/\/api.w.org\/{rel}","templated":true}]}}