{"id":14405,"date":"2025-05-30T08:55:21","date_gmt":"2025-05-30T12:55:21","guid":{"rendered":"https:\/\/agromt.news\/?p=14405"},"modified":"2025-05-30T08:55:21","modified_gmt":"2025-05-30T12:55:21","slug":"irregularidade-de-chuvas-limita-cultura-da-mandioca","status":"publish","type":"post","link":"https:\/\/agromt.news\/?p=14405","title":{"rendered":"Irregularidade de chuvas limita cultura da mandioca"},"content":{"rendered":"<p> <br \/>\n<\/p>\n<div>\n<div class=\"row\">\n<div class=\"col-lg col-infos mt-0 mt-lg-0\">\n<div class=\"section-sub-title\">\n<p itemprop=\"description\">&#13;<br \/>\n                                Produtividade da mandioca \u00e9 afetada por falta de chuva&#13;\n                            <\/p>\n<\/p><\/div>\n<div class=\"container\">\n<div class=\"row\">\n<div class=\"col-lg p-0\">\n<div>\n<div class=\"block-news-main-infos mt-3 text-start\">\n<p>                                            <strong class=\"fn\" itemprop=\"author\" style=\"color: rgb(112, 112, 112); \">&#13;<br \/>\n                                                <a href=\"https:\/\/www.agrolink.com.br\/noticias\/javascript:;\" class=\"text-uppercase\" target=\"_blank\" style=\"color: rgb(112, 112, 112); \" rel=\"noopener\">Agrolink<\/a>&#13;<br \/>\n&#13;<br \/>\n                                                    &#8211; Seane Lennon&#13;<br \/>\n&#13;<br \/>\n                                            <\/strong><br \/>\n                                        <\/p>\n<p>                                            <abbr><time datetime=\"2025-05-29T18:04\" itemprop=\"datePublished dateModified\">Publicado em 29\/05\/2025 \u00e0s 18:04h.<\/time><\/abbr><br \/>\n                                            <\/p><\/div>\n<\/p><\/div>\n<\/p><\/div>\n<div class=\"col-lg p-0 text-lg-end\">\n<div>\n<div id=\"mdEnviarPagina\" class=\"modal fade\" role=\"dialog\">\n<div class=\"modal-dialog\">\n<div class=\"modal-content\">\n<div class=\"modal-body\">\n<p><strong>Estimado usu\u00e1rio.<\/strong><br \/>Preencha o formul\u00e1rio abaixo para remeter a p\u00e1gina.<\/p>\n<\/p><\/div>\n<\/p><\/div>\n<\/p><\/div>\n<\/div><\/div>\n<\/p><\/div>\n<\/p><\/div>\n<\/p><\/div>\n<\/p><\/div>\n<\/p><\/div>\n<div class=\"row justify-content-md-center mt-3\">\n<div class=\"col-lg-auto col-image block-news-main-image\">\n<p>                                <img decoding=\"async\" src=\"https:\/\/www.agrolink.com.br\/upload\/imagens-resizes\/3ee824b80f72490c8f5592b502935c47_858x483.jpg\" class=\"lazyload img-fluid\"\/><br \/>\n                                                <span class=\"publicity-photo d-block mt-1\">Foto: Canva<\/span><\/p><\/div>\n<\/p><\/div>\n<div class=\"section-description section-description-noticias mt-3\">\n<p style=\"text-align:justify\">A produ\u00e7\u00e3o de <a href=\"https:\/\/www.agrolink.com.br\/culturas\/mandioca\/?utm_source=agrolink-detalhe-noticia&amp;utm_medium=detalhe-noticia&amp;utm_campaign=links-internos\" target=\"_blank\" rel=\"noopener\">mandioca<\/a> na regi\u00e3o de Santa Rosa, no Rio Grande do Sul, enfrenta dificuldades devido \u00e0 irregularidade das chuvas. De acordo com o Informativo Conjuntural da Emater\/RS-Ascar, divulgado na quinta-feira (29), a cultura, voltada principalmente ao consumo humano, produ\u00e7\u00e3o de polvilho e alimenta\u00e7\u00e3o animal, apresentou produtividade de 15.417 quilos por hectare.&#13;\n<\/p>\n<p style=\"text-align:justify\">A escassez de precipita\u00e7\u00f5es tem limitado o ac\u00famulo de reservas nas plantas, o que compromete o desempenho das lavouras. Segundo a Emater\/RS-Ascar, \u201ca colheita segue sendo realizada com foco no consumo familiar e na comercializa\u00e7\u00e3o local\u201d. Os pre\u00e7os da mandioca variam entre R$ 3,00 e R$ 4,00 por quilo in natura, e entre R$ 5,00 e R$ 10,00 por quilo quando descascada e embalada.&#13;\n<\/p>\n<p style=\"text-align:justify\">Al\u00e9m do impacto clim\u00e1tico, produtores tamb\u00e9m enfrentam alta incid\u00eancia de pragas, como mosca-branca e percevejo-de-renda, que causam danos \u00e0s folhas. \u201cRecomenda-se o monitoramento constante das lavouras e, quando necess\u00e1rio, o uso de caldas protetoras ou defensivos qu\u00edmicos adequados\u201d, orienta o boletim da Emater.&#13;\n<\/p>\n<p style=\"text-align:justify\">A entidade segue acompanhando as condi\u00e7\u00f5es da cultura e refor\u00e7a a import\u00e2ncia da ado\u00e7\u00e3o de pr\u00e1ticas de manejo para mitigar os efeitos das adversidades clim\u00e1ticas e fitossanit\u00e1rias.\u00a0<\/p>\n<\/p><\/div>\n<\/p><\/div>\n<p><script data-cfasync=\"false\">\n    !function (f, b, e, v, n, t, s) {\n        if (f.fbq) return; n = f.fbq = function () {\n            n.callMethod ?\n                n.callMethod.apply(n, arguments) : n.queue.push(arguments)\n        };\n        if (!f._fbq) f._fbq = n; n.push = n; n.loaded = !0; n.version = '2.0';\n        n.queue = []; t = b.createElement(e); t.async = !0;\n        t.src = v; s = b.getElementsByTagName(e)[0];\n        s.parentNode.insertBefore(t, s)\n    }(window, document, 'script',\n        'https:\/\/connect.facebook.net\/en_US\/fbevents.js');\n    fbq('init', '522546078623747');\n    fbq('track', 'PageView');\n<\/script><br \/>\n<br \/><br \/>\n<br \/><a href=\"https:\/\/www.agrolink.com.br\/noticias\/irregularidade-de-chuvas-limita-cultura-da-mandioca_502467.html\">Source link <\/a><\/p>\n","protected":false},"excerpt":{"rendered":"<p>&#13; Produtividade da mandioca \u00e9 afetada por falta de chuva&#13; &#13; Agrolink&#13; &#13; &#8211; Seane Lennon&#13; &#13; Publicado em 29\/05\/2025<\/p>\n","protected":false},"author":1,"featured_media":4356,"comment_status":"open","ping_status":"open","sticky":false,"template":"","format":"standard","meta":{"_monsterinsights_skip_tracking":false,"_monsterinsights_sitenote_active":false,"_monsterinsights_sitenote_note":"","_monsterinsights_sitenote_category":0,"_uf_show_specific_survey":0,"_uf_disable_surveys":false,"footnotes":""},"categories":[8,1,14],"tags":[],"class_list":["post-14405","post","type-post","status-publish","format-standard","has-post-thumbnail","hentry","category-agro","category-news","category-politica-agro"],"_links":{"self":[{"href":"https:\/\/agromt.news\/index.php?rest_route=\/wp\/v2\/posts\/14405"}],"collection":[{"href":"https:\/\/agromt.news\/index.php?rest_route=\/wp\/v2\/posts"}],"about":[{"href":"https:\/\/agromt.news\/index.php?rest_route=\/wp\/v2\/types\/post"}],"author":[{"embeddable":true,"href":"https:\/\/agromt.news\/index.php?rest_route=\/wp\/v2\/users\/1"}],"replies":[{"embeddable":true,"href":"https:\/\/agromt.news\/index.php?rest_route=%2Fwp%2Fv2%2Fcomments&post=14405"}],"version-history":[{"count":0,"href":"https:\/\/agromt.news\/index.php?rest_route=\/wp\/v2\/posts\/14405\/revisions"}],"wp:featuredmedia":[{"embeddable":true,"href":"https:\/\/agromt.news\/index.php?rest_route=\/wp\/v2\/media\/4356"}],"wp:attachment":[{"href":"https:\/\/agromt.news\/index.php?rest_route=%2Fwp%2Fv2%2Fmedia&parent=14405"}],"wp:term":[{"taxonomy":"category","embeddable":true,"href":"https:\/\/agromt.news\/index.php?rest_route=%2Fwp%2Fv2%2Fcategories&post=14405"},{"taxonomy":"post_tag","embeddable":true,"href":"https:\/\/agromt.news\/index.php?rest_route=%2Fwp%2Fv2%2Ftags&post=14405"}],"curies":[{"name":"wp","href":"https:\/\/api.w.org\/{rel}","templated":true}]}}