{"id":1440,"date":"2024-09-11T22:23:40","date_gmt":"2024-09-12T02:23:40","guid":{"rendered":"https:\/\/agromt.news\/?p=1440"},"modified":"2024-09-11T22:23:40","modified_gmt":"2024-09-12T02:23:40","slug":"quer-saber-como-sera-o-clima-nos-proximos-3-meses-inmet-te-conta-tudo","status":"publish","type":"post","link":"https:\/\/agromt.news\/?p=1440","title":{"rendered":"Quer saber como ser\u00e1 o clima nos pr\u00f3ximos 3 meses? Inmet te conta tudo"},"content":{"rendered":"<p> <br \/>\n<br \/><img decoding=\"async\" src=\"https:\/\/agromt.news\/wp-content\/uploads\/2024\/09\/Quer-saber-como-sera-o-clima-nos-proximos-3-meses.jpg\" \/><\/p>\n<div>\n<p>O Instituto Nacional de Meteorologia <strong><a href=\"https:\/\/portal.inmet.gov.br\/\">(Inmet)<\/a><\/strong> publicou nesta quarta-feira o Boletim Agroclimatol\u00f3gico com previs\u00f5es para os meses de setembro, outubro e novembro deste ano. <\/p>\n<p>O documento tem como objetivo levar at\u00e9 aos usu\u00e1rios informa\u00e7\u00f5es clim\u00e1ticas direcionadas \u00e0s atividades do campo, enfatizando os per\u00edodos de chuva e de seca. Confira a previs\u00e3o para as cinco regi\u00f5es brasileiras:<\/p>\n<h2 class=\"wp-block-heading\" id=\"h-sul\">Sul<\/h2>\n<p>A previs\u00e3o indica condi\u00e7\u00f5es favor\u00e1veis para chuvas acima da m\u00e9dia em grande parte da Regi\u00e3o Sul. Em \u00e1reas do norte do Paran\u00e1, a previs\u00e3o indica precipita\u00e7\u00f5es pr\u00f3ximas \u00e0 m\u00e9dia.<\/p>\n<\/div>\n<div>\n<p>A temperatura do ar dever\u00e1 prevalecer acima da m\u00e9dia hist\u00f3rica em grande parte da regi\u00e3o, principalmente no <strong><a href=\"https:\/\/www.canalrural.com.br\/nacional\/parana\/\">Paran\u00e1<\/a><\/strong>, oeste de Santa Catarina e noroeste do <strong><a href=\"https:\/\/www.canalrural.com.br\/nacional\/rio-grande-do-sul\/\">Rio Grande do Sul<\/a><\/strong>. N\u00e3o se descartam eventuais incurs\u00f5es de <strong>massas de ar de origem polar<\/strong>, principalmente em setembro.<\/p>\n<p>Esse fen\u00f4meno pode provocar decl\u00ednio nas temperaturas em alguns dias, possibilitando a ocorr\u00eancia de <strong>geadas<\/strong> em algumas localidades, especialmente naquelas regi\u00f5es de maior altitude.<\/p>\n<p>A previs\u00e3o do balan\u00e7o h\u00eddrico para os pr\u00f3ximos meses indica n\u00edveis de umidade no solo elevados em grande parte da Regi\u00e3o Sul, devido \u00e0s chuvas ocorridas nos \u00faltimos meses. J\u00e1 no noroeste do Paran\u00e1 podem ocorrer n\u00edveis mais baixos de umidade no solo, principalmente em setembro.<\/p>\n<h2 class=\"wp-block-heading\" id=\"h-sudeste\">Sudeste<\/h2>\n<p>A previs\u00e3o para o trimestre indica predom\u00ednio de chuvas abaixo da m\u00e9dia em grande parte da regi\u00e3o, exceto no sudeste de S\u00e3o Paulo, onde a ocorr\u00eancia de chuvas ligeiramente acima da m\u00e9dia pode ocorrer devido a <strong>passagem de frentes frias.<\/strong><\/p>\n<p>As temperaturas tendem a permanecer acima da m\u00e9dia hist\u00f3rica nos pr\u00f3ximos meses em grande parte da regi\u00e3o, principalmente no oeste de Minas Gerais e norte de S\u00e3o Paulo no m\u00eas de setembro.<\/p>\n<p>Assim, a previs\u00e3o indica tend\u00eancia de redu\u00e7\u00e3o do armazenamento h\u00eddrico do solo em grande parte da regi\u00e3o nos pr\u00f3ximos meses, <strong>exceto em novembro<\/strong>, quando a tend\u00eancia \u00e9 de eleva\u00e7\u00e3o dos n\u00edveis de umidade do solo.<\/p>\n<h2 class=\"wp-block-heading\" id=\"h-centro-oeste\">Centro-Oeste<\/h2>\n<p>A regi\u00e3o Centro-Oeste do Brasil encontra-se per\u00edodo seco desde o m\u00eas de maio. Desta forma, a previs\u00e3o indica a persist\u00eancia de chuvas abaixo da m\u00e9dia em toda \u00e1rea, com tend\u00eancia de diminui\u00e7\u00e3o da umidade relativa do ar nos pr\u00f3ximos meses, com valores di\u00e1rios que podem ficar abaixo de <strong>30%<\/strong> e picos m\u00ednimos abaixo de <strong>20%<\/strong>.<\/p>\n<p>Entretanto, n\u00e3o se descarta o <strong>retorno gradual da chuva<\/strong> a partir de outubro e in\u00edcio de novembro.<\/p>\n<p>As previs\u00f5es indicam que as temperaturas devem ser acima da m\u00e9dia climatol\u00f3gica nos pr\u00f3ximos meses, com possibilidade de ocorr\u00eancia de alguns dias de excesso de calor em algumas \u00e1reas devido a perman\u00eancia de massas de ar seco e quente sobre a regi\u00e3o, o que favorece a ocorr\u00eancia de queimadas e inc\u00eandios florestais. <\/p>\n<p>Desta forma, \u00e9 comum o registro de temperaturas m\u00e1ximas elevadas nos meses de setembro e outubro.<\/p>\n<p>Com a redu\u00e7\u00e3o das chuvas e a eleva\u00e7\u00e3o das temperaturas nos pr\u00f3ximos meses, prev\u00ea-se uma <strong>redu\u00e7\u00e3o dos n\u00edveis de \u00e1gua no solo<\/strong> em praticamente toda a regi\u00e3o nos pr\u00f3ximos tr\u00eas meses, exceto no m\u00eas de novembro, onde o retorno das chuvas pode elevar os n\u00edveis de \u00e1gua no solo.<\/p>\n<h2 class=\"wp-block-heading\" id=\"h-norte\">Norte<\/h2>\n<p>A previs\u00e3o clim\u00e1tica indica predom\u00ednio de chuvas abaixo da m\u00e9dia climatol\u00f3gica nos pr\u00f3ximos meses. Por\u00e9m, n\u00e3o se descartam chuvas pontuais na parte oeste da regi\u00e3o, a partir de outubro e in\u00edcio de novembro.<\/p>\n<p>A temperatura m\u00e9dia do ar dever\u00e1 prevalecer acima da m\u00e9dia em toda a regi\u00e3o. Com isso, h\u00e1 possibilidade de temperaturas mais elevadas no leste do Amazonas e centro-sul do Par\u00e1, devido a redu\u00e7\u00e3o das chuvas, que aliada \u00e0 baixa umidade relativa do ar, favorecem a incid\u00eancia de queimadas e inc\u00eandios florestais.<\/p>\n<p>A previs\u00e3o indica <strong>baixos n\u00edveis de umidade no solo<\/strong> em grande parte da regi\u00e3o nos meses de setembro e outubro. Para novembro, s\u00e3o previstos <strong>n\u00edveis mais elevados de \u00e1gua<\/strong> no solo, exceto no nordeste da regi\u00e3o amaz\u00f4nica, onde os n\u00edveis ainda permanecer\u00e3o mais baixos.<\/p>\n<h2 class=\"wp-block-heading\" id=\"h-nordeste\">Nordeste<\/h2>\n<p>A previs\u00e3o indica chuvas abaixo da m\u00e9dia climatol\u00f3gica no Nordeste. Para a faixa leste da Regi\u00e3o, a previs\u00e3o \u00e9 de volumes pr\u00f3ximos \u00e0 m\u00e9dia, lembrando que a partir de agosto tem-se o fim do per\u00edodo chuvoso. Portanto, nos pr\u00f3ximos meses os volumes previstos ser\u00e3o mais baixos nesta \u00e1rea.<\/p>\n<p>Quanto \u00e0 temperatura do ar, deve ser acima da m\u00e9dia hist\u00f3rica em todo o seu territ\u00f3rio, mas principalmente no interior da regi\u00e3o, por conta da <strong>redu\u00e7\u00e3o das chuvas<\/strong> nos pr\u00f3ximos meses.<\/p>\n<p>A previs\u00e3o para os pr\u00f3ximos tr\u00eas meses indica <strong>baixos n\u00edveis de \u00e1gua no solo<\/strong> em grande parte da regi\u00e3o. J\u00e1 para a costa leste, os valores de umidade do solo ainda permanecer\u00e3o satisfat\u00f3rios nos meses de setembro e outubro, havendo redu\u00e7\u00e3o em novembro, devido a <strong>redu\u00e7\u00e3o das chuvas<\/strong>.<\/p>\n<\/div>\n<p><br \/>\n<br \/><a href=\"https:\/\/www.canalrural.com.br\/tempo\/quer-saber-como-sera-o-clima-nos-proximos-3-meses-inmet-te-conta-tudo\/\">Source link <\/a><\/p>\n","protected":false},"excerpt":{"rendered":"<p>O Instituto Nacional de Meteorologia (Inmet) publicou nesta quarta-feira o Boletim Agroclimatol\u00f3gico com previs\u00f5es para os meses de setembro, outubro<\/p>\n","protected":false},"author":1,"featured_media":1441,"comment_status":"open","ping_status":"open","sticky":false,"template":"","format":"standard","meta":{"_monsterinsights_skip_tracking":false,"_monsterinsights_sitenote_active":false,"_monsterinsights_sitenote_note":"","_monsterinsights_sitenote_category":0,"_uf_show_specific_survey":0,"_uf_disable_surveys":false,"footnotes":""},"categories":[1],"tags":[],"class_list":["post-1440","post","type-post","status-publish","format-standard","has-post-thumbnail","hentry","category-news"],"_links":{"self":[{"href":"https:\/\/agromt.news\/index.php?rest_route=\/wp\/v2\/posts\/1440"}],"collection":[{"href":"https:\/\/agromt.news\/index.php?rest_route=\/wp\/v2\/posts"}],"about":[{"href":"https:\/\/agromt.news\/index.php?rest_route=\/wp\/v2\/types\/post"}],"author":[{"embeddable":true,"href":"https:\/\/agromt.news\/index.php?rest_route=\/wp\/v2\/users\/1"}],"replies":[{"embeddable":true,"href":"https:\/\/agromt.news\/index.php?rest_route=%2Fwp%2Fv2%2Fcomments&post=1440"}],"version-history":[{"count":0,"href":"https:\/\/agromt.news\/index.php?rest_route=\/wp\/v2\/posts\/1440\/revisions"}],"wp:featuredmedia":[{"embeddable":true,"href":"https:\/\/agromt.news\/index.php?rest_route=\/wp\/v2\/media\/1441"}],"wp:attachment":[{"href":"https:\/\/agromt.news\/index.php?rest_route=%2Fwp%2Fv2%2Fmedia&parent=1440"}],"wp:term":[{"taxonomy":"category","embeddable":true,"href":"https:\/\/agromt.news\/index.php?rest_route=%2Fwp%2Fv2%2Fcategories&post=1440"},{"taxonomy":"post_tag","embeddable":true,"href":"https:\/\/agromt.news\/index.php?rest_route=%2Fwp%2Fv2%2Ftags&post=1440"}],"curies":[{"name":"wp","href":"https:\/\/api.w.org\/{rel}","templated":true}]}}