{"id":14399,"date":"2025-05-30T02:57:44","date_gmt":"2025-05-30T06:57:44","guid":{"rendered":"https:\/\/agromt.news\/?p=14399"},"modified":"2025-05-30T02:57:44","modified_gmt":"2025-05-30T06:57:44","slug":"clima-favorece-trigo-e-cevada-no-sul-da-europa","status":"publish","type":"post","link":"https:\/\/agromt.news\/?p=14399","title":{"rendered":"Clima favorece trigo e cevada no sul da Europa"},"content":{"rendered":"<p> <br \/>\n<\/p>\n<div>\n<div class=\"row\">\n<div class=\"col-lg col-infos mt-0 mt-lg-0\">\n<div class=\"section-sub-title\">\n<p itemprop=\"description\">&#13;<br \/>\n                                Precipita\u00e7\u00f5es favorecem culturas na Fran\u00e7a&#13;\n                            <\/p>\n<\/p><\/div>\n<div class=\"container\">\n<div class=\"row\">\n<div class=\"col-lg p-0\">\n<div>\n<div class=\"block-news-main-infos mt-3 text-start\">\n<p>                                            <strong class=\"fn\" itemprop=\"author\" style=\"color: rgb(112, 112, 112); \">&#13;<br \/>\n                                                <a href=\"https:\/\/www.agrolink.com.br\/noticias\/javascript:;\" class=\"text-uppercase\" target=\"_blank\" style=\"color: rgb(112, 112, 112); \" rel=\"noopener\">Agrolink<\/a>&#13;<br \/>\n&#13;<br \/>\n                                                    &#8211; Seane Lennon&#13;<br \/>\n&#13;<br \/>\n                                            <\/strong><br \/>\n                                        <\/p>\n<p>                                            <abbr><time datetime=\"2025-05-29T18:23\" itemprop=\"datePublished dateModified\">Publicado em 29\/05\/2025 \u00e0s 18:23h.<\/time><\/abbr><br \/>\n                                            <\/p><\/div>\n<\/p><\/div>\n<\/p><\/div>\n<div class=\"col-lg p-0 text-lg-end\">\n<div>\n<div id=\"mdEnviarPagina\" class=\"modal fade\" role=\"dialog\">\n<div class=\"modal-dialog\">\n<div class=\"modal-content\">\n<div class=\"modal-body\">\n<p><strong>Estimado usu\u00e1rio.<\/strong><br \/>Preencha o formul\u00e1rio abaixo para remeter a p\u00e1gina.<\/p>\n<\/p><\/div>\n<\/p><\/div>\n<\/p><\/div>\n<\/div><\/div>\n<\/p><\/div>\n<\/p><\/div>\n<\/p><\/div>\n<\/p><\/div>\n<\/p><\/div>\n<div class=\"row justify-content-md-center mt-3\">\n<div class=\"col-lg-auto col-image block-news-main-image\">\n<p>                                <img decoding=\"async\" src=\"https:\/\/www.agrolink.com.br\/upload\/imagens-resizes\/d3c4b80b5173412ead09582107ceabd6_858x483.jpg\" class=\"lazyload img-fluid\"\/><br \/>\n                                                <span class=\"publicity-photo d-block mt-1\">Foto: Pixabay<\/span><\/p><\/div>\n<\/p><\/div>\n<div class=\"section-description section-description-noticias mt-3\">\n<p style=\"text-align:justify\">O boletim Weekly Weather and Crop Bulletin, divulgado na quarta-feira (28), apontou que a seca voltou a ganhar for\u00e7a na Pen\u00ednsula Ib\u00e9rica, ao mesmo tempo em que chuvas localizadas de intensidade vari\u00e1vel predominaram em outras regi\u00f5es da Europa. Ap\u00f3s semanas de tempo nublado e chuvoso, Portugal e Espanha registraram c\u00e9u claro e temperaturas dentro da m\u00e9dia, o que favoreceu o desenvolvimento dos gr\u00e3os de inverno em fase de forma\u00e7\u00e3o.&#13;\n<\/p>\n<p style=\"text-align:justify\">\u201cA melhora nas condi\u00e7\u00f5es meteorol\u00f3gicas reduziu as preocupa\u00e7\u00f5es com o excesso de umidade nessas \u00e1reas agr\u00edcolas\u201d, informaram os analistas do boletim. No restante do continente, o deslocamento de uma massa de ar que antes bloqueava o noroeste da Europa permitiu o retorno de precipita\u00e7\u00f5es ao norte europeu.<\/p>\n<p style=\"text-align:justify\">Apesar de as chuvas terem sido fracas \u2014 inferiores a 10 mm \u2014 em regi\u00f5es cr\u00edticas como o sudeste da Inglaterra, o norte da Fran\u00e7a e o norte da Alemanha, os acumulados foram considerados positivos. \u201cAinda ser\u00e1 necess\u00e1rio um volume maior de chuva para manter boas perspectivas para os gr\u00e3os e oleaginosas de inverno\u201d, alertou o relat\u00f3rio.&#13;\n<\/p>\n<p style=\"text-align:justify\">No centro e sul da Fran\u00e7a, bem como no sul da Alemanha, os volumes foram mais expressivos, entre 15 mm e 50 mm, sustentando condi\u00e7\u00f5es favor\u00e1veis \u00e0s culturas reprodutivas e em fase de enchimento. J\u00e1 na Pol\u00f4nia e nos Estados B\u00e1lticos, chuvas leves a moderadas combinadas com temperaturas entre 2\u00b0C e 4\u00b0C abaixo do normal mantiveram o cen\u00e1rio prop\u00edcio para a agricultura.<\/p>\n<p style=\"text-align:justify\">A It\u00e1lia e os B\u00e1lc\u00e3s tamb\u00e9m registraram tempestades peri\u00f3dicas, com totais superiores a 50 mm em algumas \u00e1reas, especialmente no norte da It\u00e1lia e no Vale do Dan\u00fabio. A sequ\u00eancia de clima \u00famido e frio no sul e sudeste da Europa, com temperaturas at\u00e9 5\u00b0C abaixo da m\u00e9dia, foi considerada pr\u00f3xima do ideal para o desenvolvimento do <a href=\"https:\/\/www.agrolink.com.br\/culturas\/trigo\/?utm_source=agrolink-detalhe-noticia&amp;utm_medium=detalhe-noticia&amp;utm_campaign=links-internos\" target=\"_blank\" rel=\"noopener\">trigo<\/a> de inverno, cevada e colza em fase reprodutiva.&#13;\n<\/p>\n<\/p><\/div>\n<\/p><\/div>\n<p><script data-cfasync=\"false\">\n    !function (f, b, e, v, n, t, s) {\n        if (f.fbq) return; n = f.fbq = function () {\n            n.callMethod ?\n                n.callMethod.apply(n, arguments) : n.queue.push(arguments)\n        };\n        if (!f._fbq) f._fbq = n; n.push = n; n.loaded = !0; n.version = '2.0';\n        n.queue = []; t = b.createElement(e); t.async = !0;\n        t.src = v; s = b.getElementsByTagName(e)[0];\n        s.parentNode.insertBefore(t, s)\n    }(window, document, 'script',\n        'https:\/\/connect.facebook.net\/en_US\/fbevents.js');\n    fbq('init', '522546078623747');\n    fbq('track', 'PageView');\n<\/script><br \/>\n<br \/><br \/>\n<br \/><a href=\"https:\/\/www.agrolink.com.br\/noticias\/clima-favorece-trigo-e-cevada-no-sul-da-europa_502470.html\">Source link <\/a><\/p>\n","protected":false},"excerpt":{"rendered":"<p>&#13; Precipita\u00e7\u00f5es favorecem culturas na Fran\u00e7a&#13; &#13; Agrolink&#13; &#13; &#8211; Seane Lennon&#13; &#13; Publicado em 29\/05\/2025 \u00e0s 18:23h. Estimado usu\u00e1rio.Preencha<\/p>\n","protected":false},"author":1,"featured_media":838,"comment_status":"open","ping_status":"open","sticky":false,"template":"","format":"standard","meta":{"_monsterinsights_skip_tracking":false,"_monsterinsights_sitenote_active":false,"_monsterinsights_sitenote_note":"","_monsterinsights_sitenote_category":0,"_uf_show_specific_survey":0,"_uf_disable_surveys":false,"footnotes":""},"categories":[8,1,14],"tags":[],"class_list":["post-14399","post","type-post","status-publish","format-standard","has-post-thumbnail","hentry","category-agro","category-news","category-politica-agro"],"_links":{"self":[{"href":"https:\/\/agromt.news\/index.php?rest_route=\/wp\/v2\/posts\/14399"}],"collection":[{"href":"https:\/\/agromt.news\/index.php?rest_route=\/wp\/v2\/posts"}],"about":[{"href":"https:\/\/agromt.news\/index.php?rest_route=\/wp\/v2\/types\/post"}],"author":[{"embeddable":true,"href":"https:\/\/agromt.news\/index.php?rest_route=\/wp\/v2\/users\/1"}],"replies":[{"embeddable":true,"href":"https:\/\/agromt.news\/index.php?rest_route=%2Fwp%2Fv2%2Fcomments&post=14399"}],"version-history":[{"count":0,"href":"https:\/\/agromt.news\/index.php?rest_route=\/wp\/v2\/posts\/14399\/revisions"}],"wp:featuredmedia":[{"embeddable":true,"href":"https:\/\/agromt.news\/index.php?rest_route=\/wp\/v2\/media\/838"}],"wp:attachment":[{"href":"https:\/\/agromt.news\/index.php?rest_route=%2Fwp%2Fv2%2Fmedia&parent=14399"}],"wp:term":[{"taxonomy":"category","embeddable":true,"href":"https:\/\/agromt.news\/index.php?rest_route=%2Fwp%2Fv2%2Fcategories&post=14399"},{"taxonomy":"post_tag","embeddable":true,"href":"https:\/\/agromt.news\/index.php?rest_route=%2Fwp%2Fv2%2Ftags&post=14399"}],"curies":[{"name":"wp","href":"https:\/\/api.w.org\/{rel}","templated":true}]}}