{"id":14391,"date":"2025-05-29T19:54:51","date_gmt":"2025-05-29T23:54:51","guid":{"rendered":"https:\/\/agromt.news\/?p=14391"},"modified":"2025-05-29T19:54:51","modified_gmt":"2025-05-29T23:54:51","slug":"mesmo-com-alta-dos-precos-consumo-das-familias-manteve-se-em-alta-em-abril","status":"publish","type":"post","link":"https:\/\/agromt.news\/?p=14391","title":{"rendered":"Mesmo com alta dos pre\u00e7os, consumo das fam\u00edlias manteve-se em alta em abril"},"content":{"rendered":"<p> <br \/>\n<br \/><img decoding=\"async\" src=\"https:\/\/agromt.news\/wp-content\/uploads\/2025\/05\/Mesmo-com-alta-dos-precos-consumo-das-familias-manteve-se-em.jpg\" \/><\/p>\n<div>\n<p>Abril teve balan\u00e7o positivo para o com\u00e9rcio de alimentos, com alta de 1,25% no consumo em rela\u00e7\u00e3o ao m\u00eas de mar\u00e7o e de 2,63% na compara\u00e7\u00e3o com abril de 2024, de acordo com dados da Associa\u00e7\u00e3o Brasileira de Supermercados (Abras), que monitora vendas e custos do setor. <\/p>\n<p>Tamb\u00e9m houve aumento do pre\u00e7os de alimentos, de 0,82% em abril, chegando a um acumulado de 10,83% nos \u00faltimos 12 meses.<\/p>\n<p>Para a entidade, o resultado positivo foi garantido por pol\u00edticas diretas de renda, como o Bolsa Fam\u00edlia e o aux\u00edlio g\u00e1s, e o abono do PIS\/Pasep, que destinaram mais de R$ 14 bilh\u00f5es para a popula\u00e7\u00e3o, valor que ajudou a melhorar as vendas do setor.<\/p>\n<p>Tamb\u00e9m teve in\u00edcio o pagamento da antecipa\u00e7\u00e3o da primeira parcela do 13\u00ba sal\u00e1rio para aposentados, pensionistas e demais benefici\u00e1rios do Instituto Nacional do Seguro Social (INSS), que deve estender sua influ\u00eancia sobre o \u00edndice de maio, com R$ 70 bilh\u00f5es pagos aos segurados.<\/p>\n<h2 class=\"wp-block-heading\" id=\"h-consumo-no-acumulado-do-ano\">Consumo no acumulado do ano<\/h2>\n<p>O aumento no consumo dos lares brasileiros acumula, neste ano, alta de 2,52%. Como j\u00e1 havia expandido em mar\u00e7o, o resultado de abril mostrou-se mais modesto do que o esperado.<\/p>\n<p>\u201cEmbora o crescimento de 1,25% em abril, influenciado pela sazonalidade da P\u00e1scoa, possa parecer modesto, ele ocorreu sobre uma base comparativa elevada, j\u00e1 que, em mar\u00e7o, o consumo avan\u00e7ou expressivos 6,96%\u201d, diz nota do vice-presidente da Abras, Marcio Milan.<\/p>\n<p>De acordo com ele, esse resultado at\u00edpico no m\u00eas anterior reduziu o espa\u00e7o para um crescimento mais robusto. \u201cAinda assim, o consumo na semana da P\u00e1scoa cresceu 16,5%, evidenciando o impacto positivo da data no consumo das fam\u00edlias.\u201d<\/p>\n<h2 class=\"wp-block-heading\" id=\"h-precos-ao-consumidor-em-alta\">Pre\u00e7os ao consumidor em alta<\/h2>\n<p>O \u00edndice da Abras inclui ainda dois acompanhamentos de pre\u00e7os: uma cesta b\u00e1sica de 35 itens, divididos entre produtos b\u00e1sicos, hortifrutigranjeiros e prote\u00ednas de origem animal, al\u00e9m de produtos de higiene e limpeza, e outro com 12 produtos considerados essenciais. Na cesta ampliada, o aumento foi de 0,82% em abril, com acumulado de 10,83% em um ano.<\/p>\n<\/div>\n<div>\n<p>O valor da cesta passou de R$ 812,54 em mar\u00e7o para R$ 819,20 em abril. Entre os produtos que mais contribu\u00edram para a alta em abril est\u00e3o: <strong><a href=\"https:\/\/www.canalrural.com.br\/tag\/cafe\/\">caf\u00e9<\/a><\/strong> torrado e mo\u00eddo (+4,48%); feij\u00e3o (+2,38%); e leite longa vida (+1,71%).<\/p>\n<p>Por outro lado, outros itens b\u00e1sicos, como o arroz (-4,19%), a farinha de mandioca (- 1,91%) e o \u00f3leo de soja (-0,97%) tiveram queda de pre\u00e7o.<\/p>\n<p>Os itens de hortifr\u00fati tiveram altas entre as mais expressivas, com destaque para batata (+18,29%), tomate (+14,32%) e cebola (+3,25%). As prote\u00ednas animais variaram pouco, e o destaque foi a queda do pre\u00e7o dos ovos (-1,29%).<\/p>\n<p>No grupo de higiene e limpeza, a tend\u00eancia foi de alta: creme dental (+1,70%), papel higi\u00eanico (+0,63%), sabonete (+0,31%) e xampu (+1,11%). <\/p>\n<p>Na limpeza dom\u00e9stica, a \u00e1gua sanit\u00e1ria avan\u00e7ou (+1,29%), o desinfetante (+0,84%) e o sab\u00e3o em p\u00f3 (+0,28%), enquanto o detergente l\u00edquido para lou\u00e7as apresentou leve queda de 0,07%.<\/p>\n<h2 class=\"wp-block-heading\" id=\"h-cesta-basica-mais-cara\">Cesta b\u00e1sica mais cara<\/h2>\n<p>Mais uma vez, a cesta mais cara do pa\u00eds foi a da Regi\u00e3o Sul, com valor m\u00e9dio passando de R$ 896,55 em mar\u00e7o para R$ 902,09 em abril. O maior aumento relativo, por\u00e9m, foi observado nas regi\u00f5es Norte e Centro-Oeste, com alta de 0,96% cada. <\/p>\n<p>No Norte, o valor passou de R$ 874,30 para R$ 882,70, enquanto, no Centro-Oeste, foi de R$ 767,57 para R$ 774,96.<\/p>\n<p>No Nordeste, a varia\u00e7\u00e3o foi de 0,78%, com a cesta subindo de R$ 723,43 para R$ 729,09 e, no Sudeste, de 0,68%, passando de R$ 831,96 para R$ 837,59.<\/p>\n<p>Na pesquisa considerando a cesta de alimentos b\u00e1sicos composta por 12 itens, o pre\u00e7o m\u00e9dio nacional subiu 0,32% em abril, passando de R$ 351,42 para R$ 352,55. Em 12 meses, a cesta acumula alta de 13,38%.<\/p>\n<\/p><\/div>\n<p><br \/>\n<br \/><a href=\"https:\/\/www.canalrural.com.br\/economia\/mesmo-com-alta-dos-precos-consumo-das-familias-manteve-se-em-alta-em-abril\/\">Source link <\/a><\/p>\n","protected":false},"excerpt":{"rendered":"<p>Abril teve balan\u00e7o positivo para o com\u00e9rcio de alimentos, com alta de 1,25% no consumo em rela\u00e7\u00e3o ao m\u00eas de<\/p>\n","protected":false},"author":1,"featured_media":14392,"comment_status":"open","ping_status":"open","sticky":false,"template":"","format":"standard","meta":{"_monsterinsights_skip_tracking":false,"_monsterinsights_sitenote_active":false,"_monsterinsights_sitenote_note":"","_monsterinsights_sitenote_category":0,"_uf_show_specific_survey":0,"_uf_disable_surveys":false,"footnotes":""},"categories":[1],"tags":[],"class_list":["post-14391","post","type-post","status-publish","format-standard","has-post-thumbnail","hentry","category-news"],"_links":{"self":[{"href":"https:\/\/agromt.news\/index.php?rest_route=\/wp\/v2\/posts\/14391"}],"collection":[{"href":"https:\/\/agromt.news\/index.php?rest_route=\/wp\/v2\/posts"}],"about":[{"href":"https:\/\/agromt.news\/index.php?rest_route=\/wp\/v2\/types\/post"}],"author":[{"embeddable":true,"href":"https:\/\/agromt.news\/index.php?rest_route=\/wp\/v2\/users\/1"}],"replies":[{"embeddable":true,"href":"https:\/\/agromt.news\/index.php?rest_route=%2Fwp%2Fv2%2Fcomments&post=14391"}],"version-history":[{"count":0,"href":"https:\/\/agromt.news\/index.php?rest_route=\/wp\/v2\/posts\/14391\/revisions"}],"wp:featuredmedia":[{"embeddable":true,"href":"https:\/\/agromt.news\/index.php?rest_route=\/wp\/v2\/media\/14392"}],"wp:attachment":[{"href":"https:\/\/agromt.news\/index.php?rest_route=%2Fwp%2Fv2%2Fmedia&parent=14391"}],"wp:term":[{"taxonomy":"category","embeddable":true,"href":"https:\/\/agromt.news\/index.php?rest_route=%2Fwp%2Fv2%2Fcategories&post=14391"},{"taxonomy":"post_tag","embeddable":true,"href":"https:\/\/agromt.news\/index.php?rest_route=%2Fwp%2Fv2%2Ftags&post=14391"}],"curies":[{"name":"wp","href":"https:\/\/api.w.org\/{rel}","templated":true}]}}