{"id":14388,"date":"2025-05-29T19:09:24","date_gmt":"2025-05-29T23:09:24","guid":{"rendered":"https:\/\/agromt.news\/?p=14388"},"modified":"2025-05-29T19:09:24","modified_gmt":"2025-05-29T23:09:24","slug":"oferta-alta-reduz-precos-dos-citros","status":"publish","type":"post","link":"https:\/\/agromt.news\/?p=14388","title":{"rendered":"Oferta alta reduz pre\u00e7os dos citros"},"content":{"rendered":"<p> <br \/>\n<\/p>\n<div>\n<p style=\"text-align:justify\">O Informativo Conjuntural divulgado pela Emater\/RS-Ascar na quinta-feira (22) apontou queda nos pre\u00e7os dos citros na regi\u00e3o administrativa de Caxias do Sul. De acordo com a publica\u00e7\u00e3o, comerciantes relataram baixa demanda e grande oferta de frutas, reflexo da produ\u00e7\u00e3o considerada adequada nesta safra.&#13;\n<\/p>\n<p style=\"text-align:justify\">\u201cAs varia\u00e7\u00f5es de temperatura e o retorno das chuvas favoreceram o desenvolvimento das lavouras\u201d, informou a Emater\/RS-Ascar. O raleio j\u00e1 foi conclu\u00eddo, e h\u00e1 uma expectativa de safra superior \u00e0 inicialmente projetada. As pr\u00e1ticas culturais, como ro\u00e7adas, aduba\u00e7\u00e3o de cobertura e tratamentos fitossanit\u00e1rios com fungicidas, seguem sendo realizadas.<\/p>\n<p style=\"text-align:justify\">Na regi\u00e3o, os primeiros sintomas de pinta-preta foram registrados nas bergamotas precoces da variedade Ca\u00ed, cuja colheita come\u00e7ou nos locais de microclima mais quente, como os vales dos rios das Antas e Ca\u00ed. A variedade Ponkan tamb\u00e9m est\u00e1 em colheita nestas \u00e1reas, enquanto nas demais regi\u00f5es a matura\u00e7\u00e3o das frutas ainda est\u00e1 em est\u00e1gio inicial.<\/p>\n<p style=\"text-align:justify\">Para a cultura da <a href=\"https:\/\/www.agrolink.com.br\/culturas\/laranja?utm_source=agrolink-detalhe-noticia&amp;utm_medium=detalhe-noticia&amp;utm_campaign=links-internos\" target=\"_blank\" rel=\"noopener\">laranja<\/a>, os produtores realizaram tratamentos com <a href=\"https:\/\/www.agrolink.com.br\/agrolinkfito\/tecnologia-de-aplicacao\/aplicacao-terrestre\/aspectos-gerais-da-aplicacao-de-fungicidas_480785.html\" target=\"_blank\" rel=\"noopener\">Fungicidas<\/a> e produtos c\u00fapricos, com o objetivo de atenuar sintomas e conter a propaga\u00e7\u00e3o do cancro-c\u00edtrico. Os pre\u00e7os m\u00e9dios observados foram de R$ 1,75\/kg para as bergamotas Ca\u00ed e Ponkan, e R$ 2,50\/kg para as laranjas Bahia e Baianinha.&#13;\n<\/p>\n<p style=\"text-align:justify\">Em Santa Rosa, a colheita de lim\u00e3o Tahiti e comum, bergamotas Okitsu, Ca\u00ed e da variedade Ponkan segue em andamento. Segundo o boletim, a escassez de chuvas em fases cruciais do ciclo reduziu o teor de suco e aumentou o volume de baga\u00e7o nas frutas. Tamb\u00e9m foram registrados casos de mosca-negra-dos-citros, larva-minadora e cancro-c\u00edtrico em pomares j\u00e1 consolidados.<\/p>\n<p style=\"text-align:justify\">No munic\u00edpio de Alegrete, pertencente \u00e0 regi\u00e3o administrativa de Bag\u00e9, a infesta\u00e7\u00e3o de mosca-das-frutas preocupa os citricultores. Ainda assim, as chuvas regulares melhoraram o calibre dos frutos, o que pode atenuar as perdas decorrentes da estiagem registrada anteriormente. A colheita de laranja e lim\u00e3o est\u00e1 em curso.<\/p>\n<p style=\"text-align:justify\">Em Erechim, o desenvolvimento das frutas foi favorecido pelas chuvas ocasionais, com melhora do calibre. A colheita de bergamota Ca\u00ed e variedades comuns continua, assim como das laranjas Rubi, Iapar e Salustiana. A regi\u00e3o projeta o plantio de mais 700 hectares.&#13;\n<\/p>\n<p style=\"text-align:justify\">Na regi\u00e3o de Soledade, a colheita de bergamota Ponkan avan\u00e7a, acompanhada do in\u00edcio da colheita das variedades comum, Pareci e Ca\u00ed. Tamb\u00e9m est\u00e1 em andamento a colheita de laranja de umbigo precoce, em menor escala. Os produtores seguem manejando o controle da mosca-das-frutas.<\/p>\n<p style=\"text-align:justify\">Em Pelotas, um programa voltado \u00e0 citricultura org\u00e2nica, conduzido por uma cooperativa em parceria com a Emater\/RS-Ascar, segue em desenvolvimento desde o ano passado. O projeto envolve produtores de sete munic\u00edpios, que atualmente realizam o preparo das \u00e1reas para novos plantios. Contudo, a amplia\u00e7\u00e3o da \u00e1rea cultivada em 2025 est\u00e1 comprometida pela indisponibilidade de mudas no Estado, que, por ser zona livre do greening, n\u00e3o pode importar plantas de outras regi\u00f5es com ocorr\u00eancia da doen\u00e7a.<\/p>\n<\/p><\/div>\n<p><script data-cfasync=\"false\">\n    !function (f, b, e, v, n, t, s) {\n        if (f.fbq) return; n = f.fbq = function () {\n            n.callMethod ?\n                n.callMethod.apply(n, arguments) : n.queue.push(arguments)\n        };\n        if (!f._fbq) f._fbq = n; n.push = n; n.loaded = !0; n.version = '2.0';\n        n.queue = []; t = b.createElement(e); t.async = !0;\n        t.src = v; s = b.getElementsByTagName(e)[0];\n        s.parentNode.insertBefore(t, s)\n    }(window, document, 'script',\n        'https:\/\/connect.facebook.net\/en_US\/fbevents.js');\n    fbq('init', '522546078623747');\n    fbq('track', 'PageView');\n<\/script><br \/>\n<br \/><br \/>\n<br \/><a href=\"https:\/\/www.agrolink.com.br\/noticias\/oferta-alta-reduz-precos-dos-citros_502427.html\">Source link <\/a><\/p>\n","protected":false},"excerpt":{"rendered":"<p>O Informativo Conjuntural divulgado pela Emater\/RS-Ascar na quinta-feira (22) apontou queda nos pre\u00e7os dos citros na regi\u00e3o administrativa de Caxias<\/p>\n","protected":false},"author":1,"featured_media":14389,"comment_status":"open","ping_status":"open","sticky":false,"template":"","format":"standard","meta":{"_monsterinsights_skip_tracking":false,"_monsterinsights_sitenote_active":false,"_monsterinsights_sitenote_note":"","_monsterinsights_sitenote_category":0,"_uf_show_specific_survey":0,"_uf_disable_surveys":false,"footnotes":""},"categories":[8,1,14],"tags":[],"class_list":["post-14388","post","type-post","status-publish","format-standard","has-post-thumbnail","hentry","category-agro","category-news","category-politica-agro"],"_links":{"self":[{"href":"https:\/\/agromt.news\/index.php?rest_route=\/wp\/v2\/posts\/14388"}],"collection":[{"href":"https:\/\/agromt.news\/index.php?rest_route=\/wp\/v2\/posts"}],"about":[{"href":"https:\/\/agromt.news\/index.php?rest_route=\/wp\/v2\/types\/post"}],"author":[{"embeddable":true,"href":"https:\/\/agromt.news\/index.php?rest_route=\/wp\/v2\/users\/1"}],"replies":[{"embeddable":true,"href":"https:\/\/agromt.news\/index.php?rest_route=%2Fwp%2Fv2%2Fcomments&post=14388"}],"version-history":[{"count":0,"href":"https:\/\/agromt.news\/index.php?rest_route=\/wp\/v2\/posts\/14388\/revisions"}],"wp:featuredmedia":[{"embeddable":true,"href":"https:\/\/agromt.news\/index.php?rest_route=\/wp\/v2\/media\/14389"}],"wp:attachment":[{"href":"https:\/\/agromt.news\/index.php?rest_route=%2Fwp%2Fv2%2Fmedia&parent=14388"}],"wp:term":[{"taxonomy":"category","embeddable":true,"href":"https:\/\/agromt.news\/index.php?rest_route=%2Fwp%2Fv2%2Fcategories&post=14388"},{"taxonomy":"post_tag","embeddable":true,"href":"https:\/\/agromt.news\/index.php?rest_route=%2Fwp%2Fv2%2Ftags&post=14388"}],"curies":[{"name":"wp","href":"https:\/\/api.w.org\/{rel}","templated":true}]}}