{"id":14380,"date":"2025-05-29T17:13:50","date_gmt":"2025-05-29T21:13:50","guid":{"rendered":"https:\/\/agromt.news\/?p=14380"},"modified":"2025-05-29T17:13:50","modified_gmt":"2025-05-29T21:13:50","slug":"produtores-reduzem-custos-no-inicio-do-plantio","status":"publish","type":"post","link":"https:\/\/agromt.news\/?p=14380","title":{"rendered":"produtores reduzem custos no in\u00edcio do plantio"},"content":{"rendered":"<p> <br \/>\n<\/p>\n<div>\n<div class=\"row\">\n<div class=\"col-lg col-infos mt-0 mt-lg-0\">\n<div class=\"section-sub-title\">\n<p itemprop=\"description\">&#13;<br \/>\n                                RS inicia preparo do trigo com menor aporte t\u00e9cnico&#13;\n                            <\/p>\n<\/p><\/div>\n<div class=\"container\">\n<div class=\"row\">\n<div class=\"col-lg p-0\">\n<div>\n<div class=\"block-news-main-infos mt-3 text-start\">\n<p>                                            <strong class=\"fn\" itemprop=\"author\" style=\"color: rgb(112, 112, 112); \">&#13;<br \/>\n                                                <a href=\"https:\/\/www.agrolink.com.br\/noticias\/javascript:;\" class=\"text-uppercase\" target=\"_blank\" style=\"color: rgb(112, 112, 112); \" rel=\"noopener\">Agrolink<\/a>&#13;<br \/>\n&#13;<br \/>\n                                                    &#8211; Seane Lennon&#13;<br \/>\n&#13;<br \/>\n                                            <\/strong><br \/>\n                                        <\/p>\n<p>                                            <abbr><time datetime=\"2025-05-28T13:31\" itemprop=\"datePublished dateModified\">Publicado em 28\/05\/2025 \u00e0s 13:31h.<\/time><\/abbr><br \/>\n                                            <\/p><\/div>\n<\/p><\/div>\n<\/p><\/div>\n<div class=\"col-lg p-0 text-lg-end\">\n<div>\n<div id=\"mdEnviarPagina\" class=\"modal fade\" role=\"dialog\">\n<div class=\"modal-dialog\">\n<div class=\"modal-content\">\n<div class=\"modal-body\">\n<p><strong>Estimado usu\u00e1rio.<\/strong><br \/>Preencha o formul\u00e1rio abaixo para remeter a p\u00e1gina.<\/p>\n<\/p><\/div>\n<\/p><\/div>\n<\/p><\/div>\n<\/div><\/div>\n<\/p><\/div>\n<\/p><\/div>\n<\/p><\/div>\n<\/p><\/div>\n<\/p><\/div>\n<div class=\"row justify-content-md-center mt-3\">\n<div class=\"col-lg-auto col-image block-news-main-image\">\n<p>                                <img decoding=\"async\" src=\"https:\/\/www.agrolink.com.br\/upload\/imagens-resizes\/63150179793549b9821b7e6f57ac737f_858x483.jpg\" class=\"lazyload img-fluid\"\/><br \/>\n                                                <span class=\"publicity-photo d-block mt-1\">Foto: Canva<\/span><\/p><\/div>\n<\/p><\/div>\n<div class=\"section-description section-description-noticias mt-3\">\n<p style=\"text-align:justify\">Com o fim da safra de ver\u00e3o e o in\u00edcio do per\u00edodo recomendado pelo Zoneamento Agr\u00edcola de Risco Clim\u00e1tico (ZARC), os produtores do Rio Grande do Sul intensificaram as atividades para o cultivo do <a href=\"https:\/\/www.agrolink.com.br\/culturas\/trigo\/?utm_source=agrolink-detalhe-noticia&amp;utm_medium=detalhe-noticia&amp;utm_campaign=links-internos\" target=\"_blank\" rel=\"noopener\">trigo<\/a>. Segundo o Informativo Conjuntural divulgado pela Emater\/RS-Ascar na quinta-feira (22), o foco das a\u00e7\u00f5es recentes tem sido o preparo das \u00e1reas, com destaque para a aplica\u00e7\u00e3o de herbicidas nas lavouras que anteriormente abrigavam <a href=\"https:\/\/www.agrolink.com.br\/culturas\/soja?utm_source=agrolink-detalhe-noticia&amp;utm_medium=detalhe-noticia&amp;utm_campaign=links-internos\" target=\"_blank\" rel=\"noopener\">soja<\/a>.&#13;\n<\/p>\n<p style=\"text-align:justify\">A opera\u00e7\u00e3o havia sido adiada devido ao longo per\u00edodo sem chuvas, que restringia o manejo apenas \u00e0s regi\u00f5es com n\u00edveis mais elevados de umidade no solo. Agora, com a retomada das condi\u00e7\u00f5es adequadas, o plantio ganha ritmo, ainda que sob novas limita\u00e7\u00f5es.<\/p>\n<p style=\"text-align:justify\">A Emater\/RS-Ascar observa uma tend\u00eancia crescente de cultivo com menor n\u00edvel tecnol\u00f3gico. \u201cH\u00e1 maior uso de sementes pr\u00f3prias e redu\u00e7\u00e3o na aplica\u00e7\u00e3o de fertilizantes\u201d, informou a entidade. Essa mudan\u00e7a \u00e9 atribu\u00edda, segundo o boletim, \u00e0 descapitaliza\u00e7\u00e3o dos produtores, provocada por sucessivas frustra\u00e7\u00f5es de safra, aumento dos custos com seguro rural e Proagro, al\u00e9m da atual cota\u00e7\u00e3o do cereal, considerada pouco atrativa pelos triticultores.&#13;\n<\/p>\n<p style=\"text-align:justify\">Informa\u00e7\u00f5es preliminares de cooperativas e agentes t\u00e9cnicos apontam aumento na procura por testes de germina\u00e7\u00e3o e vigor de sementes salvas, enquanto a busca por sementes certificadas e linhas de financiamento diminui. Esse comportamento refor\u00e7a a expectativa de retra\u00e7\u00e3o tanto na \u00e1rea plantada quanto na ado\u00e7\u00e3o de tecnologias para a Safra 2025.<\/p>\n<p style=\"text-align:justify\">Na safra anterior, o Rio Grande do Sul cultivou 1.331.013 hectares de trigo, com produtividade m\u00e9dia de 2.781 kg por hectare, conforme dados do IBGE. A Emater\/RS-Ascar est\u00e1 em fase de levantamento das inten\u00e7\u00f5es de plantio para a pr\u00f3xima safra. Os dados devem ser apresentados nas pr\u00f3ximas semanas.&#13;\n<\/p>\n<\/p><\/div>\n<\/p><\/div>\n<p><script data-cfasync=\"false\">\n    !function (f, b, e, v, n, t, s) {\n        if (f.fbq) return; n = f.fbq = function () {\n            n.callMethod ?\n                n.callMethod.apply(n, arguments) : n.queue.push(arguments)\n        };\n        if (!f._fbq) f._fbq = n; n.push = n; n.loaded = !0; n.version = '2.0';\n        n.queue = []; t = b.createElement(e); t.async = !0;\n        t.src = v; s = b.getElementsByTagName(e)[0];\n        s.parentNode.insertBefore(t, s)\n    }(window, document, 'script',\n        'https:\/\/connect.facebook.net\/en_US\/fbevents.js');\n    fbq('init', '522546078623747');\n    fbq('track', 'PageView');\n<\/script><br \/>\n<br \/><br \/>\n<br \/><a href=\"https:\/\/www.agrolink.com.br\/noticias\/trigo--produtores-reduzem-custos-no-inicio-do-plantio_502428.html\">Source link <\/a><\/p>\n","protected":false},"excerpt":{"rendered":"<p>&#13; RS inicia preparo do trigo com menor aporte t\u00e9cnico&#13; &#13; Agrolink&#13; &#13; &#8211; Seane Lennon&#13; &#13; Publicado em 28\/05\/2025<\/p>\n","protected":false},"author":1,"featured_media":14381,"comment_status":"open","ping_status":"open","sticky":false,"template":"","format":"standard","meta":{"_monsterinsights_skip_tracking":false,"_monsterinsights_sitenote_active":false,"_monsterinsights_sitenote_note":"","_monsterinsights_sitenote_category":0,"_uf_show_specific_survey":0,"_uf_disable_surveys":false,"footnotes":""},"categories":[8,1,14],"tags":[],"class_list":["post-14380","post","type-post","status-publish","format-standard","has-post-thumbnail","hentry","category-agro","category-news","category-politica-agro"],"_links":{"self":[{"href":"https:\/\/agromt.news\/index.php?rest_route=\/wp\/v2\/posts\/14380"}],"collection":[{"href":"https:\/\/agromt.news\/index.php?rest_route=\/wp\/v2\/posts"}],"about":[{"href":"https:\/\/agromt.news\/index.php?rest_route=\/wp\/v2\/types\/post"}],"author":[{"embeddable":true,"href":"https:\/\/agromt.news\/index.php?rest_route=\/wp\/v2\/users\/1"}],"replies":[{"embeddable":true,"href":"https:\/\/agromt.news\/index.php?rest_route=%2Fwp%2Fv2%2Fcomments&post=14380"}],"version-history":[{"count":0,"href":"https:\/\/agromt.news\/index.php?rest_route=\/wp\/v2\/posts\/14380\/revisions"}],"wp:featuredmedia":[{"embeddable":true,"href":"https:\/\/agromt.news\/index.php?rest_route=\/wp\/v2\/media\/14381"}],"wp:attachment":[{"href":"https:\/\/agromt.news\/index.php?rest_route=%2Fwp%2Fv2%2Fmedia&parent=14380"}],"wp:term":[{"taxonomy":"category","embeddable":true,"href":"https:\/\/agromt.news\/index.php?rest_route=%2Fwp%2Fv2%2Fcategories&post=14380"},{"taxonomy":"post_tag","embeddable":true,"href":"https:\/\/agromt.news\/index.php?rest_route=%2Fwp%2Fv2%2Ftags&post=14380"}],"curies":[{"name":"wp","href":"https:\/\/api.w.org\/{rel}","templated":true}]}}