{"id":14379,"date":"2025-05-29T16:48:05","date_gmt":"2025-05-29T20:48:05","guid":{"rendered":"https:\/\/agromt.news\/?p=14379"},"modified":"2025-05-29T16:48:05","modified_gmt":"2025-05-29T20:48:05","slug":"geada-deve-afetar-6-estados-e-4-capitais-terao-recorde-de-frio","status":"publish","type":"post","link":"https:\/\/agromt.news\/?p=14379","title":{"rendered":"Geada deve afetar 6 estados e 4 capitais ter\u00e3o recorde de frio"},"content":{"rendered":"<p> <br \/>\n<\/p>\n<div>\n<p>Ap\u00f3s o avan\u00e7o de uma intensa massa de ar polar sobre o Brasil ter derrubado as temperaturas e levado neve para as serras ga\u00facha e catarinense, o grande destaque agora passa a ser a previs\u00e3o de geada.<\/p>\n<div data-icp-cta=\"1\" id=\"icp-cta-unique\">Voc\u00ea quer entender como usar o clima a seu favor?<b> <\/b><a href=\"https:\/\/climacampo.canalrural.com.br\/climacampo_-01\">Preparamos um e-book exclusivo<\/a> para ajudar produtores rurais a se antecipar \u00e0s mudan\u00e7as do tempo e planejar melhor suas a\u00e7\u00f5es. Com base em previs\u00f5es meteorol\u00f3gicas confi\u00e1veis, ele oferece orienta\u00e7\u00f5es pr\u00e1ticas para proteger sua lavoura e otimizar seus resultados.<\/div>\n<p>O fen\u00f4meno deve afetar seis estados (veja mapa abaixo) nesta sexta-feira (30) e vem acompanhado de uma queda ainda maior nos term\u00f4metros, com possibilidade de novos recordes de frio, conforme previs\u00e3o da Climatempo. <\/p>\n<figure class=\"wp-block-image size-full\"><img fetchpriority=\"high\" decoding=\"async\" width=\"768\" height=\"768\" alt=\"previs\u00e3o de geada\" class=\"wp-image-4103196\"  data-lazy- src=\"https:\/\/agromt.news\/wp-content\/uploads\/2025\/05\/Geada-deve-afetar-6-estados-e-4-capitais-terao-recorde.jpeg\"\/><img decoding=\"async\" width=\"768\" height=\"768\" src=\"https:\/\/agromt.news\/wp-content\/uploads\/2025\/05\/Geada-deve-afetar-6-estados-e-4-capitais-terao-recorde.jpeg\" alt=\"previs\u00e3o de geada\" class=\"wp-image-4103196\"  \/><figcaption class=\"wp-element-caption\">Foto: Climatempo<\/figcaption><\/figure>\n<p>Assim, al\u00e9m das cidades com maior altitude, tamb\u00e9m s\u00e3o esperadas m\u00ednimas significativas para algumas capitais: <strong>3\u00b0C<\/strong> em Curitiba, <strong>5\u00b0C<\/strong> em Campo Grande (MS), <strong>7\u00b0C<\/strong> em Porto Alegre (RS) e <strong>9\u00b0C<\/strong> em S\u00e3o Paulo. <\/p>\n<\/div>\n<div>\n<p>De acordo com a empresa de climatologia, as condi\u00e7\u00f5es atmosf\u00e9ricas ideais \u2014 c\u00e9u limpo, vento calmo e ar seco \u2014 devem favorecer a forma\u00e7\u00e3o da geada ampla desde o centro-sul de Mato Grosso do Sul at\u00e9 a Campanha Ga\u00facha, no extremo sul do pa\u00eds. <\/p>\n<p>\u201cO frio ser\u00e1 t\u00e3o intenso e abrangente que at\u00e9 \u00e1reas elevadas da Serra da Mantiqueira, como Campos do Jord\u00e3o (SP), podem registrar geadas pontuais, especialmente em vales e baixadas das \u00e1reas mais altas onde o resfriamento \u00e9 mais acentuado\u201d, diz a Climatempo, em nota.<\/p>\n<\/p><\/div>\n<p><br \/>\n<br \/><a href=\"https:\/\/www.canalrural.com.br\/tempo\/geada-deve-afetar-6-estados-e-4-capitais-terao-recorde-de-frio\/\">Source link <\/a><\/p>\n","protected":false},"excerpt":{"rendered":"<p>Ap\u00f3s o avan\u00e7o de uma intensa massa de ar polar sobre o Brasil ter derrubado as temperaturas e levado neve<\/p>\n","protected":false},"author":1,"featured_media":13036,"comment_status":"open","ping_status":"open","sticky":false,"template":"","format":"standard","meta":{"_monsterinsights_skip_tracking":false,"_monsterinsights_sitenote_active":false,"_monsterinsights_sitenote_note":"","_monsterinsights_sitenote_category":0,"_uf_show_specific_survey":0,"_uf_disable_surveys":false,"footnotes":""},"categories":[1],"tags":[],"class_list":["post-14379","post","type-post","status-publish","format-standard","has-post-thumbnail","hentry","category-news"],"_links":{"self":[{"href":"https:\/\/agromt.news\/index.php?rest_route=\/wp\/v2\/posts\/14379"}],"collection":[{"href":"https:\/\/agromt.news\/index.php?rest_route=\/wp\/v2\/posts"}],"about":[{"href":"https:\/\/agromt.news\/index.php?rest_route=\/wp\/v2\/types\/post"}],"author":[{"embeddable":true,"href":"https:\/\/agromt.news\/index.php?rest_route=\/wp\/v2\/users\/1"}],"replies":[{"embeddable":true,"href":"https:\/\/agromt.news\/index.php?rest_route=%2Fwp%2Fv2%2Fcomments&post=14379"}],"version-history":[{"count":0,"href":"https:\/\/agromt.news\/index.php?rest_route=\/wp\/v2\/posts\/14379\/revisions"}],"wp:featuredmedia":[{"embeddable":true,"href":"https:\/\/agromt.news\/index.php?rest_route=\/wp\/v2\/media\/13036"}],"wp:attachment":[{"href":"https:\/\/agromt.news\/index.php?rest_route=%2Fwp%2Fv2%2Fmedia&parent=14379"}],"wp:term":[{"taxonomy":"category","embeddable":true,"href":"https:\/\/agromt.news\/index.php?rest_route=%2Fwp%2Fv2%2Fcategories&post=14379"},{"taxonomy":"post_tag","embeddable":true,"href":"https:\/\/agromt.news\/index.php?rest_route=%2Fwp%2Fv2%2Ftags&post=14379"}],"curies":[{"name":"wp","href":"https:\/\/api.w.org\/{rel}","templated":true}]}}