{"id":14363,"date":"2025-05-29T10:49:31","date_gmt":"2025-05-29T14:49:31","guid":{"rendered":"https:\/\/agromt.news\/?p=14363"},"modified":"2025-05-29T10:49:31","modified_gmt":"2025-05-29T14:49:31","slug":"geada-se-aproxima-neve-aparece-ciclone-ameaca-o-brasil-e-tempo-vira-de-ponta-cabeca-nas-lavouras","status":"publish","type":"post","link":"https:\/\/agromt.news\/?p=14363","title":{"rendered":"Geada se aproxima, neve aparece, ciclone amea\u00e7a o Brasil e tempo vira &#8216;de ponta cabe\u00e7a&#8217; nas lavouras"},"content":{"rendered":"<p> <br \/>\n<br \/><img decoding=\"async\" src=\"https:\/\/agromt.news\/wp-content\/uploads\/2025\/05\/Geada-se-aproxima-neve-aparece-ciclone-ameaca-o-Brasil-e.jpg\" \/><\/p>\n<div>\n<h6 class=\"wp-block-heading\" id=\"h-\"\/>\n<p>Os produtores de soja j\u00e1 podem se preparar, pois os impactos da mudan\u00e7a no tempo devem ser sentidos nos pr\u00f3ximos dias. O frio ganhou for\u00e7a no Sul e em parte do Centro-Sul do Brasil, com previs\u00e3o de <a href=\"https:\/\/www.canalrural.com.br\/?s=geada\">geada <\/a>em \u00e1reas do Paran\u00e1, Santa Catarina, Rio Grande do Sul e sul do Mato Grosso do Sul, prejudicando lavouras e pastagens.<\/p>\n<p>A previs\u00e3o tamb\u00e9m indica a forma\u00e7\u00e3o de um <a href=\"https:\/\/www.canalrural.com.br\/agricultura\/projeto-soja-brasil\/ciclone-castiga-lavouras-com-temporais-intensos-previsao-do-tempo-aponta-frio-e-geada\/\">novo ciclone extratropical<\/a>, que deve trazer temporais, ventos fortes, queda de granizo e volumes elevados de chuva para os tr\u00eas estados do Sul. O clima segue inst\u00e1vel e exige aten\u00e7\u00e3o redobrada no campo.<\/p>\n<ul class=\"wp-block-list\">\n<li><strong><em>Fique por dentro das novidades e not\u00edcias recentes sobre a soja! Participe da nossa comunidade atrav\u00e9s do\u00a0<a href=\"https:\/\/chat.whatsapp.com\/BmMRwA0TZ2DHGyhzoaVEWu\">link<\/a><\/em><\/strong>!<\/li>\n<\/ul>\n<h3 class=\"wp-block-heading\" id=\"h-alerta-para-a-safrinha-de-milho\">Alerta para a safrinha de milho<\/h3>\n<p>Produtores de milho segunda safra, especialmente no Paran\u00e1, est\u00e3o em estado de alerta. As geadas atingem \u00e1reas em fase reprodutiva da cultura, aumentando o risco de preju\u00edzos. No sul do Mato Grosso do Sul, tamb\u00e9m cresce a preocupa\u00e7\u00e3o entre pecuaristas e agricultores que iniciaram o cultivo das lavouras de inverno.<\/p>\n<h3 class=\"wp-block-heading\" id=\"h-clima-e-tempo\">Clima e tempo <\/h3>\n<p>A massa de ar polar segue atuando e mant\u00e9m as temperaturas baixas, principalmente durante as madrugadas. As m\u00ednimas devem ficar abaixo dos 10\u202f\u00b0C em grande parte do Sul, Sudeste e Centro-Oeste. H\u00e1 risco de novas geadas entre os dias 30 de maio e 2 de junho.<\/p>\n<p>No Sudeste, o ar seco predomina. Estados como S\u00e3o Paulo, Minas Gerais e Goi\u00e1s seguem com baixa umidade do solo, o que agrava o estresse h\u00eddrico em \u00e1reas agr\u00edcolas.<\/p>\n<\/div>\n<div>\n<h3 class=\"wp-block-heading\" id=\"h-aparicao-de-neve\">Apari\u00e7\u00e3o de neve<\/h3>\n<p>De acordo com o Instituto Nacional de Meteorologia (Inmet), n\u00e3o est\u00e1 descartada a possibilidade de neve em pontos isolados do Rio Grande do Sul e Paran\u00e1. J\u00e1 em Santa Catarina, o fen\u00f4meno j\u00e1 \u2018deu as caras\u2019. A previs\u00e3o indica ocorr\u00eancia de neve na serra ga\u00facha e na regi\u00e3o sudoeste do estado, assim como na serra e no Planalto Norte de Santa Catarina, estendendo-se at\u00e9 o sul do Paran\u00e1, onde a probabilidade de neve \u00e9 ainda maior.<\/p>\n<p>A possibilidade de neve geralmente ocorre com temperaturas m\u00ednimas entre 2\u00b0C e -2\u00b0C, al\u00e9m da combina\u00e7\u00e3o de umidade e temperaturas baixas.<\/p>\n<h3 class=\"wp-block-heading\" id=\"h-e-o-tempo-em-junho\">E o tempo em junho?<\/h3>\n<p>O m\u00eas come\u00e7a com tempo seco e frio na maior parte do Centro-Sul. As chuvas devem continuar escassas na primeira quinzena, o que mant\u00e9m o alerta para o d\u00e9ficit h\u00eddrico, especialmente em regi\u00f5es que se preparam para o plantio das culturas de inverno.<\/p>\n<p>No Norte do pa\u00eds, a tend\u00eancia \u00e9 de redu\u00e7\u00e3o gradual das chuvas, marcando o in\u00edcio da transi\u00e7\u00e3o para o per\u00edodo seco, sobretudo no centro-sul do Par\u00e1 e no Tocantins.<\/p>\n<p>J\u00e1 no Nordeste, as precipita\u00e7\u00f5es continuam concentradas na faixa litor\u00e2nea, mas com volumes irregulares. O interior da regi\u00e3o permanece com baixa disponibilidade h\u00eddrica, o que segue desafiando a produ\u00e7\u00e3o agr\u00edcola.<\/p>\n<\/p><\/div>\n<p><br \/>\n<br \/><a href=\"https:\/\/www.canalrural.com.br\/agricultura\/projeto-soja-brasil\/geada-se-aproxima-neve-pode-aparecer-ciclone-ameaca-o-brasil-e-tempo-vira-de-ponta-cabeca-nas-lavouras\/\">Source link <\/a><\/p>\n","protected":false},"excerpt":{"rendered":"<p>Os produtores de soja j\u00e1 podem se preparar, pois os impactos da mudan\u00e7a no tempo devem ser sentidos nos pr\u00f3ximos<\/p>\n","protected":false},"author":1,"featured_media":14364,"comment_status":"open","ping_status":"open","sticky":false,"template":"","format":"standard","meta":{"_monsterinsights_skip_tracking":false,"_monsterinsights_sitenote_active":false,"_monsterinsights_sitenote_note":"","_monsterinsights_sitenote_category":0,"_uf_show_specific_survey":0,"_uf_disable_surveys":false,"footnotes":""},"categories":[1],"tags":[],"class_list":["post-14363","post","type-post","status-publish","format-standard","has-post-thumbnail","hentry","category-news"],"_links":{"self":[{"href":"https:\/\/agromt.news\/index.php?rest_route=\/wp\/v2\/posts\/14363"}],"collection":[{"href":"https:\/\/agromt.news\/index.php?rest_route=\/wp\/v2\/posts"}],"about":[{"href":"https:\/\/agromt.news\/index.php?rest_route=\/wp\/v2\/types\/post"}],"author":[{"embeddable":true,"href":"https:\/\/agromt.news\/index.php?rest_route=\/wp\/v2\/users\/1"}],"replies":[{"embeddable":true,"href":"https:\/\/agromt.news\/index.php?rest_route=%2Fwp%2Fv2%2Fcomments&post=14363"}],"version-history":[{"count":0,"href":"https:\/\/agromt.news\/index.php?rest_route=\/wp\/v2\/posts\/14363\/revisions"}],"wp:featuredmedia":[{"embeddable":true,"href":"https:\/\/agromt.news\/index.php?rest_route=\/wp\/v2\/media\/14364"}],"wp:attachment":[{"href":"https:\/\/agromt.news\/index.php?rest_route=%2Fwp%2Fv2%2Fmedia&parent=14363"}],"wp:term":[{"taxonomy":"category","embeddable":true,"href":"https:\/\/agromt.news\/index.php?rest_route=%2Fwp%2Fv2%2Fcategories&post=14363"},{"taxonomy":"post_tag","embeddable":true,"href":"https:\/\/agromt.news\/index.php?rest_route=%2Fwp%2Fv2%2Ftags&post=14363"}],"curies":[{"name":"wp","href":"https:\/\/api.w.org\/{rel}","templated":true}]}}