{"id":14362,"date":"2025-05-29T10:25:32","date_gmt":"2025-05-29T14:25:32","guid":{"rendered":"https:\/\/agromt.news\/?p=14362"},"modified":"2025-05-29T10:25:32","modified_gmt":"2025-05-29T14:25:32","slug":"tribunal-dos-eua-anula-tarifas-globais-de-trump","status":"publish","type":"post","link":"https:\/\/agromt.news\/?p=14362","title":{"rendered":"Tribunal dos EUA anula tarifas globais de Trump"},"content":{"rendered":"<p> <br \/>\n<\/p>\n<div>\n<p>Em uma decis\u00e3o hist\u00f3rica proferida em 28 de maio de 2025, o Tribunal de Com\u00e9rcio Internacional dos <strong><a href=\"http:\/\/www.canalrural.com.br\/tag\/estados-unidos\/\">Estados Unidos<\/a><\/strong> invalidou as tarifas globais impostas pelo ex-presidente Donald Trump, conhecidas como \u201ctarifas do Dia da Liberta\u00e7\u00e3o\u201d.\u00a0<\/p>\n<p>O tribunal determinou que Trump excedeu sua autoridade ao utilizar a Lei de Poderes Econ\u00f4micos de Emerg\u00eancia Internacional (IEEPA) de 1977 para justificar a imposi\u00e7\u00e3o unilateral de tarifas sobre uma ampla gama de produtos importados.\u00a0<\/p>\n<p>As tarifas, implementadas em abril de 2025, inclu\u00edam uma taxa universal de 10% sobre a maioria dos produtos importados, al\u00e9m de tarifas espec\u00edficas de 25% sobre produtos do M\u00e9xico e Canad\u00e1, e de 30% sobre produtos chineses.\u00a0A administra\u00e7\u00e3o Trump alegou que essas medidas eram necess\u00e1rias para combater amea\u00e7as econ\u00f4micas emergenciais, como o tr\u00e1fico de fentanil.<\/p>\n<p>No entanto, o painel de tr\u00eas ju\u00edzes concluiu que a IEEPA n\u00e3o concede ao presidente poderes ilimitados para impor tarifas sem a aprova\u00e7\u00e3o do Congresso.\u00a0A decis\u00e3o suspende permanentemente essas tarifas e impede futuras imposi\u00e7\u00f5es similares sob a mesma justificativa legal.<\/p>\n<h2 class=\"wp-block-heading\" id=\"h-repercussoes-economicas-e-politicas\"><strong>Repercuss\u00f5es econ\u00f4micas e pol\u00edticas<\/strong><\/h2>\n<p>A decis\u00e3o foi resultado de a\u00e7\u00f5es judiciais movidas por uma coaliz\u00e3o de estados liderados por Oregon e por pequenas empresas afetadas pelas tarifas.\u00a0Ilya Somin, professor de Direito da Universidade George Mason e advogado dos autores, afirmou que a decis\u00e3o representa uma vit\u00f3ria significativa contra abusos de poder executivo.<\/p>\n<\/div>\n<div>\n<p>O mercado financeiro reagiu positivamente \u00e0 not\u00edcia.\u00a0Os futuros do Dow Jones subiram quase 500 pontos, ou 1,1%, enquanto os futuros do S&amp;P 500 e do Nasdaq aumentaram 1,4% e 1,6%, respectivamente, ap\u00f3s o an\u00fancio.<\/p>\n<h3 class=\"wp-block-heading\" id=\"h-implicacoes-para-o-agronegocio-brasileiro\"><strong>Implica\u00e7\u00f5es para o agroneg\u00f3cio brasileiro<\/strong><\/h3>\n<p>Para o Brasil, especialmente para o setor agroexportador, a anula\u00e7\u00e3o das tarifas representa uma oportunidade estrat\u00e9gica.\u00a0Com a suspens\u00e3o das barreiras tarif\u00e1rias, produtos agr\u00edcolas brasileiros podem ganhar competitividade no mercado norte-americano, substituindo fornecedores de pa\u00edses anteriormente favorecidos ou afetados pelas tarifas.<\/p>\n<p>Al\u00e9m disso, a decis\u00e3o pode facilitar negocia\u00e7\u00f5es bilaterais e acordos comerciais mais favor\u00e1veis ao Brasil, reduzindo incertezas e promovendo um ambiente de com\u00e9rcio mais est\u00e1vel.\u00a0No entanto, \u00e9 essencial que o setor esteja atento \u00e0s poss\u00edveis retalia\u00e7\u00f5es ou mudan\u00e7as nas pol\u00edticas comerciais dos EUA, que podem impactar o fluxo de exporta\u00e7\u00f5es brasileiras.<\/p>\n<p>A revoga\u00e7\u00e3o das tarifas globais impostas por Trump marca um momento crucial na pol\u00edtica comercial dos Estados Unidos, reafirmando os limites do poder executivo e destacando a import\u00e2ncia do equil\u00edbrio entre os poderes.\u00a0Para o Brasil, abre-se uma janela de oportunidades no com\u00e9rcio internacional, especialmente para o agroneg\u00f3cio, que deve ser aproveitada com estrat\u00e9gia e cautela.<\/p>\n<div class=\"wp-block-media-text is-stacked-on-mobile\">\n<figure class=\"wp-block-media-text__media\"><img fetchpriority=\"high\" decoding=\"async\" width=\"683\" height=\"1024\" src=\"https:\/\/agromt.news\/wp-content\/uploads\/2025\/04\/Como-guerras-e-crises-moldaram-o-preco-das-commodities-nos.jpg\" alt=\"Miguel Daoud\" class=\"wp-image-4095706 size-full\"  \/><\/figure>\n<div class=\"wp-block-media-text__content\">\n<p class=\"has-text-align-center\"><em><strong>Miguel Daoud<\/strong>\u00a0\u00e9 comentarista de Economia e Pol\u00edtica\u00a0do Canal Rural<\/em><\/p>\n<\/div>\n<\/div>\n<hr class=\"wp-block-separator has-alpha-channel-opacity\"\/>\n<p><em>O\u00a0<strong>Canal Rural<\/strong>\u00a0n\u00e3o se responsabiliza pelas opini\u00f5es e conceitos emitidos nos textos desta sess\u00e3o, sendo os conte\u00fados de inteira responsabilidade de seus autores. A empresa se reserva o direito de fazer ajustes no texto para adequa\u00e7\u00e3o \u00e0s normas de publica\u00e7\u00e3o.<\/em><\/p>\n<\/p><\/div>\n<p><br \/>\n<br \/><a href=\"https:\/\/www.canalrural.com.br\/opiniao-noticias\/tribunal-dos-eua-anula-tarifas-globais-de-trump\/\">Source link <\/a><\/p>\n","protected":false},"excerpt":{"rendered":"<p>Em uma decis\u00e3o hist\u00f3rica proferida em 28 de maio de 2025, o Tribunal de Com\u00e9rcio Internacional dos Estados Unidos invalidou<\/p>\n","protected":false},"author":1,"featured_media":11926,"comment_status":"open","ping_status":"open","sticky":false,"template":"","format":"standard","meta":{"_monsterinsights_skip_tracking":false,"_monsterinsights_sitenote_active":false,"_monsterinsights_sitenote_note":"","_monsterinsights_sitenote_category":0,"_uf_show_specific_survey":0,"_uf_disable_surveys":false,"footnotes":""},"categories":[1],"tags":[],"class_list":["post-14362","post","type-post","status-publish","format-standard","has-post-thumbnail","hentry","category-news"],"_links":{"self":[{"href":"https:\/\/agromt.news\/index.php?rest_route=\/wp\/v2\/posts\/14362"}],"collection":[{"href":"https:\/\/agromt.news\/index.php?rest_route=\/wp\/v2\/posts"}],"about":[{"href":"https:\/\/agromt.news\/index.php?rest_route=\/wp\/v2\/types\/post"}],"author":[{"embeddable":true,"href":"https:\/\/agromt.news\/index.php?rest_route=\/wp\/v2\/users\/1"}],"replies":[{"embeddable":true,"href":"https:\/\/agromt.news\/index.php?rest_route=%2Fwp%2Fv2%2Fcomments&post=14362"}],"version-history":[{"count":0,"href":"https:\/\/agromt.news\/index.php?rest_route=\/wp\/v2\/posts\/14362\/revisions"}],"wp:featuredmedia":[{"embeddable":true,"href":"https:\/\/agromt.news\/index.php?rest_route=\/wp\/v2\/media\/11926"}],"wp:attachment":[{"href":"https:\/\/agromt.news\/index.php?rest_route=%2Fwp%2Fv2%2Fmedia&parent=14362"}],"wp:term":[{"taxonomy":"category","embeddable":true,"href":"https:\/\/agromt.news\/index.php?rest_route=%2Fwp%2Fv2%2Fcategories&post=14362"},{"taxonomy":"post_tag","embeddable":true,"href":"https:\/\/agromt.news\/index.php?rest_route=%2Fwp%2Fv2%2Ftags&post=14362"}],"curies":[{"name":"wp","href":"https:\/\/api.w.org\/{rel}","templated":true}]}}