{"id":14360,"date":"2025-05-29T10:10:55","date_gmt":"2025-05-29T14:10:55","guid":{"rendered":"https:\/\/agromt.news\/?p=14360"},"modified":"2025-05-29T10:10:55","modified_gmt":"2025-05-29T14:10:55","slug":"taxa-de-desemprego-tem-queda-no-trimestre-ate-abril-mostra-ibge","status":"publish","type":"post","link":"https:\/\/agromt.news\/?p=14360","title":{"rendered":"Taxa de desemprego tem queda no trimestre at\u00e9 abril, mostra IBGE"},"content":{"rendered":"<p> <br \/>\n<br \/><img decoding=\"async\" src=\"https:\/\/agromt.news\/wp-content\/uploads\/2025\/05\/Taxa-de-desemprego-tem-queda-no-trimestre-ate-abril-mostra.jpg\" \/><\/p>\n<div>\n<p>A taxa de desocupa\u00e7\u00e3o (desemprego) no Brasil caiu para 6,6% no trimestre encerrado em abril, de acordo com os dados da Pesquisa Nacional por Amostra de Domic\u00edlios Cont\u00ednua (Pnad Cont\u00ednua) divulgados nesta quinta-feira (29), pelo Instituto Brasileiro de Geografia e Estat\u00edstica <strong><a href=\"http:\/\/www.canalrural.com.br\/tag\/ibge\/\">(IBGE)<\/a><\/strong>. Essa \u00e9 a menor taxa para o per\u00edodo desde 2012.<\/p>\n<p>O resultado ficou abaixo do piso das expectativas dos analistas ouvidos pelo Proje\u00e7\u00f5es Broadcast, de 6,7%. O teto das proje\u00e7\u00f5es era de 7,1%, com mediana de 6,9%.<\/p>\n<p>Em igual per\u00edodo do ano anterior, a taxa de desemprego medida pela Pnad Cont\u00ednua estava em 7,5%. No trimestre encerrado em mar\u00e7o, a taxa de desocupa\u00e7\u00e3o estava em 7%.<\/p>\n<p>A renda m\u00e9dia real do trabalhador foi de R$ 3.246 no trimestre encerrado em abril. O resultado representa alta de 3,2% em rela\u00e7\u00e3o ao mesmo per\u00edodo do ano anterior.<\/p>\n<\/div>\n<div>\n<p>A massa de renda real habitual paga aos ocupados somou R$ 349,4 bilh\u00f5es no trimestre at\u00e9 abril, alta de 5,9% ante igual per\u00edodo do ano anterior.<\/p>\n<h2 class=\"wp-block-heading\" id=\"h-ocupacao\">Ocupa\u00e7\u00e3o<\/h2>\n<p>Segundo o IBGE, o Brasil registrou crescimento de 288 mil vagas no mercado de trabalho em apenas um trimestre. A popula\u00e7\u00e3o ocupada ficou em 103,257 milh\u00f5es de pessoas no trimestre encerrado em abril de 2025. Em um ano, esse contingente aumentou em 2,453 milh\u00f5es de pessoas.<\/p>\n<p>J\u00e1 a popula\u00e7\u00e3o desocupada aumentou em 69 mil pessoas em um trimestre, totalizando 7,273 milh\u00f5es de desempregados no trimestre at\u00e9 abril. Em um ano, 941 mil pessoas deixaram o desemprego. <\/p>\n<p>A popula\u00e7\u00e3o inativa somou 110,53 milh\u00f5es de pessoas no trimestre encerrado em abril, 357 mil inativos a mais que no trimestre anterior. Em um ano, houve aumento de 1,512 milh\u00e3o de pessoas. <\/p>\n<p>O n\u00edvel da ocupa\u00e7\u00e3o \u2013 percentual de pessoas ocupadas na popula\u00e7\u00e3o em idade de trabalhar \u2013 que era de 58,2% no trimestre encerrado em janeiro manteve-se no trimestre at\u00e9 abril. No trimestre terminado em abril de 2024, o n\u00edvel da ocupa\u00e7\u00e3o era de 57,3%.<\/p>\n<\/p><\/div>\n<p><br \/>\n<br \/><a href=\"https:\/\/www.canalrural.com.br\/economia\/taxa-de-desemprego-tem-queda-no-trimestre-ate-abril-mostra-ibge\/\">Source link <\/a><\/p>\n","protected":false},"excerpt":{"rendered":"<p>A taxa de desocupa\u00e7\u00e3o (desemprego) no Brasil caiu para 6,6% no trimestre encerrado em abril, de acordo com os dados<\/p>\n","protected":false},"author":1,"featured_media":14361,"comment_status":"open","ping_status":"open","sticky":false,"template":"","format":"standard","meta":{"_monsterinsights_skip_tracking":false,"_monsterinsights_sitenote_active":false,"_monsterinsights_sitenote_note":"","_monsterinsights_sitenote_category":0,"_uf_show_specific_survey":0,"_uf_disable_surveys":false,"footnotes":""},"categories":[1],"tags":[],"class_list":["post-14360","post","type-post","status-publish","format-standard","has-post-thumbnail","hentry","category-news"],"_links":{"self":[{"href":"https:\/\/agromt.news\/index.php?rest_route=\/wp\/v2\/posts\/14360"}],"collection":[{"href":"https:\/\/agromt.news\/index.php?rest_route=\/wp\/v2\/posts"}],"about":[{"href":"https:\/\/agromt.news\/index.php?rest_route=\/wp\/v2\/types\/post"}],"author":[{"embeddable":true,"href":"https:\/\/agromt.news\/index.php?rest_route=\/wp\/v2\/users\/1"}],"replies":[{"embeddable":true,"href":"https:\/\/agromt.news\/index.php?rest_route=%2Fwp%2Fv2%2Fcomments&post=14360"}],"version-history":[{"count":0,"href":"https:\/\/agromt.news\/index.php?rest_route=\/wp\/v2\/posts\/14360\/revisions"}],"wp:featuredmedia":[{"embeddable":true,"href":"https:\/\/agromt.news\/index.php?rest_route=\/wp\/v2\/media\/14361"}],"wp:attachment":[{"href":"https:\/\/agromt.news\/index.php?rest_route=%2Fwp%2Fv2%2Fmedia&parent=14360"}],"wp:term":[{"taxonomy":"category","embeddable":true,"href":"https:\/\/agromt.news\/index.php?rest_route=%2Fwp%2Fv2%2Fcategories&post=14360"},{"taxonomy":"post_tag","embeddable":true,"href":"https:\/\/agromt.news\/index.php?rest_route=%2Fwp%2Fv2%2Ftags&post=14360"}],"curies":[{"name":"wp","href":"https:\/\/api.w.org\/{rel}","templated":true}]}}