{"id":14357,"date":"2025-05-29T09:14:12","date_gmt":"2025-05-29T13:14:12","guid":{"rendered":"https:\/\/agromt.news\/?p=14357"},"modified":"2025-05-29T09:14:12","modified_gmt":"2025-05-29T13:14:12","slug":"soja-avanca-milho-mantem-vies-de-baixa","status":"publish","type":"post","link":"https:\/\/agromt.news\/?p=14357","title":{"rendered":"Soja avan\u00e7a; milho mant\u00e9m vi\u00e9s de baixa"},"content":{"rendered":"<p> <br \/>\n<\/p>\n<div>\n<div class=\"row\">\n<div class=\"col-lg col-infos mt-0 mt-lg-0\">\n<div class=\"section-sub-title\">\n<p itemprop=\"description\">&#13;<br \/>\n                                No Brasil, o milho tamb\u00e9m subiu, mas de forma mais contida&#13;\n                            <\/p>\n<\/p><\/div>\n<div class=\"container\">\n<div class=\"row\">\n<div class=\"col-lg p-0\">\n<div>\n<div class=\"block-news-main-infos mt-3 text-start\">\n<p>                                            <strong class=\"fn\" itemprop=\"author\" style=\"color: rgb(112, 112, 112); \">&#13;<br \/>\n                                                <a href=\"https:\/\/www.agrolink.com.br\/noticias\/javascript:;\" class=\"text-uppercase\" target=\"_blank\" style=\"color: rgb(112, 112, 112); \" rel=\"noopener\">Agrolink<\/a>&#13;<br \/>\n&#13;<br \/>\n                                                    &#8211; Leonardo Gottems&#13;<br \/>\n&#13;<br \/>\n                                            <\/strong><br \/>\n                                        <\/p>\n<p>                                            <abbr><time datetime=\"2025-05-28T16:28\" itemprop=\"datePublished dateModified\">Publicado em 28\/05\/2025 \u00e0s 16:28h.<\/time><\/abbr><br \/>\n                                            <\/p><\/div>\n<\/p><\/div>\n<\/p><\/div>\n<div class=\"col-lg p-0 text-lg-end\">\n<div>\n<div id=\"mdEnviarPagina\" class=\"modal fade\" role=\"dialog\">\n<div class=\"modal-dialog\">\n<div class=\"modal-content\">\n<div class=\"modal-body\">\n<p><strong>Estimado usu\u00e1rio.<\/strong><br \/>Preencha o formul\u00e1rio abaixo para remeter a p\u00e1gina.<\/p>\n<\/p><\/div>\n<\/p><\/div>\n<\/p><\/div>\n<\/div><\/div>\n<\/p><\/div>\n<\/p><\/div>\n<\/p><\/div>\n<\/p><\/div>\n<\/p><\/div>\n<div class=\"row justify-content-md-center mt-3\">\n<div class=\"col-lg-auto col-image block-news-main-image\">\n<p>                                <img decoding=\"async\" src=\"https:\/\/www.agrolink.com.br\/upload\/imagens-resizes\/be0a2a5096ff474db493a357dbcef868_858x483.jpg\" class=\"lazyload img-fluid\" alt=\"No Brasil, o milho tamb\u00e9m subiu, mas de forma mais contida\"\/><br \/>\n                                                <span class=\"d-block mt-1\">No Brasil, o milho tamb\u00e9m subiu, mas de forma mais contida &#8211; Foto: Canva<\/span><\/p><\/div>\n<\/p><\/div>\n<div class=\"section-description section-description-noticias mt-3\">\n<p>Na \u00faltima semana, os contratos futuros da soja em Chicago fecharam em alta, impulsionados por preocupa\u00e7\u00f5es clim\u00e1ticas e discuss\u00f5es sobre pol\u00edtica de biocombust\u00edveis nos Estados Unidos. Segundo relat\u00f3rio da StoneX, apesar de uma realiza\u00e7\u00e3o de lucros na sexta-feira (23), a oleaginosa acumulou valoriza\u00e7\u00e3o semanal de 1%, com o contrato para julho encerrando a US$ 10,60\/bushel.&#13;\n<\/p>\n<p>Nesse contexto, \u00e9 poss\u00edvel dizer que o mercado segue atento \u00e0s negocia\u00e7\u00f5es sobre a prorroga\u00e7\u00e3o dos cr\u00e9ditos 45Z, que podem favorecer o uso de mat\u00e9rias-primas locais para biocombust\u00edveis, fortalecendo especialmente a demanda por \u00f3leo de soja. Al\u00e9m disso, o clima excessivamente chuvoso na Argentina tem trazido atrasos na colheita e pode impactar negativamente a produtividade, embora os danos ainda estejam sendo avaliados.<\/p>\n<p>Por outro lado, o milho mant\u00e9m tend\u00eancia de baixa em Chicago, mesmo ap\u00f3s um avan\u00e7o t\u00e9cnico na \u00faltima semana. O contrato jul\/25 subiu 3,6%, fechando a US$ 4,59\/bushel, movimento explicado pela elevada quantidade de posi\u00e7\u00f5es vendidas, que gerou um repique no curto prazo. Contudo, os fundos seguem aumentando apostas na queda, confiantes em uma safra robusta nos EUA, que avan\u00e7a rapidamente.&#13;\n<\/p>\n<p>No Brasil, o milho tamb\u00e9m subiu, mas de forma mais contida. O contrato jul\/25 na B3 avan\u00e7ou 1,7%, refletindo a expectativa de uma boa safrinha, sobretudo no Mato Grosso, onde os pre\u00e7os f\u00edsicos j\u00e1 se aproximam dos R$ 50\/saca. A competitividade do milho brasileiro no segundo semestre deve pressionar o mercado externo, limitando maiores altas para os contratos em Chicago.<\/p>\n<\/p><\/div>\n<\/p><\/div>\n<p><script data-cfasync=\"false\">\n    !function (f, b, e, v, n, t, s) {\n        if (f.fbq) return; n = f.fbq = function () {\n            n.callMethod ?\n                n.callMethod.apply(n, arguments) : n.queue.push(arguments)\n        };\n        if (!f._fbq) f._fbq = n; n.push = n; n.loaded = !0; n.version = '2.0';\n        n.queue = []; t = b.createElement(e); t.async = !0;\n        t.src = v; s = b.getElementsByTagName(e)[0];\n        s.parentNode.insertBefore(t, s)\n    }(window, document, 'script',\n        'https:\/\/connect.facebook.net\/en_US\/fbevents.js');\n    fbq('init', '522546078623747');\n    fbq('track', 'PageView');\n<\/script><br \/>\n<br \/><br \/>\n<br \/><a href=\"https:\/\/www.agrolink.com.br\/noticias\/semana--soja-avanca--milho-mantem-vies-de-baixa_502433.html\">Source link <\/a><\/p>\n","protected":false},"excerpt":{"rendered":"<p>&#13; No Brasil, o milho tamb\u00e9m subiu, mas de forma mais contida&#13; &#13; Agrolink&#13; &#13; &#8211; Leonardo Gottems&#13; &#13; Publicado<\/p>\n","protected":false},"author":1,"featured_media":4282,"comment_status":"open","ping_status":"open","sticky":false,"template":"","format":"standard","meta":{"_monsterinsights_skip_tracking":false,"_monsterinsights_sitenote_active":false,"_monsterinsights_sitenote_note":"","_monsterinsights_sitenote_category":0,"_uf_show_specific_survey":0,"_uf_disable_surveys":false,"footnotes":""},"categories":[8,1,14],"tags":[],"class_list":["post-14357","post","type-post","status-publish","format-standard","has-post-thumbnail","hentry","category-agro","category-news","category-politica-agro"],"_links":{"self":[{"href":"https:\/\/agromt.news\/index.php?rest_route=\/wp\/v2\/posts\/14357"}],"collection":[{"href":"https:\/\/agromt.news\/index.php?rest_route=\/wp\/v2\/posts"}],"about":[{"href":"https:\/\/agromt.news\/index.php?rest_route=\/wp\/v2\/types\/post"}],"author":[{"embeddable":true,"href":"https:\/\/agromt.news\/index.php?rest_route=\/wp\/v2\/users\/1"}],"replies":[{"embeddable":true,"href":"https:\/\/agromt.news\/index.php?rest_route=%2Fwp%2Fv2%2Fcomments&post=14357"}],"version-history":[{"count":0,"href":"https:\/\/agromt.news\/index.php?rest_route=\/wp\/v2\/posts\/14357\/revisions"}],"wp:featuredmedia":[{"embeddable":true,"href":"https:\/\/agromt.news\/index.php?rest_route=\/wp\/v2\/media\/4282"}],"wp:attachment":[{"href":"https:\/\/agromt.news\/index.php?rest_route=%2Fwp%2Fv2%2Fmedia&parent=14357"}],"wp:term":[{"taxonomy":"category","embeddable":true,"href":"https:\/\/agromt.news\/index.php?rest_route=%2Fwp%2Fv2%2Fcategories&post=14357"},{"taxonomy":"post_tag","embeddable":true,"href":"https:\/\/agromt.news\/index.php?rest_route=%2Fwp%2Fv2%2Ftags&post=14357"}],"curies":[{"name":"wp","href":"https:\/\/api.w.org\/{rel}","templated":true}]}}