{"id":14355,"date":"2025-05-29T08:35:30","date_gmt":"2025-05-29T12:35:30","guid":{"rendered":"https:\/\/agromt.news\/?p=14355"},"modified":"2025-05-29T08:35:30","modified_gmt":"2025-05-29T12:35:30","slug":"micro-e-pequeno-empreendedor-qual-e-a-diferenca","status":"publish","type":"post","link":"https:\/\/agromt.news\/?p=14355","title":{"rendered":"Micro e pequeno empreendedor: qual \u00e9 a diferen\u00e7a?"},"content":{"rendered":"<p> <br \/>\n<\/p>\n<div>\n<p>A classifica\u00e7\u00e3o do produtor rural como micro ou pequeno empreendedor vai muito al\u00e9m do simples volume de faturamento. Enquanto nas \u00e1reas urbanas os limites s\u00e3o bem definidos, no campo, fatores como tamanho da propriedade, m\u00e3o de obra utilizada e intensidade de produ\u00e7\u00e3o tamb\u00e9m entram na conta. A explica\u00e7\u00e3o \u00e9 de Jos\u00e9 Eduardo Carrilho, consultor de neg\u00f3cios do Sebrae-SP, que esclarece as principais diferen\u00e7as e orienta\u00e7\u00f5es para o agricultor familiar entender seu enquadramento.<\/p>\n<h2 class=\"wp-block-heading has-small-font-size\" id=\"h-faturamento-e-apenas-uma-parte-da-equacao\"><strong>Faturamento \u00e9 apenas uma parte da equa\u00e7\u00e3o<\/strong><\/h2>\n<p>Segundo Carrilho, o crit\u00e9rio mais comum para diferenciar micro e pequeno empreendedor rural \u00e9 o faturamento anual. \u201cA grosso modo, podemos classificar o pequeno produtor como aquele que fatura at\u00e9 R$ 360 mil por ano\u201d, aponta.<\/p>\n<p>No entanto, ele ressalta que essa n\u00e3o \u00e9 a \u00fanica forma de classifica\u00e7\u00e3o. \u201cO porte do produtor tamb\u00e9m pode ser determinado pelo tamanho da propriedade e pela intensidade do cultivo.\u201d<\/p>\n<figure class=\"wp-block-image size-large\"><img fetchpriority=\"high\" decoding=\"async\" width=\"1024\" height=\"576\" alt=\"\" class=\"wp-image-4101493\"  data-lazy- src=\"https:\/\/agromt.news\/wp-content\/uploads\/2025\/05\/Micro-e-pequeno-empreendedor-qual-e-a-diferenca.jpeg\"\/><img decoding=\"async\" width=\"1024\" height=\"576\" src=\"https:\/\/agromt.news\/wp-content\/uploads\/2025\/05\/Micro-e-pequeno-empreendedor-qual-e-a-diferenca.jpeg\" alt=\"\" class=\"wp-image-4101493\"  \/><\/figure>\n<h2 class=\"wp-block-heading has-small-font-size\" id=\"h-outros-fatores-que-influenciam-na-pratica\"><strong>Outros fatores que influenciam na pr\u00e1tica<\/strong><\/h2>\n<p>Apesar de a legisla\u00e7\u00e3o n\u00e3o diferenciar de forma clara os aspectos pr\u00e1ticos do micro e pequeno produtor rural, algumas caracter\u00edsticas s\u00e3o comuns. \u201cNormalmente, o microempreendedor utiliza m\u00e3o de obra familiar, adota m\u00e9todos menos tecnol\u00f3gicos e depende mais de terceiros para comercializa\u00e7\u00e3o\u201d, explica o consultor.<\/p>\n<h2 class=\"wp-block-heading has-small-font-size\" id=\"h-beneficios-e-obrigacoes\"><strong>Benef\u00edcios e obriga\u00e7\u00f5es<\/strong><\/h2>\n<p>Estar enquadrado corretamente \u00e9 fundamental para acessar benef\u00edcios espec\u00edficos. \u201cH\u00e1 linhas de cr\u00e9dito exclusivas para pequenos produtores, al\u00e9m de vantagens em compras p\u00fablicas e programas governamentais\u201d, afirma Carrilho.<\/p>\n<\/div>\n<div>\n<figure class=\"wp-block-gallery has-nested-images columns-default is-cropped wp-block-gallery-1 is-layout-flex wp-block-gallery-is-layout-flex\"\/>\n<p>Um dos principais programas voltados ao pequeno produtor \u00e9 o Pronaf (Programa Nacional de Fortalecimento da Agricultura Familiar), que exige o cumprimento de crit\u00e9rios como:<\/p>\n<ul class=\"wp-block-list\">\n<li>Possuir at\u00e9 quatro m\u00f3dulos fiscais;<\/li>\n<li>Ter ao menos 50% da renda bruta familiar oriunda da atividade agropecu\u00e1ria;<\/li>\n<li>Utilizar predominantemente m\u00e3o de obra familiar;<\/li>\n<li>Residir na propriedade ou em local pr\u00f3ximo.<\/li>\n<\/ul>\n<h2 class=\"wp-block-heading has-small-font-size\" id=\"h-a-importancia-da-formalizacao\"><strong>A import\u00e2ncia da formaliza\u00e7\u00e3o<\/strong><\/h2>\n<p>Para o consultor, a <a href=\"https:\/\/www.canalrural.com.br\/empreendedorismo\/semana-do-mei-chega-para-incentivar-a-formalizacao-de-microempreendedores-individuais\/\">formaliza\u00e7\u00e3o<\/a> do neg\u00f3cio rural \u00e9 um passo estrat\u00e9gico. \u201cEla garante acesso a cr\u00e9dito com al\u00edquotas diferenciadas e facilita a participa\u00e7\u00e3o em programas p\u00fablicos. Al\u00e9m disso, permite produzir de forma mais consciente e orientada \u00e0s exig\u00eancias do mercado\u201d, destaca.<\/p>\n<p>Carrilho enfatiza ainda o papel do Sebrae na orienta\u00e7\u00e3o dos produtores: \u201cO Sebrae oferece capacita\u00e7\u00e3o personalizada, com apoio t\u00e9cnico e gerencial. Em parceria com o SENAR, tamb\u00e9m promovemos a forma\u00e7\u00e3o profissional do produtor, aliando conhecimento t\u00e9cnico \u00e0 gest\u00e3o do neg\u00f3cio.\u201d<\/p>\n<\/p><\/div>\n<p><br \/>\n<br \/><a href=\"https:\/\/www.canalrural.com.br\/empreendedorismo\/micro-e-pequeno-empreendedor-rural-qual-e-a-diferenca\/\">Source link <\/a><\/p>\n","protected":false},"excerpt":{"rendered":"<p>A classifica\u00e7\u00e3o do produtor rural como micro ou pequeno empreendedor vai muito al\u00e9m do simples volume de faturamento. Enquanto nas<\/p>\n","protected":false},"author":1,"featured_media":14356,"comment_status":"open","ping_status":"open","sticky":false,"template":"","format":"standard","meta":{"_monsterinsights_skip_tracking":false,"_monsterinsights_sitenote_active":false,"_monsterinsights_sitenote_note":"","_monsterinsights_sitenote_category":0,"_uf_show_specific_survey":0,"_uf_disable_surveys":false,"footnotes":""},"categories":[1],"tags":[],"class_list":["post-14355","post","type-post","status-publish","format-standard","has-post-thumbnail","hentry","category-news"],"_links":{"self":[{"href":"https:\/\/agromt.news\/index.php?rest_route=\/wp\/v2\/posts\/14355"}],"collection":[{"href":"https:\/\/agromt.news\/index.php?rest_route=\/wp\/v2\/posts"}],"about":[{"href":"https:\/\/agromt.news\/index.php?rest_route=\/wp\/v2\/types\/post"}],"author":[{"embeddable":true,"href":"https:\/\/agromt.news\/index.php?rest_route=\/wp\/v2\/users\/1"}],"replies":[{"embeddable":true,"href":"https:\/\/agromt.news\/index.php?rest_route=%2Fwp%2Fv2%2Fcomments&post=14355"}],"version-history":[{"count":0,"href":"https:\/\/agromt.news\/index.php?rest_route=\/wp\/v2\/posts\/14355\/revisions"}],"wp:featuredmedia":[{"embeddable":true,"href":"https:\/\/agromt.news\/index.php?rest_route=\/wp\/v2\/media\/14356"}],"wp:attachment":[{"href":"https:\/\/agromt.news\/index.php?rest_route=%2Fwp%2Fv2%2Fmedia&parent=14355"}],"wp:term":[{"taxonomy":"category","embeddable":true,"href":"https:\/\/agromt.news\/index.php?rest_route=%2Fwp%2Fv2%2Fcategories&post=14355"},{"taxonomy":"post_tag","embeddable":true,"href":"https:\/\/agromt.news\/index.php?rest_route=%2Fwp%2Fv2%2Ftags&post=14355"}],"curies":[{"name":"wp","href":"https:\/\/api.w.org\/{rel}","templated":true}]}}