{"id":14349,"date":"2025-05-29T05:20:30","date_gmt":"2025-05-29T09:20:30","guid":{"rendered":"https:\/\/agromt.news\/?p=14349"},"modified":"2025-05-29T05:20:30","modified_gmt":"2025-05-29T09:20:30","slug":"produtividade-da-cana-de-acucar-cai-16-na-safra-2025-26","status":"publish","type":"post","link":"https:\/\/agromt.news\/?p=14349","title":{"rendered":"Produtividade da cana-de-a\u00e7\u00facar cai 16% na safra 2025\/26"},"content":{"rendered":"<p> <br \/>\n<\/p>\n<div>\n<div class=\"row\">\n<div class=\"col-lg col-infos mt-0 mt-lg-0\">\n<div class=\"section-sub-title\">\n<p itemprop=\"description\">&#13;<br \/>\n                                Safra da cana-de-a\u00e7\u00facar come\u00e7a com queda no Centro-Sul &#13;\n                            <\/p>\n<\/p><\/div>\n<div class=\"container\">\n<div class=\"row\">\n<div class=\"col-lg p-0\">\n<div>\n<div class=\"block-news-main-infos mt-3 text-start\">\n<p>                                            <strong class=\"fn\" itemprop=\"author\" style=\"color: rgb(112, 112, 112); \">&#13;<br \/>\n                                                <a href=\"https:\/\/www.agrolink.com.br\/noticias\/javascript:;\" class=\"text-uppercase\" target=\"_blank\" style=\"color: rgb(112, 112, 112); \" rel=\"noopener\">Agrolink<\/a>&#13;<br \/>\n&#13;<br \/>\n                                                    &#8211; Seane Lennon&#13;<br \/>\n&#13;<br \/>\n                                            <\/strong><br \/>\n                                        <\/p>\n<p>                                            <abbr><time datetime=\"2025-05-28T18:15\" itemprop=\"datePublished dateModified\">Publicado em 28\/05\/2025 \u00e0s 18:15h.<\/time><\/abbr><br \/>\n                                            <\/p><\/div>\n<\/p><\/div>\n<\/p><\/div>\n<div class=\"col-lg p-0 text-lg-end\">\n<div>\n<div id=\"mdEnviarPagina\" class=\"modal fade\" role=\"dialog\">\n<div class=\"modal-dialog\">\n<div class=\"modal-content\">\n<div class=\"modal-body\">\n<p><strong>Estimado usu\u00e1rio.<\/strong><br \/>Preencha o formul\u00e1rio abaixo para remeter a p\u00e1gina.<\/p>\n<\/p><\/div>\n<\/p><\/div>\n<\/p><\/div>\n<\/div><\/div>\n<\/p><\/div>\n<\/p><\/div>\n<\/p><\/div>\n<\/p><\/div>\n<\/p><\/div>\n<div class=\"row justify-content-md-center mt-3\">\n<div class=\"col-lg-auto col-image block-news-main-image\">\n<p>                                <img decoding=\"async\" src=\"https:\/\/www.agrolink.com.br\/upload\/imagens-resizes\/fc0fbae54c124327a137fc9ce801cca1_858x483.jpg\" class=\"lazyload img-fluid\"\/><br \/>\n                                                <span class=\"publicity-photo d-block mt-1\">Foto: Canva<\/span><\/p><\/div>\n<\/p><\/div>\n<div class=\"section-description section-description-noticias mt-3\">\n<p style=\"text-align:justify\">A safra 2025\/2026 de <a href=\"https:\/\/www.agrolink.com.br\/culturas\/cana-de-acucar\/?utm_source=agrolink-detalhe-noticia&amp;utm_medium=detalhe-noticia&amp;utm_campaign=links-internos\" target=\"_blank\" rel=\"noopener\">cana-de-a\u00e7\u00facar<\/a> na regi\u00e3o Centro-Sul do Brasil come\u00e7ou com recuo nos principais indicadores agron\u00f4micos. Os dados foram divulgados pelo Centro de Tecnologia Canavieira (CTC), por meio do boletim De Olho na Safra, ligado ao Programa de Benchmarking da institui\u00e7\u00e3o.&#13;\n<\/p>\n<p style=\"text-align:justify\">Segundo o levantamento, a produtividade m\u00e9dia inicial da safra foi estimada em 72,7 toneladas por hectare (TCH), representando uma redu\u00e7\u00e3o de 16,6% em rela\u00e7\u00e3o ao ciclo anterior. O A\u00e7\u00facar Total Recuper\u00e1vel (ATR) m\u00e9dio projetado \u00e9 de 112 quilos por tonelada de cana, o que corresponde a um recuo de 3%. Como consequ\u00eancia, o indicador que combina produtividade e qualidade da mat\u00e9ria-prima, o TAH (toneladas de ATR por hectare), deve atingir 8 toneladas, uma queda de 20% na compara\u00e7\u00e3o com a safra 2024\/2025.<\/p>\n<p style=\"text-align:justify\">Apesar da redu\u00e7\u00e3o nos \u00edndices de produ\u00e7\u00e3o, o d\u00e9ficit h\u00eddrico acumulado permanece dentro da m\u00e9dia hist\u00f3rica, com cerca de 300 mil\u00edmetros. J\u00e1 o risco de florescimento, que pode comprometer o desenvolvimento da cana, \u00e9 considerado baixo, com maior probabilidade de ocorr\u00eancia em \u00e1reas espec\u00edficas do Tri\u00e2ngulo Mineiro e do estado de Goi\u00e1s.&#13;\n<\/p>\n<p style=\"text-align:justify\">\u201cAcompanhamos a tend\u00eancia de decl\u00ednio na produtividade e na qualidade da mat\u00e9ria-prima com aten\u00e7\u00e3o. Esses dados refor\u00e7am a necessidade de estrat\u00e9gias de adapta\u00e7\u00e3o a poss\u00edveis oscila\u00e7\u00f5es clim\u00e1ticas e ajustes no manejo agron\u00f4mico\u201d, afirmou o CTC em comunicado.<\/p>\n<p style=\"text-align:justify\">As proje\u00e7\u00f5es refor\u00e7am o alerta para o impacto do clima e das condi\u00e7\u00f5es de solo sobre o desempenho da principal regi\u00e3o produtora de cana do pa\u00eds, respons\u00e1vel por mais de 90% da produ\u00e7\u00e3o nacional.<\/p>\n<\/p><\/div>\n<\/p><\/div>\n<p><script data-cfasync=\"false\">\n    !function (f, b, e, v, n, t, s) {\n        if (f.fbq) return; n = f.fbq = function () {\n            n.callMethod ?\n                n.callMethod.apply(n, arguments) : n.queue.push(arguments)\n        };\n        if (!f._fbq) f._fbq = n; n.push = n; n.loaded = !0; n.version = '2.0';\n        n.queue = []; t = b.createElement(e); t.async = !0;\n        t.src = v; s = b.getElementsByTagName(e)[0];\n        s.parentNode.insertBefore(t, s)\n    }(window, document, 'script',\n        'https:\/\/connect.facebook.net\/en_US\/fbevents.js');\n    fbq('init', '522546078623747');\n    fbq('track', 'PageView');\n<\/script><br \/>\n<br \/><br \/>\n<br \/><a href=\"https:\/\/www.agrolink.com.br\/noticias\/produtividade-da-cana-de-acucar-cai-16--na-safra-2025-26_502435.html\">Source link <\/a><\/p>\n","protected":false},"excerpt":{"rendered":"<p>&#13; Safra da cana-de-a\u00e7\u00facar come\u00e7a com queda no Centro-Sul &#13; &#13; Agrolink&#13; &#13; &#8211; Seane Lennon&#13; &#13; Publicado em 28\/05\/2025<\/p>\n","protected":false},"author":1,"featured_media":11483,"comment_status":"open","ping_status":"open","sticky":false,"template":"","format":"standard","meta":{"_monsterinsights_skip_tracking":false,"_monsterinsights_sitenote_active":false,"_monsterinsights_sitenote_note":"","_monsterinsights_sitenote_category":0,"_uf_show_specific_survey":0,"_uf_disable_surveys":false,"footnotes":""},"categories":[8,1,14],"tags":[],"class_list":["post-14349","post","type-post","status-publish","format-standard","has-post-thumbnail","hentry","category-agro","category-news","category-politica-agro"],"_links":{"self":[{"href":"https:\/\/agromt.news\/index.php?rest_route=\/wp\/v2\/posts\/14349"}],"collection":[{"href":"https:\/\/agromt.news\/index.php?rest_route=\/wp\/v2\/posts"}],"about":[{"href":"https:\/\/agromt.news\/index.php?rest_route=\/wp\/v2\/types\/post"}],"author":[{"embeddable":true,"href":"https:\/\/agromt.news\/index.php?rest_route=\/wp\/v2\/users\/1"}],"replies":[{"embeddable":true,"href":"https:\/\/agromt.news\/index.php?rest_route=%2Fwp%2Fv2%2Fcomments&post=14349"}],"version-history":[{"count":0,"href":"https:\/\/agromt.news\/index.php?rest_route=\/wp\/v2\/posts\/14349\/revisions"}],"wp:featuredmedia":[{"embeddable":true,"href":"https:\/\/agromt.news\/index.php?rest_route=\/wp\/v2\/media\/11483"}],"wp:attachment":[{"href":"https:\/\/agromt.news\/index.php?rest_route=%2Fwp%2Fv2%2Fmedia&parent=14349"}],"wp:term":[{"taxonomy":"category","embeddable":true,"href":"https:\/\/agromt.news\/index.php?rest_route=%2Fwp%2Fv2%2Fcategories&post=14349"},{"taxonomy":"post_tag","embeddable":true,"href":"https:\/\/agromt.news\/index.php?rest_route=%2Fwp%2Fv2%2Ftags&post=14349"}],"curies":[{"name":"wp","href":"https:\/\/api.w.org\/{rel}","templated":true}]}}