{"id":14348,"date":"2025-05-29T04:37:12","date_gmt":"2025-05-29T08:37:12","guid":{"rendered":"https:\/\/agromt.news\/?p=14348"},"modified":"2025-05-29T04:37:12","modified_gmt":"2025-05-29T08:37:12","slug":"tres-regioes-do-pais-devem-ter-recorde-de-frio-confira-a-previsao-de-hoje","status":"publish","type":"post","link":"https:\/\/agromt.news\/?p=14348","title":{"rendered":"Tr\u00eas regi\u00f5es do pa\u00eds devem ter recorde de frio; confira a previs\u00e3o de hoje"},"content":{"rendered":"<p> <br \/>\n<br \/><img decoding=\"async\" src=\"https:\/\/agromt.news\/wp-content\/uploads\/2025\/05\/Tres-regioes-do-pais-devem-ter-recorde-de-frio-confira.jpg\" \/><\/p>\n<div>\n<p>A quinta-feira ser\u00e1 marcada por recorde de frio em diversos munic\u00edpios do Brasil, em especial os da Regi\u00e3o Sul, Sudesde e Centro-Oeste. Confira a previs\u00e3o para todo o pa\u00eds:<\/p>\n<h2 class=\"wp-block-heading\" id=\"h-sul\">Sul<\/h2>\n<p>As temperaturas em toda a Regi\u00e3o Sul ser\u00e3o derrubadas nesta quinta-feira ap\u00f3s o afastamento do sistema frontal, com uma \u00e1rea de alta press\u00e3o avan\u00e7ando de forma continental. Em muitos munic\u00edpios, h\u00e1 condi\u00e7\u00f5es para recordes de menor temperatura do ano nas primeiras horas da manh\u00e3. Durante o dia, o sol aparece entre algumas nuvens, n\u00e3o chove, e as temperaturas permanecem baixas.<\/p>\n<h2 class=\"wp-block-heading\" id=\"h-sudeste\">Sudeste<\/h2>\n<p>A frente fria chega ao Rio de Janeiro e ao Esp\u00edrito Santo, promovendo a mudan\u00e7a no tempo e favorecendo pancadas de chuva. At\u00e9 o momento, n\u00e3o h\u00e1 indicativo de chuva forte concentrada. Em S\u00e3o Paulo, o ar polar ganha for\u00e7a e derruba as temperaturas. O dia come\u00e7a com possibilidade de recorde anual de menor temperatura em diversos munic\u00edpios paulistas, sobretudo no sul e oeste do estado. <\/p>\n<\/div>\n<div>\n<h2 class=\"wp-block-heading\" id=\"h-centro-oeste\">Centro-Oeste<\/h2>\n<p>Com o deslocamento da frente fria, a chuva perde for\u00e7a na regi\u00e3o. Ap\u00f3s a passagem do sistema, o ar polar associado a uma alta press\u00e3o avan\u00e7a sobre Mato Grosso do Sul, parte de Mato Grosso e Goi\u00e1s. As temperaturas sofrem queda significativa, especialmente em territ\u00f3rio sul-mato-grossense. As m\u00ednimas permanecem mais baixas e as m\u00e1ximas n\u00e3o sobem tanto ao longo do dia. H\u00e1 possibilidade de recordes de temperatura baixa nas capitais Campo Grande (MS) e Cuiab\u00e1 (MT).<\/p>\n<h2 class=\"wp-block-heading\" id=\"h-nordeste\">Nordeste<\/h2>\n<p>O destaque continua sendo a intensifica\u00e7\u00e3o da chuva na costa leste, com pancadas fortes do litoral da <strong><a href=\"https:\/\/www.canalrural.com.br\/nacional\/bahia\/\">Bahia <\/a><\/strong>at\u00e9 o Rio Grande do Norte. Pancadas tamb\u00e9m se espalham mais entre o litoral do Maranh\u00e3o e do Piau\u00ed.<\/p>\n<h2 class=\"wp-block-heading\" id=\"h-norte\">Norte<\/h2>\n<p>O ar frio que avan\u00e7ou ap\u00f3s a frente fria mant\u00e9m temperaturas mais baixas em parte de Rond\u00f4nia. Amazonas, Roraima e Amap\u00e1 seguem com instabilidades e pancadas de chuva mais fortes. Tocantins e grande parte do Par\u00e1 permanecem com tempo aberto e sem previs\u00e3o de chuva.<\/p>\n<div data-icp-cta=\"1\" id=\"icp-cta-unique\">Voc\u00ea quer entender como usar o clima a seu favor?<b> <\/b><a href=\"https:\/\/climacampo.canalrural.com.br\/climacampo_-01\">Preparamos um e-book exclusivo<\/a> para ajudar produtores rurais a se antecipar \u00e0s mudan\u00e7as do tempo e planejar melhor suas a\u00e7\u00f5es. Com base em previs\u00f5es meteorol\u00f3gicas confi\u00e1veis, ele oferece orienta\u00e7\u00f5es pr\u00e1ticas para proteger sua lavoura e otimizar seus resultados.<\/div>\n<\/div>\n<p><br \/>\n<br \/><a href=\"https:\/\/www.canalrural.com.br\/tempo\/tres-regioes-do-pais-devem-ter-recorde-de-frio-confira-a-previsao-de-hoje\/\">Source link <\/a><\/p>\n","protected":false},"excerpt":{"rendered":"<p>A quinta-feira ser\u00e1 marcada por recorde de frio em diversos munic\u00edpios do Brasil, em especial os da Regi\u00e3o Sul, Sudesde<\/p>\n","protected":false},"author":1,"featured_media":12557,"comment_status":"open","ping_status":"open","sticky":false,"template":"","format":"standard","meta":{"_monsterinsights_skip_tracking":false,"_monsterinsights_sitenote_active":false,"_monsterinsights_sitenote_note":"","_monsterinsights_sitenote_category":0,"_uf_show_specific_survey":0,"_uf_disable_surveys":false,"footnotes":""},"categories":[1],"tags":[],"class_list":["post-14348","post","type-post","status-publish","format-standard","has-post-thumbnail","hentry","category-news"],"_links":{"self":[{"href":"https:\/\/agromt.news\/index.php?rest_route=\/wp\/v2\/posts\/14348"}],"collection":[{"href":"https:\/\/agromt.news\/index.php?rest_route=\/wp\/v2\/posts"}],"about":[{"href":"https:\/\/agromt.news\/index.php?rest_route=\/wp\/v2\/types\/post"}],"author":[{"embeddable":true,"href":"https:\/\/agromt.news\/index.php?rest_route=\/wp\/v2\/users\/1"}],"replies":[{"embeddable":true,"href":"https:\/\/agromt.news\/index.php?rest_route=%2Fwp%2Fv2%2Fcomments&post=14348"}],"version-history":[{"count":0,"href":"https:\/\/agromt.news\/index.php?rest_route=\/wp\/v2\/posts\/14348\/revisions"}],"wp:featuredmedia":[{"embeddable":true,"href":"https:\/\/agromt.news\/index.php?rest_route=\/wp\/v2\/media\/12557"}],"wp:attachment":[{"href":"https:\/\/agromt.news\/index.php?rest_route=%2Fwp%2Fv2%2Fmedia&parent=14348"}],"wp:term":[{"taxonomy":"category","embeddable":true,"href":"https:\/\/agromt.news\/index.php?rest_route=%2Fwp%2Fv2%2Fcategories&post=14348"},{"taxonomy":"post_tag","embeddable":true,"href":"https:\/\/agromt.news\/index.php?rest_route=%2Fwp%2Fv2%2Ftags&post=14348"}],"curies":[{"name":"wp","href":"https:\/\/api.w.org\/{rel}","templated":true}]}}