{"id":14347,"date":"2025-05-29T03:24:46","date_gmt":"2025-05-29T07:24:46","guid":{"rendered":"https:\/\/agromt.news\/?p=14347"},"modified":"2025-05-29T03:24:46","modified_gmt":"2025-05-29T07:24:46","slug":"soja-mato-grossense-segue-mais-barata-que-em-chicago","status":"publish","type":"post","link":"https:\/\/agromt.news\/?p=14347","title":{"rendered":"Soja mato-grossense segue mais barata que em Chicago"},"content":{"rendered":"<p> <br \/>\n<\/p>\n<div>\n<div class=\"row\">\n<div class=\"col-lg col-infos mt-0 mt-lg-0\">\n<div class=\"section-sub-title\">\n<p itemprop=\"description\">&#13;<br \/>\n                                Pre\u00e7o da soja sobe no MT, mas segue competitivo&#13;<br \/>\n&#13;<br \/>\n&#13;\n                            <\/p>\n<\/p><\/div>\n<div class=\"container\">\n<div class=\"row\">\n<div class=\"col-lg p-0\">\n<div>\n<div class=\"block-news-main-infos mt-3 text-start\">\n<p>                                            <strong class=\"fn\" itemprop=\"author\" style=\"color: rgb(112, 112, 112); \">&#13;<br \/>\n                                                <a href=\"https:\/\/www.agrolink.com.br\/noticias\/javascript:;\" class=\"text-uppercase\" target=\"_blank\" style=\"color: rgb(112, 112, 112); \" rel=\"noopener\">Agrolink<\/a>&#13;<br \/>\n&#13;<br \/>\n                                                    &#8211; Seane Lennon&#13;<br \/>\n&#13;<br \/>\n                                            <\/strong><br \/>\n                                        <\/p>\n<p>                                            <abbr><time datetime=\"2025-05-28T18:25\" itemprop=\"datePublished dateModified\">Publicado em 28\/05\/2025 \u00e0s 18:25h.<\/time><\/abbr><br \/>\n                                            <\/p><\/div>\n<\/p><\/div>\n<\/p><\/div>\n<div class=\"col-lg p-0 text-lg-end\">\n<div>\n<div id=\"mdEnviarPagina\" class=\"modal fade\" role=\"dialog\">\n<div class=\"modal-dialog\">\n<div class=\"modal-content\">\n<div class=\"modal-body\">\n<p><strong>Estimado usu\u00e1rio.<\/strong><br \/>Preencha o formul\u00e1rio abaixo para remeter a p\u00e1gina.<\/p>\n<\/p><\/div>\n<\/p><\/div>\n<\/p><\/div>\n<\/div><\/div>\n<\/p><\/div>\n<\/p><\/div>\n<\/p><\/div>\n<\/p><\/div>\n<\/p><\/div>\n<div class=\"row justify-content-md-center mt-3\">\n<div class=\"col-lg-auto col-image block-news-main-image\">\n<p>                                <img decoding=\"async\" src=\"https:\/\/www.agrolink.com.br\/upload\/imagens-resizes\/54d09bb85ff648f39185b525cc2d3be4_858x483.jpg\" class=\"lazyload img-fluid\"\/><br \/>\n                                                <span class=\"publicity-photo d-block mt-1\">Foto: Seane Lennon<\/span><\/p><\/div>\n<\/p><\/div>\n<div class=\"section-description section-description-noticias mt-3\">\n<p style=\"text-align:justify\">A <a href=\"https:\/\/www.agrolink.com.br\/culturas\/soja?utm_source=agrolink-detalhe-noticia&amp;utm_medium=detalhe-noticia&amp;utm_campaign=links-internos\" target=\"_blank\" rel=\"noopener\">soja<\/a> produzida em Mato Grosso segue com vantagem competitiva no mercado internacional, segundo an\u00e1lise semanal divulgada pelo Instituto Mato-Grossense de Economia Agropecu\u00e1ria (Imea) nesta segunda-feira (28). A cota\u00e7\u00e3o m\u00e9dia da oleaginosa no estado fechou a semana em US$ 8,68 por bushel, com alta de 0,80% em rela\u00e7\u00e3o \u00e0 semana anterior.&#13;\n<\/p>\n<p style=\"text-align:justify\">Enquanto isso, no mercado internacional, o pre\u00e7o da soja negociada na Bolsa de Chicago (CME Group) registrou m\u00e9dia de US$ 10,59 por bushel, queda de 0,34% no mesmo intervalo. A diferen\u00e7a de US$ 1,91 por bushel entre os dois mercados mant\u00e9m o produto mato-grossense mais barato e, portanto, mais atrativo para compradores internacionais.<\/p>\n<p style=\"text-align:justify\">\u201cNo mesmo per\u00edodo do ano passado, essa diferen\u00e7a era de US$ 2,08 por bushel. Ainda que menor, a atual defasagem segue refor\u00e7ando a competitividade da soja mato-grossense no mercado global\u201d, informou o Imea. A atratividade do produto vem estimulando o aumento das exporta\u00e7\u00f5es, num cen\u00e1rio de boa demanda.&#13;\n<\/p>\n<p style=\"text-align:justify\">A entidade tamb\u00e9m recomendou cautela e estrat\u00e9gia na comercializa\u00e7\u00e3o da safra. \u201c\u00c9 interessante que os produtores do estado aproveitem o melhor momento para fechar bons neg\u00f3cios, visto a boa estimativa para a safra de soja nos EUA, o que poder\u00e1 ter um impacto nos pre\u00e7os futuros\u201d, destacou a an\u00e1lise.<\/p>\n<\/p><\/div>\n<\/p><\/div>\n<p><script data-cfasync=\"false\">\n    !function (f, b, e, v, n, t, s) {\n        if (f.fbq) return; n = f.fbq = function () {\n            n.callMethod ?\n                n.callMethod.apply(n, arguments) : n.queue.push(arguments)\n        };\n        if (!f._fbq) f._fbq = n; n.push = n; n.loaded = !0; n.version = '2.0';\n        n.queue = []; t = b.createElement(e); t.async = !0;\n        t.src = v; s = b.getElementsByTagName(e)[0];\n        s.parentNode.insertBefore(t, s)\n    }(window, document, 'script',\n        'https:\/\/connect.facebook.net\/en_US\/fbevents.js');\n    fbq('init', '522546078623747');\n    fbq('track', 'PageView');\n<\/script><br \/>\n<br \/><br \/>\n<br \/><a href=\"https:\/\/www.agrolink.com.br\/noticias\/soja-mato-grossense-segue-mais-barata-que-em-chicago_502436.html\">Source link <\/a><\/p>\n","protected":false},"excerpt":{"rendered":"<p>&#13; Pre\u00e7o da soja sobe no MT, mas segue competitivo&#13; &#13; &#13; &#13; Agrolink&#13; &#13; &#8211; Seane Lennon&#13; &#13; Publicado<\/p>\n","protected":false},"author":1,"featured_media":9455,"comment_status":"open","ping_status":"open","sticky":false,"template":"","format":"standard","meta":{"_monsterinsights_skip_tracking":false,"_monsterinsights_sitenote_active":false,"_monsterinsights_sitenote_note":"","_monsterinsights_sitenote_category":0,"_uf_show_specific_survey":0,"_uf_disable_surveys":false,"footnotes":""},"categories":[8,1,14],"tags":[],"class_list":["post-14347","post","type-post","status-publish","format-standard","has-post-thumbnail","hentry","category-agro","category-news","category-politica-agro"],"_links":{"self":[{"href":"https:\/\/agromt.news\/index.php?rest_route=\/wp\/v2\/posts\/14347"}],"collection":[{"href":"https:\/\/agromt.news\/index.php?rest_route=\/wp\/v2\/posts"}],"about":[{"href":"https:\/\/agromt.news\/index.php?rest_route=\/wp\/v2\/types\/post"}],"author":[{"embeddable":true,"href":"https:\/\/agromt.news\/index.php?rest_route=\/wp\/v2\/users\/1"}],"replies":[{"embeddable":true,"href":"https:\/\/agromt.news\/index.php?rest_route=%2Fwp%2Fv2%2Fcomments&post=14347"}],"version-history":[{"count":0,"href":"https:\/\/agromt.news\/index.php?rest_route=\/wp\/v2\/posts\/14347\/revisions"}],"wp:featuredmedia":[{"embeddable":true,"href":"https:\/\/agromt.news\/index.php?rest_route=\/wp\/v2\/media\/9455"}],"wp:attachment":[{"href":"https:\/\/agromt.news\/index.php?rest_route=%2Fwp%2Fv2%2Fmedia&parent=14347"}],"wp:term":[{"taxonomy":"category","embeddable":true,"href":"https:\/\/agromt.news\/index.php?rest_route=%2Fwp%2Fv2%2Fcategories&post=14347"},{"taxonomy":"post_tag","embeddable":true,"href":"https:\/\/agromt.news\/index.php?rest_route=%2Fwp%2Fv2%2Ftags&post=14347"}],"curies":[{"name":"wp","href":"https:\/\/api.w.org\/{rel}","templated":true}]}}