{"id":14345,"date":"2025-05-29T00:54:52","date_gmt":"2025-05-29T04:54:52","guid":{"rendered":"https:\/\/agromt.news\/?p=14345"},"modified":"2025-05-29T00:54:52","modified_gmt":"2025-05-29T04:54:52","slug":"dolar-tem-leve-baixa-em-dia-de-agenda-esvaziada-e-fecha-semana-em-r56690","status":"publish","type":"post","link":"https:\/\/agromt.news\/?p=14345","title":{"rendered":"D\u00f3lar tem leve baixa em dia de agenda esvaziada e fecha semana em R$5,6690"},"content":{"rendered":"<p> <br \/>\n<\/p>\n<div>\n<p><img decoding=\"async\" alt=\"Logotipo Reuters\" height=\"22\" src=\"https:\/\/cdn.noticiasagricolas.com.br\/dbimagens\/0f687b0f35da9d220b6477534ce7c667.gif\" width=\"71\"\/><\/p>\n<p>Por Fabricio de Castro<\/p>\n<p>S\u00c3O PAULO (Reuters) &#8211; O d\u00f3lar passou nesta sexta-feira por uma sess\u00e3o de acomoda\u00e7\u00e3o ap\u00f3s o avan\u00e7o firme da v\u00e9spera, oscilando em margens estreitas at\u00e9 encerrar em leve baixa ante o real, em um dia de agenda relativamente esvaziada e sem gatilhos fortes para as cota\u00e7\u00f5es.<\/p>\n<p>O d\u00f3lar \u00e0 vista fechou em leve baixa de 0,20%, aos R$5,6690. Na semana, a divisa acumulou alta de 0,25%.<\/p>\n<p>\u00c0s 17h18, na B3, o d\u00f3lar para junho &#8212; atualmente o mais l\u00edquido \u2013 cedia 0,33%, aos R$5,6845.<\/p>\n<p>Na quinta-feira o d\u00f3lar havia subido 0,84%, com investidores se apegando a especula\u00e7\u00f5es de que o governo estaria preparando um pacote de gastos para alavancar a popularidade do presidente Luiz In\u00e1cio Lula da Silva em 2026, ano de elei\u00e7\u00e3o, com medidas que poderiam incluir um poss\u00edvel reajuste do Bolsa Fam\u00edlia. A percep\u00e7\u00e3o era de que as medidas prejudicariam o ajuste fiscal brasileiro.<\/p>\n<p>Ainda que o ministro da Fazenda, Fernando Haddad, tenha desmentido haver estudos no governo para o reajuste do Bolsa Fam\u00edlia &#8212; o que j\u00e1 tinha sido negado pelo ministro do Desenvolvimento Social, Wellington Dias &#8212; e insistido que sua pasta trabalha apenas em medidas fiscais pontuais &#8220;para o cumprimento da meta fiscal\u201d, o d\u00f3lar se manteve em alta na v\u00e9spera.<\/p>\n<p>Nesta sexta-feira, a divisa chegou a acelerar os ganhos no per\u00edodo da manh\u00e3, superando os R$5,70, mas o impulso n\u00e3o se sustentou e o d\u00f3lar retornou para perto da estabilidade.<\/p>\n<p>A eleva\u00e7\u00e3o do d\u00f3lar na quinta-feira \u201cfoi Tesouraria de banco trabalhando para ganhar dinheiro, porque os fundamentos n\u00e3o justificariam uma alta assim\u201d, comentou nesta sexta-feira Jo\u00e3o Oliveira, head da Mesa de Opera\u00e7\u00f5es do Banco Moneycorp.<\/p>\n<p>\u201cEnt\u00e3o, o d\u00f3lar subiu ontem, e hoje manteve o n\u00edvel, mesmo porque o fluxo diminui um pouco \u00e0s sextas-feiras\u201d, acrescentou, chamando aten\u00e7\u00e3o ainda para a agenda esvaziada no Brasil e no exterior.<\/p>\n<p>Ap\u00f3s marcar a cota\u00e7\u00e3o m\u00e1xima de R$5,7147 (+0,61%) \u00e0s 10h07, o d\u00f3lar \u00e0 vista atingiu a m\u00ednima de R$5,6615 (-0,33%) \u00e0s 15h49, para depois encerrar pr\u00f3ximo disso.<\/p>\n<p>No exterior, a divisa norte-americana subia ante moedas fortes como o iene, o euro e a libra, mas tinha no fim da tarde sinais mistos ante as moedas de pa\u00edses emergentes \u2013 cedia ante o real e o peso mexicano, por exemplo, mas avan\u00e7ava ante o peso chileno e a lira turca.<\/p>\n<p>\u00c0s 17h11 o \u00edndice do d\u00f3lar &#8212; que mede o desempenho da moeda norte-americana frente a uma cesta de seis divisas &#8212; subia 0,31%, a 101,080.<\/p>\n<p>Pela manh\u00e3 o BC vendeu toda a oferta de 30.000 contratos de swap cambial tradicional para fins de rolagem do vencimento de 2 de junho de 2025.<\/p>\n<\/p><\/div>\n<p><script async defer src=\"https:\/\/connect.facebook.net\/en_US\/sdk.js\" type=\"14366f5c2d2ff61540571467-text\/javascript\"><\/script><script type=\"14366f5c2d2ff61540571467-text\/javascript\">\n  !function(f,b,e,v,n,t,s)\n  {if(f.fbq)return;n=f.fbq=function(){n.callMethod?\n    n.callMethod.apply(n,arguments):n.queue.push(arguments)};\n    if(!f._fbq)f._fbq=n;n.push=n;n.loaded=!0;n.version='2.0';\n    n.queue=[];t=b.createElement(e);t.async=!0;\n    t.src=v;s=b.getElementsByTagName(e)[0];\n    s.parentNode.insertBefore(t,s)}(window, document,'script',\n    'https:\/\/connect.facebook.net\/en_US\/fbevents.js');\n  fbq('init', '153495679422335');\n  fbq('track', 'PageView');\n<\/script><br \/>\n<br \/><br \/>\n<br \/><a href=\"https:\/\/www.noticiasagricolas.com.br\/noticias\/politica-economia\/400660-dolar-a-vista-fecha-em-baixa-de-020-a-r56690-na-venda.html\">Source link <\/a><\/p>\n","protected":false},"excerpt":{"rendered":"<p>Por Fabricio de Castro S\u00c3O PAULO (Reuters) &#8211; O d\u00f3lar passou nesta sexta-feira por uma sess\u00e3o de acomoda\u00e7\u00e3o ap\u00f3s o<\/p>\n","protected":false},"author":1,"featured_media":14346,"comment_status":"open","ping_status":"open","sticky":false,"template":"","format":"standard","meta":{"_monsterinsights_skip_tracking":false,"_monsterinsights_sitenote_active":false,"_monsterinsights_sitenote_note":"","_monsterinsights_sitenote_category":0,"_uf_show_specific_survey":0,"_uf_disable_surveys":false,"footnotes":""},"categories":[8,1,14,16],"tags":[],"class_list":["post-14345","post","type-post","status-publish","format-standard","has-post-thumbnail","hentry","category-agro","category-news","category-politica-agro","category-safra"],"_links":{"self":[{"href":"https:\/\/agromt.news\/index.php?rest_route=\/wp\/v2\/posts\/14345"}],"collection":[{"href":"https:\/\/agromt.news\/index.php?rest_route=\/wp\/v2\/posts"}],"about":[{"href":"https:\/\/agromt.news\/index.php?rest_route=\/wp\/v2\/types\/post"}],"author":[{"embeddable":true,"href":"https:\/\/agromt.news\/index.php?rest_route=\/wp\/v2\/users\/1"}],"replies":[{"embeddable":true,"href":"https:\/\/agromt.news\/index.php?rest_route=%2Fwp%2Fv2%2Fcomments&post=14345"}],"version-history":[{"count":0,"href":"https:\/\/agromt.news\/index.php?rest_route=\/wp\/v2\/posts\/14345\/revisions"}],"wp:featuredmedia":[{"embeddable":true,"href":"https:\/\/agromt.news\/index.php?rest_route=\/wp\/v2\/media\/14346"}],"wp:attachment":[{"href":"https:\/\/agromt.news\/index.php?rest_route=%2Fwp%2Fv2%2Fmedia&parent=14345"}],"wp:term":[{"taxonomy":"category","embeddable":true,"href":"https:\/\/agromt.news\/index.php?rest_route=%2Fwp%2Fv2%2Fcategories&post=14345"},{"taxonomy":"post_tag","embeddable":true,"href":"https:\/\/agromt.news\/index.php?rest_route=%2Fwp%2Fv2%2Ftags&post=14345"}],"curies":[{"name":"wp","href":"https:\/\/api.w.org\/{rel}","templated":true}]}}