{"id":14343,"date":"2025-05-28T21:29:10","date_gmt":"2025-05-29T01:29:10","guid":{"rendered":"https:\/\/agromt.news\/?p=14343"},"modified":"2025-05-28T21:29:10","modified_gmt":"2025-05-29T01:29:10","slug":"mercado-da-soja-reage-a-clima-na-argentina","status":"publish","type":"post","link":"https:\/\/agromt.news\/?p=14343","title":{"rendered":"Mercado da soja reage a clima na Argentina"},"content":{"rendered":"<p> <br \/>\n<\/p>\n<div>\n<p style=\"text-align:justify\">A semana foi marcada por forte movimenta\u00e7\u00e3o no mercado da <a href=\"https:\/\/www.agrolink.com.br\/culturas\/soja?utm_source=agrolink-detalhe-noticia&amp;utm_medium=detalhe-noticia&amp;utm_campaign=links-internos\" target=\"_blank\" rel=\"noopener\">soja<\/a>, com influ\u00eancias clim\u00e1ticas na Argentina, varia\u00e7\u00f5es nas cota\u00e7\u00f5es em Chicago e impactos do c\u00e2mbio no Brasil. Apesar da estabilidade nos pre\u00e7os internos, o cen\u00e1rio global segue vol\u00e1til, exigindo cautela dos produtores brasileiros.&#13;\n<\/p>\n<p style=\"text-align:justify\">A an\u00e1lise \u00e9 da Gr\u00e3o Direto, que destaca que as chuvas intensas na Argentina continuam atrasando a colheita e afetando a qualidade da soja, pressionando o mercado internacional. Por outro lado, o Brasil mant\u00e9m ritmo acelerado nas exporta\u00e7\u00f5es, refor\u00e7ando sua posi\u00e7\u00e3o no com\u00e9rcio global da oleaginosa.<\/p>\n<p style=\"text-align:justify\">Na Bolsa de Chicago, o contrato da soja para julho de 2025 fechou a US$ 10,61 por bushel, com alta de 0,95%. J\u00e1 o contrato de mar\u00e7o de 2026 teve avan\u00e7o de 1,71%, alcan\u00e7ando US$ 10,70 por bushel. No Brasil, o c\u00e2mbio sofreu leve recuo de 0,35%, com o d\u00f3lar encerrando a R$ 5,65, ap\u00f3s o governo federal anunciar aumento na al\u00edquota do IOF, gerando instabilidade no mercado.&#13;\n<\/p>\n<p style=\"text-align:justify\">Para a safra 2025\/2026, o cen\u00e1rio \u00e9 de aten\u00e7\u00e3o redobrada. A Gr\u00e3o Direto alerta para o encarecimento dos fertilizantes, com o KCL e o MAP em alta por tr\u00eas semanas consecutivas. A crise geopol\u00edtica entre China e \u00cdndia elevou a competi\u00e7\u00e3o global por insumos, pressionando os pre\u00e7os. Al\u00e9m disso, o cr\u00e9dito rural segue caro diante da manuten\u00e7\u00e3o da taxa Selic, o que complica o planejamento e a viabilidade econ\u00f4mica das lavouras.<\/p>\n<p style=\"text-align:justify\">Mesmo com o clima favor\u00e1vel nos Estados Unidos, a an\u00e1lise mostra que as margens negativas dos produtores americanos podem limitar a\u00e7\u00f5es de replantio. J\u00e1 na Argentina, embora as chuvas representem risco, o mercado parece ter precificado boa parte dessas perdas. Os fundos de investimento tamb\u00e9m influenciam o equil\u00edbrio atual, mantendo posi\u00e7\u00f5es compradas na soja em gr\u00e3o e no \u00f3leo, enquanto realizam vendas no farelo.&#13;\n<\/p>\n<p style=\"text-align:justify\">O d\u00f3lar continua sendo um fator determinante para o produtor brasileiro. As incertezas fiscais e o cen\u00e1rio pol\u00edtico pr\u00e9-eleitoral de 2026 contribuem para uma volatilidade cambial que impacta diretamente na precifica\u00e7\u00e3o da soja. Diante desse contexto, oportunidades de comercializa\u00e7\u00e3o surgem de forma pontual, exigindo estrat\u00e9gia e acompanhamento constante do mercado.<\/p>\n<\/p><\/div>\n<p><script data-cfasync=\"false\">\n    !function (f, b, e, v, n, t, s) {\n        if (f.fbq) return; n = f.fbq = function () {\n            n.callMethod ?\n                n.callMethod.apply(n, arguments) : n.queue.push(arguments)\n        };\n        if (!f._fbq) f._fbq = n; n.push = n; n.loaded = !0; n.version = '2.0';\n        n.queue = []; t = b.createElement(e); t.async = !0;\n        t.src = v; s = b.getElementsByTagName(e)[0];\n        s.parentNode.insertBefore(t, s)\n    }(window, document, 'script',\n        'https:\/\/connect.facebook.net\/en_US\/fbevents.js');\n    fbq('init', '522546078623747');\n    fbq('track', 'PageView');\n<\/script><br \/>\n<br \/><br \/>\n<br \/><a href=\"https:\/\/www.agrolink.com.br\/noticias\/mercado-da-soja-reage-a-clima-na-argentina_502397.html\">Source link <\/a><\/p>\n","protected":false},"excerpt":{"rendered":"<p>A semana foi marcada por forte movimenta\u00e7\u00e3o no mercado da soja, com influ\u00eancias clim\u00e1ticas na Argentina, varia\u00e7\u00f5es nas cota\u00e7\u00f5es em<\/p>\n","protected":false},"author":1,"featured_media":13449,"comment_status":"open","ping_status":"open","sticky":false,"template":"","format":"standard","meta":{"_monsterinsights_skip_tracking":false,"_monsterinsights_sitenote_active":false,"_monsterinsights_sitenote_note":"","_monsterinsights_sitenote_category":0,"_uf_show_specific_survey":0,"_uf_disable_surveys":false,"footnotes":""},"categories":[8,1,14],"tags":[],"class_list":["post-14343","post","type-post","status-publish","format-standard","has-post-thumbnail","hentry","category-agro","category-news","category-politica-agro"],"_links":{"self":[{"href":"https:\/\/agromt.news\/index.php?rest_route=\/wp\/v2\/posts\/14343"}],"collection":[{"href":"https:\/\/agromt.news\/index.php?rest_route=\/wp\/v2\/posts"}],"about":[{"href":"https:\/\/agromt.news\/index.php?rest_route=\/wp\/v2\/types\/post"}],"author":[{"embeddable":true,"href":"https:\/\/agromt.news\/index.php?rest_route=\/wp\/v2\/users\/1"}],"replies":[{"embeddable":true,"href":"https:\/\/agromt.news\/index.php?rest_route=%2Fwp%2Fv2%2Fcomments&post=14343"}],"version-history":[{"count":0,"href":"https:\/\/agromt.news\/index.php?rest_route=\/wp\/v2\/posts\/14343\/revisions"}],"wp:featuredmedia":[{"embeddable":true,"href":"https:\/\/agromt.news\/index.php?rest_route=\/wp\/v2\/media\/13449"}],"wp:attachment":[{"href":"https:\/\/agromt.news\/index.php?rest_route=%2Fwp%2Fv2%2Fmedia&parent=14343"}],"wp:term":[{"taxonomy":"category","embeddable":true,"href":"https:\/\/agromt.news\/index.php?rest_route=%2Fwp%2Fv2%2Fcategories&post=14343"},{"taxonomy":"post_tag","embeddable":true,"href":"https:\/\/agromt.news\/index.php?rest_route=%2Fwp%2Fv2%2Ftags&post=14343"}],"curies":[{"name":"wp","href":"https:\/\/api.w.org\/{rel}","templated":true}]}}