{"id":14336,"date":"2025-05-28T18:20:08","date_gmt":"2025-05-28T22:20:08","guid":{"rendered":"https:\/\/agromt.news\/?p=14336"},"modified":"2025-05-28T18:20:08","modified_gmt":"2025-05-28T22:20:08","slug":"irrigacao-e-armazenagem-necessitam-de-r-25-bi-ao-ano-do-plano-safra-diz-abimaq","status":"publish","type":"post","link":"https:\/\/agromt.news\/?p=14336","title":{"rendered":"Irriga\u00e7\u00e3o e armazenagem necessitam de R$ 25 bi ao ano do Plano Safra, diz Abimaq"},"content":{"rendered":"<p> <br \/>\n<br \/><img decoding=\"async\" src=\"https:\/\/agromt.news\/wp-content\/uploads\/2025\/05\/Irrigacao-e-armazenagem-necessitam-de-R-25-bi-ao-ano.jpg\" \/><\/p>\n<div>\n<p>Semin\u00e1rio que discutiu os poss\u00edveis direcionamentos do novo Plano Safra, promovido pela Associa\u00e7\u00e3o Brasileira de M\u00e1quinas <strong><a href=\"https:\/\/www.canalrural.com.br\/tag\/abimaq\/\">(Abimaq)<\/a><\/strong> nesta quarta-feira (28), em Bras\u00edlia, teve como destaque os investimentos necess\u00e1rios ao aumento da irriga\u00e7\u00e3o nas lavouras e a capacidade de armazenagem do pa\u00eds.<\/p>\n<p>De acordo com o presidente da entidade, Jos\u00e9 Velloso, a tecnologia permite elevar a produ\u00e7\u00e3o em tr\u00eas vezes sem, com isso, acrescer \u00e1rea plantada. <\/p>\n<p><iframe title=\"Abimaq debate cr\u00e9dito e tecnologia para fortalecer o agro\" width=\"800\" height=\"450\" src=\"https:\/\/www.youtube.com\/embed\/FVCDP6Vi-jA?feature=oembed\" frameborder=\"0\" allow=\"accelerometer; autoplay; clipboard-write; encrypted-media; gyroscope; picture-in-picture; web-share\" referrerpolicy=\"strict-origin-when-cross-origin\" allowfullscreen><\/iframe><noscript><iframe title=\"Abimaq debate cr\u00e9dito e tecnologia para fortalecer o agro\" width=\"800\" height=\"450\" src=\"https:\/\/www.youtube.com\/embed\/FVCDP6Vi-jA?feature=oembed\" frameborder=\"0\" allow=\"accelerometer; autoplay; clipboard-write; encrypted-media; gyroscope; picture-in-picture; web-share\" referrerpolicy=\"strict-origin-when-cross-origin\" allowfullscreen><\/iframe><\/noscript><\/p>\n<p>\u201cNo Brasil, temos apenas cerca de 9 milh\u00f5es de hectares irrigados. Precisar\u00edamos, em dez anos, dobrar essa \u00e1rea para chegar pr\u00f3ximo aos 20 milh\u00f5es de hectares irrigados\u201d. Para concretizar o plano, o executivo diz ser necess\u00e1rio investimento anual de R$ 10 bilh\u00f5es por ano. <\/p>\n<p>Outro foco do evento foram os aportes necess\u00e1rios a um antigo gargalo do setor: a armazenagem. \u201cNo ano de 2024, o pr\u00f3prio governo federal mexeu nas al\u00edquotas de importa\u00e7\u00e3o de gr\u00e3os para combater a infla\u00e7\u00e3o naquele aumento que estava havendo nas commodities [agr\u00edcolas]. Mas sem armazenagem, n\u00e3o adianta. O Brasil n\u00e3o tem como importar gr\u00e3os sem armazenagem, mas tamb\u00e9m n\u00e3o tem como armazenar a produ\u00e7\u00e3o para vender o gr\u00e3o no momento correto.\u201d<\/p>\n<\/div>\n<div>\n<p>Segundo ele, o aumento da capacidade de armazenagem de gr\u00e3os e cereais \u00e9 o ingrediente para o Brasil melhorar a qualidade do produto para exporta\u00e7\u00e3o e garantir que o agricultor tenha fluxo de caixa, n\u00e3o for\u00e7ando-o a vender em per\u00edodo de baixa por n\u00e3o ter onde guardar sua produ\u00e7\u00e3o.<\/p>\n<p>Para a Abimaq, seriam necess\u00e1rios R$ 15 bilh\u00f5es ao ano especificamente para a \u00e1rea de armazenagem. \u201cO plano Safra n\u00e3o vai ter toda essa condi\u00e7\u00e3o de todos esses recursos [somados aos R$ 10 bilh\u00f5es para irriga\u00e7\u00e3o]. No entanto, estamos esperando mais um recorde de Plano Safra nesse governo\u201d, finaliza Velloso.<\/p>\n<\/p><\/div>\n<p><br \/>\n<br \/><a href=\"https:\/\/www.canalrural.com.br\/agricultura\/irrigacao-e-armazenagem-necessitam-de-r-25-bi-ao-ano-do-plano-safra-diz-abimaq\/\">Source link <\/a><\/p>\n","protected":false},"excerpt":{"rendered":"<p>Semin\u00e1rio que discutiu os poss\u00edveis direcionamentos do novo Plano Safra, promovido pela Associa\u00e7\u00e3o Brasileira de M\u00e1quinas (Abimaq) nesta quarta-feira (28),<\/p>\n","protected":false},"author":1,"featured_media":14337,"comment_status":"open","ping_status":"open","sticky":false,"template":"","format":"standard","meta":{"_monsterinsights_skip_tracking":false,"_monsterinsights_sitenote_active":false,"_monsterinsights_sitenote_note":"","_monsterinsights_sitenote_category":0,"_uf_show_specific_survey":0,"_uf_disable_surveys":false,"footnotes":""},"categories":[1],"tags":[],"class_list":["post-14336","post","type-post","status-publish","format-standard","has-post-thumbnail","hentry","category-news"],"_links":{"self":[{"href":"https:\/\/agromt.news\/index.php?rest_route=\/wp\/v2\/posts\/14336"}],"collection":[{"href":"https:\/\/agromt.news\/index.php?rest_route=\/wp\/v2\/posts"}],"about":[{"href":"https:\/\/agromt.news\/index.php?rest_route=\/wp\/v2\/types\/post"}],"author":[{"embeddable":true,"href":"https:\/\/agromt.news\/index.php?rest_route=\/wp\/v2\/users\/1"}],"replies":[{"embeddable":true,"href":"https:\/\/agromt.news\/index.php?rest_route=%2Fwp%2Fv2%2Fcomments&post=14336"}],"version-history":[{"count":0,"href":"https:\/\/agromt.news\/index.php?rest_route=\/wp\/v2\/posts\/14336\/revisions"}],"wp:featuredmedia":[{"embeddable":true,"href":"https:\/\/agromt.news\/index.php?rest_route=\/wp\/v2\/media\/14337"}],"wp:attachment":[{"href":"https:\/\/agromt.news\/index.php?rest_route=%2Fwp%2Fv2%2Fmedia&parent=14336"}],"wp:term":[{"taxonomy":"category","embeddable":true,"href":"https:\/\/agromt.news\/index.php?rest_route=%2Fwp%2Fv2%2Fcategories&post=14336"},{"taxonomy":"post_tag","embeddable":true,"href":"https:\/\/agromt.news\/index.php?rest_route=%2Fwp%2Fv2%2Ftags&post=14336"}],"curies":[{"name":"wp","href":"https:\/\/api.w.org\/{rel}","templated":true}]}}